{"id":183393,"date":"2025-07-27T16:38:52","date_gmt":"2025-07-27T14:38:52","guid":{"rendered":"https:\/\/serbiantimes.info\/en\/?p=183393"},"modified":"2025-07-27T16:38:54","modified_gmt":"2025-07-27T14:38:54","slug":"vucic-fiercely-about-ruzic-the-president-of-serbia-said-that-the-former-minister-could-only-be-a-member-of-the-movement-that-fought-for-greater-albania","status":"publish","type":"post","link":"https:\/\/serbiantimes.info\/en\/vucic-fiercely-about-ruzic-the-president-of-serbia-said-that-the-former-minister-could-only-be-a-member-of-the-movement-that-fought-for-greater-albania\/","title":{"rendered":"VU\u010cI\u0106 FIERCELY ABOUT RU\u017dI\u0106: The president of Serbia said that the former minister could only be a member of the movement that fought for greater Albania!"},"content":{"rendered":"\n<p><strong><em>President Aleksandar Vu\u010di\u0107 stated today that SPS is a partner of SNS and that the Progressives have a correct relationship with the president of the Socialists, Ivica Da\u010di\u0107, but that SNS, as he said, &#8220;doesn&#8217;t call anyone and doesn&#8217;t beg anyone&#8221; when it comes to coalitions for the next elections.<\/em><\/strong><\/p>\n\n\n\n<p>Commenting on the statements of the suspended SPS official Branko Ru\u017ei\u0107 regarding the elections, Aleksandar Vu\u010di\u0107 said that he believes Ru\u017ei\u0107 will be satisfied, &#8220;as in all elections so far.&#8221; When asked if Ru\u017ei\u0107 commented on the SNS and SPS coalition, making, among other things, a parallel with the call to Chetniks in 1945, Vu\u010di\u0107 emphasized that they don&#8217;t call anyone and don&#8217;t beg anyone.<\/p>\n\n\n\n<p>Ru\u017ei\u0107, namely, told the newspaper &#8220;Danas&#8221; that he was &#8220;against the option of SPS being on the SNS list because it would mean that party sovereignty is subordinated to the SNS list.&#8221; When asked if Vu\u010di\u0107 would ask for SPS to be on the SNS list, what his stance on that would be, Ru\u017ei\u0107 replied:<\/p>\n\n\n\n<p>&#8220;My stance as an SPS member has long been known. I am against that option because it would mean that for the first time during 13 years of cooperation, we would subordinate our party sovereignty to the SNS list in parliamentary elections. And whether Vu\u010di\u0107 will ask for that in his capacity as an SNS member, I truly don&#8217;t know. As cruel as it sounds, &#8216;you don&#8217;t join the Chetniks in &#8217;45&#8217;,&#8221; he said.<\/p>\n\n\n\n<p>Reacting to Ru\u017ei\u0107&#8217;s statement, but also answering the question &#8220;will Zlatko Kokanovi\u0107 be arrested since he threatened bloodshed if there are no elections,&#8221; Vu\u010di\u0107 told reporters today that &#8220;they don&#8217;t call anyone and don&#8217;t beg anyone.&#8221;<\/p>\n\n\n\n<p>&#8220;And he never belonged to either the Chetniks or the Partisans, to anyone who would oppose the occupier. Another movement, Balli Komb\u00ebtar, was formed in 1943 in Kosovo, he could go to that movement, but he could never go to these other movements that fought against fascists and were patriotic, and many like him. It&#8217;s possible that they are big favorites &#8211; Ru\u017ei\u0107 and (Zlatko) Kokanovi\u0107. They would ban people of origin from the other side of the Drina from being in Serbia, even from voting and having a say,&#8221; Vu\u010di\u0107 said.<\/p>\n\n\n\n<h4 class=\"wp-block-heading\"><mark style=\"background-color:#FFFFFF;color:#d21414\" class=\"has-inline-color\">MORE TOPICS:<\/mark><\/h4>\n\n\n\n<p><strong><a href=\"https:\/\/serbiantimes.info\/en\/best-when-it-matters-most-ivana-spanovic-won-gold-in-the-last-series-at-the-balkan-triple-jump-championship\/\" target=\"_blank\" rel=\"noopener\" title=\"\">BEST WHEN IT MATTERS MOST: Ivana \u0160panovi\u0107 won gold in the last series at the Balkan triple jump championship!<\/a><\/strong><\/p>\n\n\n\n<p><strong><a href=\"https:\/\/serbiantimes.info\/en\/attempted-intimidation-an-explosive-device-thrown-into-the-yard-of-a-students-house-from-sapac\/\" target=\"_blank\" rel=\"noopener\" title=\"\">ATTEMPTED INTIMIDATION: An explosive device thrown into the yard of a student\u2019s house from \u0160apac!<\/a><\/strong><\/p>\n\n\n\n<p><strong><a href=\"https:\/\/serbiantimes.info\/en\/dacic-about-police-officers-they-are-not-police-officers-who-come-to-work-and-cant-wait-to-beat-someone\/\" target=\"_blank\" rel=\"noopener\" title=\"\">DA\u010cI\u0106 ABOUT POLICE OFFICERS: They are not police officers who come to work and can\u2019t wait to beat someone!<\/a><\/strong><\/p>\n\n\n\n<p><strong><a href=\"https:\/\/serbiantimes.info\/en\/collapse-at-denver-airport-plane-with-179-passengers-caught-fire-before-takeoff-more-than-240-flights-canceled-video\/\" target=\"_blank\" rel=\"noopener\" title=\"\">COLLAPSE AT DENVER AIRPORT: Plane with 179 passengers caught fire before takeoff, more than 240 flights canceled! (VIDEO)<\/a><\/strong><\/p>\n\n\n\n<p><strong><a href=\"https:\/\/serbiantimes.info\/en\/rusi-ljuti-zbog-izjave-ministra-starovica-oglasio-se-i-vucic-o-tome-da-je-srbija-spremna-da-uvede-sankcije-rusiji-zbog-ulaska-u-eu\/\" target=\"_blank\" rel=\"noopener\" title=\"\">RUSSIANS ANGRY BECAUSE OF MINISTER STAROVI\u0106\u2019S STATEMENT: Vu\u010di\u0107 also spoke about Serbia being ready to impose sanctions on Russia due to EU accession!<\/a><\/strong><\/p>\n\n\n\n<p><strong><strong>Source<\/strong>:<\/strong> NIN,<strong> Photo: <\/strong>Ata images<\/p>\n","protected":false},"excerpt":{"rendered":"<p>President Aleksandar Vu\u010di\u0107 stated today that SPS is a partner of SNS and that the Progressives have a correct relationship with the president of the Socialists, Ivica Da\u010di\u0107, but that SNS, as he said, &#8220;doesn&#8217;t call anyone and doesn&#8217;t beg anyone&#8221; when it comes to coalitions for the next elections. Commenting on the statements of [&hellip;]<\/p>\n","protected":false},"author":2169,"featured_media":183394,"comment_status":"open","ping_status":"open","sticky":false,"template":"","format":"standard","meta":{"newspack_featured_image_position":"","newspack_post_subtitle":"","newspack_article_summary_title":"Overview:","newspack_article_summary":"","newspack_hide_updated_date":false,"newspack_show_updated_date":false,"footnotes":""},"categories":[7],"tags":[3019,856,5710,5567,2826,683],"class_list":["post-183393","post","type-post","status-publish","format-standard","has-post-thumbnail","hentry","category-serbia","tag-albanci","tag-aleksandar-vucic","tag-cetnici","tag-partizani","tag-sps","tag-velika-albanija","entry"],"aioseo_notices":[],"distributor_meta":false,"distributor_terms":false,"distributor_media":false,"distributor_original_site_name":"Serbiantimes.info EN","distributor_original_site_url":"https:\/\/serbiantimes.info\/en","push-errors":false,"_links":{"self":[{"href":"https:\/\/serbiantimes.info\/en\/wp-json\/wp\/v2\/posts\/183393","targetHints":{"allow":["GET"]}}],"collection":[{"href":"https:\/\/serbiantimes.info\/en\/wp-json\/wp\/v2\/posts"}],"about":[{"href":"https:\/\/serbiantimes.info\/en\/wp-json\/wp\/v2\/types\/post"}],"author":[{"embeddable":true,"href":"https:\/\/serbiantimes.info\/en\/wp-json\/wp\/v2\/users\/2169"}],"replies":[{"embeddable":true,"href":"https:\/\/serbiantimes.info\/en\/wp-json\/wp\/v2\/comments?post=183393"}],"version-history":[{"count":1,"href":"https:\/\/serbiantimes.info\/en\/wp-json\/wp\/v2\/posts\/183393\/revisions"}],"predecessor-version":[{"id":183422,"href":"https:\/\/serbiantimes.info\/en\/wp-json\/wp\/v2\/posts\/183393\/revisions\/183422"}],"wp:featuredmedia":[{"embeddable":true,"href":"https:\/\/serbiantimes.info\/en\/wp-json\/wp\/v2\/media\/183394"}],"wp:attachment":[{"href":"https:\/\/serbiantimes.info\/en\/wp-json\/wp\/v2\/media?parent=183393"}],"wp:term":[{"taxonomy":"category","embeddable":true,"href":"https:\/\/serbiantimes.info\/en\/wp-json\/wp\/v2\/categories?post=183393"},{"taxonomy":"post_tag","embeddable":true,"href":"https:\/\/serbiantimes.info\/en\/wp-json\/wp\/v2\/tags?post=183393"}],"curies":[{"name":"wp","href":"https:\/\/api.w.org\/{rel}","templated":true}]}}