{"id":183392,"date":"2025-07-27T16:38:50","date_gmt":"2025-07-27T14:38:50","guid":{"rendered":"https:\/\/serbiantimes.info\/en\/?p=183392"},"modified":"2025-07-27T16:38:51","modified_gmt":"2025-07-27T14:38:51","slug":"man-killed-in-uzice-mans-body-found-on-a-plateau-in-the-city-center","status":"publish","type":"post","link":"https:\/\/serbiantimes.info\/en\/man-killed-in-uzice-mans-body-found-on-a-plateau-in-the-city-center\/","title":{"rendered":"MAN KILLED IN U\u017dICE: Man&#8217;s body found on a plateau in the city center!"},"content":{"rendered":"\n<p><strong><em>In the morning hours, the body of a man was found on the plateau in front of a building on Nikola Pa\u0161i\u0107 Street in Rakijska Pijaca in U\u017eice, not far from a catering establishment.<\/em><\/strong><\/p>\n\n\n\n<p>For now, the identity has not been determined, and it is presumed to be a man between 21 and 31 years old.<\/p>\n\n\n\n<p>\u2013 Injuries are visible on the body, and the body has been sent for an autopsy. It is presumed that death occurred violently last night, and the body was found this morning around 4 AM. Emergency services and the police arrived. The investigation is ongoing, and cameras from nearby establishments have also been taken \u2013 says a source close to the investigation.<\/p>\n\n\n\n<p>A resident of the building says she heard the police early this morning and saw the body.<\/p>\n\n\n\n<p>The investigation is underway to determine the man&#8217;s identity.<\/p>\n\n\n\n<h4 class=\"wp-block-heading\"><mark style=\"background-color:#FFFFFF;color:#d21414\" class=\"has-inline-color\">MORE TOPICS:<\/mark><\/h4>\n\n\n\n<p><strong><a href=\"https:\/\/serbiantimes.info\/en\/best-when-it-matters-most-ivana-spanovic-won-gold-in-the-last-series-at-the-balkan-triple-jump-championship\/\" target=\"_blank\" rel=\"noopener\" title=\"\">BEST WHEN IT MATTERS MOST: Ivana \u0160panovi\u0107 won gold in the last series at the Balkan triple jump championship!<\/a><\/strong><\/p>\n\n\n\n<p><strong><a href=\"https:\/\/serbiantimes.info\/en\/attempted-intimidation-an-explosive-device-thrown-into-the-yard-of-a-students-house-from-sapac\/\" target=\"_blank\" rel=\"noopener\" title=\"\">ATTEMPTED INTIMIDATION: An explosive device thrown into the yard of a student\u2019s house from \u0160apac!<\/a><\/strong><\/p>\n\n\n\n<p><strong><a href=\"https:\/\/serbiantimes.info\/en\/dacic-about-police-officers-they-are-not-police-officers-who-come-to-work-and-cant-wait-to-beat-someone\/\" target=\"_blank\" rel=\"noopener\" title=\"\">DA\u010cI\u0106 ABOUT POLICE OFFICERS: They are not police officers who come to work and can\u2019t wait to beat someone!<\/a><\/strong><\/p>\n\n\n\n<p><strong><a href=\"https:\/\/serbiantimes.info\/en\/collapse-at-denver-airport-plane-with-179-passengers-caught-fire-before-takeoff-more-than-240-flights-canceled-video\/\" target=\"_blank\" rel=\"noopener\" title=\"\">COLLAPSE AT DENVER AIRPORT: Plane with 179 passengers caught fire before takeoff, more than 240 flights canceled! (VIDEO)<\/a><\/strong><\/p>\n\n\n\n<p><strong><a href=\"https:\/\/serbiantimes.info\/en\/rusi-ljuti-zbog-izjave-ministra-starovica-oglasio-se-i-vucic-o-tome-da-je-srbija-spremna-da-uvede-sankcije-rusiji-zbog-ulaska-u-eu\/\" target=\"_blank\" rel=\"noopener\" title=\"\">RUSSIANS ANGRY BECAUSE OF MINISTER STAROVI\u0106\u2019S STATEMENT: Vu\u010di\u0107 also spoke about Serbia being ready to impose sanctions on Russia due to EU accession!<\/a><\/strong><\/p>\n\n\n\n<p><strong><strong>Source<\/strong>:<\/strong>\u00a0Telegraf ,<strong>\u00a0Photo<\/strong>: RINA<\/p>\n","protected":false},"excerpt":{"rendered":"<p>In the morning hours, the body of a man was found on the plateau in front of a building on Nikola Pa\u0161i\u0107 Street in Rakijska Pijaca in U\u017eice, not far from a catering establishment. For now, the identity has not been determined, and it is presumed to be a man between 21 and 31 years [&hellip;]<\/p>\n","protected":false},"author":2169,"featured_media":166745,"comment_status":"open","ping_status":"open","sticky":false,"template":"","format":"standard","meta":{"newspack_featured_image_position":"","newspack_post_subtitle":"","newspack_article_summary_title":"Overview:","newspack_article_summary":"","newspack_hide_updated_date":false,"newspack_show_updated_date":false,"footnotes":""},"categories":[7],"tags":[1519,478,262,4596],"class_list":["post-183392","post","type-post","status-publish","format-standard","has-post-thumbnail","hentry","category-serbia","tag-istraga","tag-policija","tag-tragedija","tag-uzice","entry"],"aioseo_notices":[],"distributor_meta":false,"distributor_terms":false,"distributor_media":false,"distributor_original_site_name":"Serbiantimes.info EN","distributor_original_site_url":"https:\/\/serbiantimes.info\/en","push-errors":false,"_links":{"self":[{"href":"https:\/\/serbiantimes.info\/en\/wp-json\/wp\/v2\/posts\/183392","targetHints":{"allow":["GET"]}}],"collection":[{"href":"https:\/\/serbiantimes.info\/en\/wp-json\/wp\/v2\/posts"}],"about":[{"href":"https:\/\/serbiantimes.info\/en\/wp-json\/wp\/v2\/types\/post"}],"author":[{"embeddable":true,"href":"https:\/\/serbiantimes.info\/en\/wp-json\/wp\/v2\/users\/2169"}],"replies":[{"embeddable":true,"href":"https:\/\/serbiantimes.info\/en\/wp-json\/wp\/v2\/comments?post=183392"}],"version-history":[{"count":1,"href":"https:\/\/serbiantimes.info\/en\/wp-json\/wp\/v2\/posts\/183392\/revisions"}],"predecessor-version":[{"id":183421,"href":"https:\/\/serbiantimes.info\/en\/wp-json\/wp\/v2\/posts\/183392\/revisions\/183421"}],"wp:featuredmedia":[{"embeddable":true,"href":"https:\/\/serbiantimes.info\/en\/wp-json\/wp\/v2\/media\/166745"}],"wp:attachment":[{"href":"https:\/\/serbiantimes.info\/en\/wp-json\/wp\/v2\/media?parent=183392"}],"wp:term":[{"taxonomy":"category","embeddable":true,"href":"https:\/\/serbiantimes.info\/en\/wp-json\/wp\/v2\/categories?post=183392"},{"taxonomy":"post_tag","embeddable":true,"href":"https:\/\/serbiantimes.info\/en\/wp-json\/wp\/v2\/tags?post=183392"}],"curies":[{"name":"wp","href":"https:\/\/api.w.org\/{rel}","templated":true}]}}