{"id":183388,"date":"2025-07-27T16:31:10","date_gmt":"2025-07-27T14:31:10","guid":{"rendered":"https:\/\/serbiantimes.info\/en\/?p=183388"},"modified":"2025-07-27T16:32:11","modified_gmt":"2025-07-27T14:32:11","slug":"rusi-ljuti-zbog-izjave-ministra-starovica-oglasio-se-i-vucic-o-tome-da-je-srbija-spremna-da-uvede-sankcije-rusiji-zbog-ulaska-u-eu","status":"publish","type":"post","link":"https:\/\/serbiantimes.info\/en\/rusi-ljuti-zbog-izjave-ministra-starovica-oglasio-se-i-vucic-o-tome-da-je-srbija-spremna-da-uvede-sankcije-rusiji-zbog-ulaska-u-eu\/","title":{"rendered":"RUSSIANS ANGRY BECAUSE OF MINISTER STAROVI\u0106&#8217;S STATEMENT: Vu\u010di\u0107 also spoke about Serbia being ready to impose sanctions on Russia due to EU accession!"},"content":{"rendered":"\n<p><strong><em>The President of Serbia, Aleksandar Vu\u010di\u0107, visited today the Center for Palliative Care of the Clinic for Pulmonology of the University Clinical Center of Serbia (UKCS), which is located within the former COVID hospital in Batajnica, and which will admit its first patients on Monday.<\/em><\/strong><\/p>\n\n\n\n<p>Commenting on the statement by the Minister for European Integration, Nemanja Starovi\u0107, that Serbia is ready to impose sanctions on Russia a few months before joining the EU, the President of Serbia, Aleksandar Vu\u010di\u0107, stated that there would be no sanctions against Russia and that the principled policy would not change.<\/p>\n\n\n\n<p>&#8220;Minister Starovi\u0107 spoke a bit differently, but he certainly spoke carelessly. I am sorry that our friends in the Russian media can&#8217;t wait to find something to criticize Serbia for. I am sorry that we have many people on our political scene who are quicker to jump to defend Russians than they would ever jump to defend Serbia. I must disappoint them, Serbia will not impose sanctions on Russia, Serbia is not changing its principled policy, we will continue with an independent policy even if many do not like it either in the West or in the East,&#8221; Vu\u010di\u0107 specified.<\/p>\n\n\n\n<h4 class=\"wp-block-heading\"><mark style=\"background-color:#FFFFFF;color:#d21414\" class=\"has-inline-color\">MORE TOPICS:<\/mark><\/h4>\n\n\n\n<p><strong><a href=\"https:\/\/serbiantimes.info\/en\/he-stole-nato-plans-for-bombing-yugoslavia-this-is-the-story-of-pierre-henri-bunel-the-french-officer-who-sacrificed-his-military-career-for-the-serbs\/\" target=\"_blank\" rel=\"noopener\" title=\"\">HE STOLE NATO PLANS FOR BOMBING YUGOSLAVIA: This is the Story of Pierre-Henri Bunel, the French Officer Who Sacrificed His Military Career for the Serbs!<\/a><\/strong><\/p>\n\n\n\n<p><strong><a href=\"https:\/\/serbiantimes.info\/en\/trump-accuses-democrats-they-launched-the-epstein-affair-to-divert-attention-from-americas-golden-age\/\" target=\"_blank\" rel=\"noopener\" title=\"\">TRUMP ACCUSES DEMOCRATS: \u201cThey Launched the Epstein Affair to Divert Attention from America\u2019s Golden Age\u201d!<\/a><\/strong><\/p>\n\n\n\n<p><strong><a href=\"https:\/\/serbiantimes.info\/en\/chaos-in-bulgaria-boxer-copies-tyson-and-brutally-bites-off-half-his-opponents-ear-disturbing-video\/\" target=\"_blank\" rel=\"noopener\" title=\"\">CHAOS IN BULGARIA: Boxer Copies Tyson and Brutally Bites Off Half His Opponent\u2019s Ear! (DISTURBING VIDEO)<\/a><\/strong><\/p>\n\n\n\n<p><strong><strong>Source<\/strong>:<\/strong>\u00a0 Politika ,<strong>\u00a0Photo<\/strong>: Printscreen Instagram @buducnostsrbijeav<\/p>\n","protected":false},"excerpt":{"rendered":"<p>The President of Serbia, Aleksandar Vu\u010di\u0107, visited today the Center for Palliative Care of the Clinic for Pulmonology of the University Clinical Center of Serbia (UKCS), which is located within the former COVID hospital in Batajnica, and which will admit its first patients on Monday. Commenting on the statement by the Minister for European Integration, [&hellip;]<\/p>\n","protected":false},"author":2169,"featured_media":179877,"comment_status":"open","ping_status":"open","sticky":false,"template":"","format":"standard","meta":{"newspack_featured_image_position":"","newspack_post_subtitle":"","newspack_article_summary_title":"Overview:","newspack_article_summary":"","newspack_hide_updated_date":false,"newspack_show_updated_date":false,"footnotes":""},"categories":[7],"tags":[856,6137,351,4455,738,113],"class_list":["post-183388","post","type-post","status-publish","format-standard","has-post-thumbnail","hentry","category-serbia","tag-aleksandar-vucic","tag-batajnica","tag-eu","tag-nemanja-starovic","tag-rusija","tag-srbija","entry"],"aioseo_notices":[],"distributor_meta":false,"distributor_terms":false,"distributor_media":false,"distributor_original_site_name":"Serbiantimes.info EN","distributor_original_site_url":"https:\/\/serbiantimes.info\/en","push-errors":false,"_links":{"self":[{"href":"https:\/\/serbiantimes.info\/en\/wp-json\/wp\/v2\/posts\/183388","targetHints":{"allow":["GET"]}}],"collection":[{"href":"https:\/\/serbiantimes.info\/en\/wp-json\/wp\/v2\/posts"}],"about":[{"href":"https:\/\/serbiantimes.info\/en\/wp-json\/wp\/v2\/types\/post"}],"author":[{"embeddable":true,"href":"https:\/\/serbiantimes.info\/en\/wp-json\/wp\/v2\/users\/2169"}],"replies":[{"embeddable":true,"href":"https:\/\/serbiantimes.info\/en\/wp-json\/wp\/v2\/comments?post=183388"}],"version-history":[{"count":2,"href":"https:\/\/serbiantimes.info\/en\/wp-json\/wp\/v2\/posts\/183388\/revisions"}],"predecessor-version":[{"id":183411,"href":"https:\/\/serbiantimes.info\/en\/wp-json\/wp\/v2\/posts\/183388\/revisions\/183411"}],"wp:featuredmedia":[{"embeddable":true,"href":"https:\/\/serbiantimes.info\/en\/wp-json\/wp\/v2\/media\/179877"}],"wp:attachment":[{"href":"https:\/\/serbiantimes.info\/en\/wp-json\/wp\/v2\/media?parent=183388"}],"wp:term":[{"taxonomy":"category","embeddable":true,"href":"https:\/\/serbiantimes.info\/en\/wp-json\/wp\/v2\/categories?post=183388"},{"taxonomy":"post_tag","embeddable":true,"href":"https:\/\/serbiantimes.info\/en\/wp-json\/wp\/v2\/tags?post=183388"}],"curies":[{"name":"wp","href":"https:\/\/api.w.org\/{rel}","templated":true}]}}