{"id":183274,"date":"2025-07-25T15:32:08","date_gmt":"2025-07-25T13:32:08","guid":{"rendered":"https:\/\/serbiantimes.info\/en\/?p=183274"},"modified":"2025-07-25T15:32:09","modified_gmt":"2025-07-25T13:32:09","slug":"big-day-for-serbian-community-in-hamburg-agreement-signed-for-plot-acquisition-at-ohlsdorf-cemetery","status":"publish","type":"post","link":"https:\/\/serbiantimes.info\/en\/big-day-for-serbian-community-in-hamburg-agreement-signed-for-plot-acquisition-at-ohlsdorf-cemetery\/","title":{"rendered":"BIG DAY FOR SERBIAN COMMUNITY IN HAMBURG: Agreement Signed for Plot Acquisition at Ohlsdorf Cemetery!"},"content":{"rendered":"\n<p>On Saturday, July 19, 2025, an agreement was officially signed between Hamburg&#8217;s <strong>Ohlsdorf Cemetery<\/strong> and the <strong>Church Municipality of Hamburg<\/strong> for the acquisition and arrangement of a plot to serve the burial needs of members of the Serbian Orthodox community in Hamburg.<\/p>\n\n\n\n<p>On behalf of Ohlsdorf Cemetery, the agreement was signed by Ms. <strong>Anja Wiebke<\/strong>, and on behalf of the Church Municipality, by Mr. <strong>Ranko Veselinovi\u0107<\/strong>, president of the church board of directors.<\/p>\n\n\n\n<p><\/p>\n\n\n\n<figure class=\"wp-block-image size-large\"><img loading=\"lazy\" decoding=\"async\" width=\"1024\" height=\"640\" src=\"http:\/\/serbiantimes.info\/wp-content\/uploads\/sites\/2\/2025\/07\/ST-Montaze-37-1024x640.jpg\" alt=\"\" class=\"wp-image-183275\" srcset=\"https:\/\/serbiantimes.info\/en\/wp-content\/uploads\/sites\/2\/2025\/07\/ST-Montaze-37-1024x640.jpg 1024w, https:\/\/serbiantimes.info\/en\/wp-content\/uploads\/sites\/2\/2025\/07\/ST-Montaze-37-300x188.jpg 300w, https:\/\/serbiantimes.info\/en\/wp-content\/uploads\/sites\/2\/2025\/07\/ST-Montaze-37-768x480.jpg 768w, https:\/\/serbiantimes.info\/en\/wp-content\/uploads\/sites\/2\/2025\/07\/ST-Montaze-37-400x250.jpg 400w, https:\/\/serbiantimes.info\/en\/wp-content\/uploads\/sites\/2\/2025\/07\/ST-Montaze-37.jpg 1200w\" sizes=\"auto, (max-width: 1024px) 100vw, 1024px\" \/><\/figure>\n\n\n\n<p>The aforementioned plot was symbolically and ceremoniously handed over to our community last year, prior to the grand consecration of the <strong>Holy Archangel Michael Church<\/strong>, in the presence of His Holiness the Serbian Patriarch Mr. <strong>Porfirije<\/strong> and German Metropolitan <strong>Grigorije<\/strong>. In the interim, the future appearance of the plot has been meticulously agreed upon. It will be marked by signposts on the main cemetery roads and enriched with a large memorial cross that will dominate the plot, as well as appropriate amenities (stone tables, benches, and suitably landscaped green areas).<\/p>\n\n\n\n<figure class=\"wp-block-image size-large\"><img loading=\"lazy\" decoding=\"async\" width=\"1024\" height=\"640\" src=\"http:\/\/serbiantimes.info\/wp-content\/uploads\/sites\/2\/2025\/07\/ST-Montaze-36-1024x640.jpg\" alt=\"\" class=\"wp-image-183276\" srcset=\"https:\/\/serbiantimes.info\/en\/wp-content\/uploads\/sites\/2\/2025\/07\/ST-Montaze-36-1024x640.jpg 1024w, https:\/\/serbiantimes.info\/en\/wp-content\/uploads\/sites\/2\/2025\/07\/ST-Montaze-36-300x188.jpg 300w, https:\/\/serbiantimes.info\/en\/wp-content\/uploads\/sites\/2\/2025\/07\/ST-Montaze-36-768x480.jpg 768w, https:\/\/serbiantimes.info\/en\/wp-content\/uploads\/sites\/2\/2025\/07\/ST-Montaze-36-400x250.jpg 400w, https:\/\/serbiantimes.info\/en\/wp-content\/uploads\/sites\/2\/2025\/07\/ST-Montaze-36.jpg 1200w\" sizes=\"auto, (max-width: 1024px) 100vw, 1024px\" \/><\/figure>\n\n\n\n<p>Ohlsdorf Cemetery is the largest park cemetery in the world, and with its design and cultivation of a culture of remembrance, it truly represents a place of floral beauty and repose.<\/p>\n\n\n\n<h4 class=\"wp-block-heading\"><mark style=\"background-color:#FFFFFF;color:#d21414\" class=\"has-inline-color\">MORE TOPICS:<\/mark><\/h4>\n\n\n\n<p><strong><a href=\"https:\/\/serbiantimes.info\/en\/heroes-of-our-time-serbian-firefighters-extinguished-more-than-1400-fires-in-10-days-saved-the-lives-of-15-people\/\" target=\"_blank\" rel=\"noopener\" title=\"\">HEROES OF OUR TIME: Serbian firefighters extinguished more than 1,400 fires in 10 days, saved the lives of 15 people!<\/a><\/strong><\/p>\n\n\n\n<p><strong><a href=\"https:\/\/serbiantimes.info\/en\/invincible-serbian-voivode-170-years-since-the-birth-of-the-legendary-zivojin-misic\/\" target=\"_blank\" rel=\"noopener\" title=\"\">INVINCIBLE SERBIAN VOIVODE: 170 years since the birth of the legendary \u017divojin Mi\u0161i\u0107!<\/a><\/strong><\/p>\n\n\n\n<p><strong><a href=\"https:\/\/serbiantimes.info\/en\/serbian-delusion-or-fate-the-corfu-declaration-was-an-introduction-to-the-formation-of-the-kingdom-of-serbs-croats-and-slovenes\/\" target=\"_blank\" rel=\"noopener\" title=\"\">SERBIAN DELUSION OR FATE: The Corfu Declaration was an introduction to the formation of the Kingdom of Serbs, Croats and Slovenes!<\/a><\/strong><\/p>\n\n\n\n<p><strong><a href=\"https:\/\/serbiantimes.info\/en\/the-gold-harvest-continues-adriana-vilagos-will-also-listen-to-the-anthem-as-european-champion\/\" target=\"_blank\" rel=\"noopener\" title=\"\">THE GOLD HARVEST CONTINUES: Adriana Vilago\u0161 will also listen to the anthem as European champion!<\/a><\/strong><\/p>\n\n\n\n<p><strong><a href=\"https:\/\/serbiantimes.info\/en\/our-pride-our-glory-angelina-topic-is-the-new-european-champion\/\" target=\"_blank\" rel=\"noopener\" title=\"\">OUR PRIDE, OUR GLORY! Angelina Topi\u0107 is the new European champion!<\/a><\/strong><\/p>\n\n\n\n<p><strong><strong>Source<\/strong>:<\/strong> Rasejanje; <strong>Foto<\/strong>: CO Hamburg<\/p>\n","protected":false},"excerpt":{"rendered":"<p>On Saturday, July 19, 2025, an agreement was officially signed between Hamburg&#8217;s Ohlsdorf Cemetery and the Church Municipality of Hamburg for the acquisition and arrangement of a plot to serve the burial needs of members of the Serbian Orthodox community in Hamburg. On behalf of Ohlsdorf Cemetery, the agreement was signed by Ms. Anja Wiebke, [&hellip;]<\/p>\n","protected":false},"author":2169,"featured_media":183277,"comment_status":"open","ping_status":"open","sticky":false,"template":"","format":"standard","meta":{"newspack_featured_image_position":"","newspack_post_subtitle":"","newspack_article_summary_title":"Overview:","newspack_article_summary":"","newspack_hide_updated_date":false,"newspack_show_updated_date":false,"footnotes":""},"categories":[5],"tags":[7766,7767,4613,90,240,7768,3236,113,295,2243],"class_list":["post-183274","post","type-post","status-publish","format-standard","has-post-thumbnail","hentry","category-diaspora","tag-anja-viblke","tag-groblje-olsdorf","tag-hamburg","tag-nemacka","tag-pravoslavlje","tag-ranko-veselinovic","tag-srbi-u-nemackoj","tag-srbija","tag-srpska-dijaspora","tag-srpska-pravoslavna-crkva","entry"],"aioseo_notices":[],"distributor_meta":false,"distributor_terms":false,"distributor_media":false,"distributor_original_site_name":"Serbiantimes.info EN","distributor_original_site_url":"https:\/\/serbiantimes.info\/en","push-errors":false,"_links":{"self":[{"href":"https:\/\/serbiantimes.info\/en\/wp-json\/wp\/v2\/posts\/183274","targetHints":{"allow":["GET"]}}],"collection":[{"href":"https:\/\/serbiantimes.info\/en\/wp-json\/wp\/v2\/posts"}],"about":[{"href":"https:\/\/serbiantimes.info\/en\/wp-json\/wp\/v2\/types\/post"}],"author":[{"embeddable":true,"href":"https:\/\/serbiantimes.info\/en\/wp-json\/wp\/v2\/users\/2169"}],"replies":[{"embeddable":true,"href":"https:\/\/serbiantimes.info\/en\/wp-json\/wp\/v2\/comments?post=183274"}],"version-history":[{"count":3,"href":"https:\/\/serbiantimes.info\/en\/wp-json\/wp\/v2\/posts\/183274\/revisions"}],"predecessor-version":[{"id":183287,"href":"https:\/\/serbiantimes.info\/en\/wp-json\/wp\/v2\/posts\/183274\/revisions\/183287"}],"wp:featuredmedia":[{"embeddable":true,"href":"https:\/\/serbiantimes.info\/en\/wp-json\/wp\/v2\/media\/183277"}],"wp:attachment":[{"href":"https:\/\/serbiantimes.info\/en\/wp-json\/wp\/v2\/media?parent=183274"}],"wp:term":[{"taxonomy":"category","embeddable":true,"href":"https:\/\/serbiantimes.info\/en\/wp-json\/wp\/v2\/categories?post=183274"},{"taxonomy":"post_tag","embeddable":true,"href":"https:\/\/serbiantimes.info\/en\/wp-json\/wp\/v2\/tags?post=183274"}],"curies":[{"name":"wp","href":"https:\/\/api.w.org\/{rel}","templated":true}]}}