{"id":183267,"date":"2025-07-25T15:35:16","date_gmt":"2025-07-25T13:35:16","guid":{"rendered":"https:\/\/serbiantimes.info\/en\/?p=183267"},"modified":"2025-07-25T15:35:17","modified_gmt":"2025-07-25T13:35:17","slug":"police-detain-three-protesters-in-valjevo-one-cited-some-sought-at-work","status":"publish","type":"post","link":"https:\/\/serbiantimes.info\/en\/police-detain-three-protesters-in-valjevo-one-cited-some-sought-at-work\/","title":{"rendered":"POLICE DETAIN THREE PROTESTERS IN VALJEVO, ONE CITED; SOME SOUGHT AT WORK!"},"content":{"rendered":"\n<p>Following incidents that occurred last night in front of the <strong>SNS (Serbian Progressive Party)<\/strong> premises in Valjevo, police have been detaining protest participants since this morning. So far, three individuals have been taken into custody, and one has been released with a misdemeanor charge, a reporter from the city states.<\/p>\n\n\n\n<p>N1 reporter <strong>Sanja Dove\u010der<\/strong> from Valjevo reported that <strong>Zoran Nikoli\u0107<\/strong> was detained and will be questioned tomorrow, while the participant who drove a tractor at the protest was released with a misdemeanor order. <strong>Radivoje Radivojevi\u0107<\/strong> was also detained and, unofficially, has already been ordered to be held for 48 hours, along with a young man who cycled from \u0160abac to Valjevo. He is also expected to be brought to the police administration in Valjevo.<\/p>\n\n\n\n<p>The reporter also highlighted that police sought a number of protest participants at their workplaces and homes this morning.<\/p>\n\n\n\n<p>There are no official statements from the <strong>Ministry of Internal Affairs (MUP)<\/strong>.<\/p>\n\n\n\n<p>SNS activists were also present at the police station. They had thrown eggs and water bottles at the protest participants, which subsequently led to the incidents.<\/p>\n\n\n\n<h4 class=\"wp-block-heading\"><mark style=\"background-color:#FFFFFF;color:#d21414\" class=\"has-inline-color\">MORE TOPICS:<\/mark><\/h4>\n\n\n\n<p><strong><a href=\"https:\/\/serbiantimes.info\/en\/heroes-of-our-time-serbian-firefighters-extinguished-more-than-1400-fires-in-10-days-saved-the-lives-of-15-people\/\" target=\"_blank\" rel=\"noopener\" title=\"\">HEROES OF OUR TIME: Serbian firefighters extinguished more than 1,400 fires in 10 days, saved the lives of 15 people!<\/a><\/strong><\/p>\n\n\n\n<p><strong><a href=\"https:\/\/serbiantimes.info\/en\/invincible-serbian-voivode-170-years-since-the-birth-of-the-legendary-zivojin-misic\/\" target=\"_blank\" rel=\"noopener\" title=\"\">INVINCIBLE SERBIAN VOIVODE: 170 years since the birth of the legendary \u017divojin Mi\u0161i\u0107!<\/a><\/strong><\/p>\n\n\n\n<p><strong><a href=\"https:\/\/serbiantimes.info\/en\/serbian-delusion-or-fate-the-corfu-declaration-was-an-introduction-to-the-formation-of-the-kingdom-of-serbs-croats-and-slovenes\/\" target=\"_blank\" rel=\"noopener\" title=\"\">SERBIAN DELUSION OR FATE: The Corfu Declaration was an introduction to the formation of the Kingdom of Serbs, Croats and Slovenes!<\/a><\/strong><\/p>\n\n\n\n<p><strong><a href=\"https:\/\/serbiantimes.info\/en\/the-gold-harvest-continues-adriana-vilagos-will-also-listen-to-the-anthem-as-european-champion\/\" target=\"_blank\" rel=\"noopener\" title=\"\">THE GOLD HARVEST CONTINUES: Adriana Vilago\u0161 will also listen to the anthem as European champion!<\/a><\/strong><\/p>\n\n\n\n<p><strong><a href=\"https:\/\/serbiantimes.info\/en\/our-pride-our-glory-angelina-topic-is-the-new-european-champion\/\" target=\"_blank\" rel=\"noopener\" title=\"\">OUR PRIDE, OUR GLORY! Angelina Topi\u0107 is the new European champion!<\/a><\/strong><\/p>\n\n\n\n<p><strong><strong>Source<\/strong>:<\/strong> N1; <strong>Foto<\/strong>: N1<\/p>\n","protected":false},"excerpt":{"rendered":"<p>Following incidents that occurred last night in front of the SNS (Serbian Progressive Party) premises in Valjevo, police have been detaining protest participants since this morning. So far, three individuals have been taken into custody, and one has been released with a misdemeanor charge, a reporter from the city states. N1 reporter Sanja Dove\u010der from [&hellip;]<\/p>\n","protected":false},"author":2169,"featured_media":183268,"comment_status":"open","ping_status":"open","sticky":false,"template":"","format":"standard","meta":{"newspack_featured_image_position":"","newspack_post_subtitle":"","newspack_article_summary_title":"Overview:","newspack_article_summary":"","newspack_hide_updated_date":false,"newspack_show_updated_date":false,"footnotes":""},"categories":[7],"tags":[478,1960,5536,113,6245],"class_list":["post-183267","post","type-post","status-publish","format-standard","has-post-thumbnail","hentry","category-serbia","tag-policija","tag-privodenje","tag-protesti-u-srbiji","tag-srbija","tag-valjevo","entry"],"aioseo_notices":[],"distributor_meta":false,"distributor_terms":false,"distributor_media":false,"distributor_original_site_name":"Serbiantimes.info EN","distributor_original_site_url":"https:\/\/serbiantimes.info\/en","push-errors":false,"_links":{"self":[{"href":"https:\/\/serbiantimes.info\/en\/wp-json\/wp\/v2\/posts\/183267","targetHints":{"allow":["GET"]}}],"collection":[{"href":"https:\/\/serbiantimes.info\/en\/wp-json\/wp\/v2\/posts"}],"about":[{"href":"https:\/\/serbiantimes.info\/en\/wp-json\/wp\/v2\/types\/post"}],"author":[{"embeddable":true,"href":"https:\/\/serbiantimes.info\/en\/wp-json\/wp\/v2\/users\/2169"}],"replies":[{"embeddable":true,"href":"https:\/\/serbiantimes.info\/en\/wp-json\/wp\/v2\/comments?post=183267"}],"version-history":[{"count":2,"href":"https:\/\/serbiantimes.info\/en\/wp-json\/wp\/v2\/posts\/183267\/revisions"}],"predecessor-version":[{"id":183293,"href":"https:\/\/serbiantimes.info\/en\/wp-json\/wp\/v2\/posts\/183267\/revisions\/183293"}],"wp:featuredmedia":[{"embeddable":true,"href":"https:\/\/serbiantimes.info\/en\/wp-json\/wp\/v2\/media\/183268"}],"wp:attachment":[{"href":"https:\/\/serbiantimes.info\/en\/wp-json\/wp\/v2\/media?parent=183267"}],"wp:term":[{"taxonomy":"category","embeddable":true,"href":"https:\/\/serbiantimes.info\/en\/wp-json\/wp\/v2\/categories?post=183267"},{"taxonomy":"post_tag","embeddable":true,"href":"https:\/\/serbiantimes.info\/en\/wp-json\/wp\/v2\/tags?post=183267"}],"curies":[{"name":"wp","href":"https:\/\/api.w.org\/{rel}","templated":true}]}}