{"id":183186,"date":"2025-07-24T17:17:13","date_gmt":"2025-07-24T15:17:13","guid":{"rendered":"https:\/\/serbiantimes.info\/en\/?p=183186"},"modified":"2025-07-24T17:17:14","modified_gmt":"2025-07-24T15:17:14","slug":"tragedy-details-revealed-heres-how-felix-baumgartners-fatal-fall-occurred","status":"publish","type":"post","link":"https:\/\/serbiantimes.info\/en\/tragedy-details-revealed-heres-how-felix-baumgartners-fatal-fall-occurred\/","title":{"rendered":"TRAGEDY DETAILS REVEALED: Here&#8217;s How Felix Baumgartner&#8217;s Fatal Fall Occurred!"},"content":{"rendered":"\n<p class=\"wp-block-paragraph\"><strong>Felix Baumgartner<\/strong>, the renowned Austrian extreme athlete who gained global fame for his spectacular jump from the edge of space, tragically passed away a week ago in Italy.<\/p>\n\n\n\n<p class=\"wp-block-paragraph\">Felix died in a paragliding accident near Porto Sant&#8217;Elpidio when his paraglider crashed into a hotel swimming pool.<\/p>\n\n\n\n<p class=\"wp-block-paragraph\">It was initially suspected that the famous athlete suffered a heart attack during the flight. However, the autopsy revealed that the causes of Felix Baumgartner&#8217;s death were a <strong>fractured neck and fatal spinal cord injuries<\/strong>.<\/p>\n\n\n\n<hr class=\"wp-block-separator has-alpha-channel-opacity\"\/>\n\n\n\n<h3 class=\"wp-block-heading\">Camera Malfunction Suspected in Fatal Crash<\/h3>\n\n\n\n<p class=\"wp-block-paragraph\">The public prosecutor&#8217;s office in Italy is now attempting to reconstruct the final minutes of the flight. Currently, all evidence suggests that a <strong>camera<\/strong>, which was on the aircraft, could be the cause of the fatal fall.<\/p>\n\n\n\n<p class=\"wp-block-paragraph\">Reportedly, the camera was not adequately mounted on the paraglider. Investigators suspect that it detached during the flight and struck the center of the propeller, causing a malfunction. This led to Baumgartner losing control of the aircraft and crashing to the ground from a great height.<\/p>\n\n\n\n<p class=\"wp-block-paragraph\">The aircraft was owned by the local airport, and an investigation is currently underway to determine who was responsible for mounting the camera. Experts appointed by the prosecution are analyzing the technical condition of the equipment. They will attempt to retrieve video footage from the memory card to uncover the precise causes of the accident.<\/p>\n\n\n\n<p class=\"wp-block-paragraph\">Witnesses to the accident reported seeing the aircraft fall in a spiral, with one wing folded, and that it was impossible to control.<\/p>\n\n\n\n<h4 class=\"wp-block-heading\"><mark style=\"background-color:#FFFFFF;color:#d21414\" class=\"has-inline-color\">MORE TOPICS:<\/mark><\/h4>\n\n\n\n<p class=\"wp-block-paragraph\"><strong><a href=\"https:\/\/serbiantimes.info\/en\/heroes-of-our-time-serbian-firefighters-extinguished-more-than-1400-fires-in-10-days-saved-the-lives-of-15-people\/\" target=\"_blank\" rel=\"noopener\" title=\"\">HEROES OF OUR TIME: Serbian firefighters extinguished more than 1,400 fires in 10 days, saved the lives of 15 people!<\/a><\/strong><\/p>\n\n\n\n<p class=\"wp-block-paragraph\"><strong><a href=\"https:\/\/serbiantimes.info\/en\/invincible-serbian-voivode-170-years-since-the-birth-of-the-legendary-zivojin-misic\/\" target=\"_blank\" rel=\"noopener\" title=\"\">INVINCIBLE SERBIAN VOIVODE: 170 years since the birth of the legendary \u017divojin Mi\u0161i\u0107!<\/a><\/strong><\/p>\n\n\n\n<p class=\"wp-block-paragraph\"><strong><a href=\"https:\/\/serbiantimes.info\/en\/serbian-delusion-or-fate-the-corfu-declaration-was-an-introduction-to-the-formation-of-the-kingdom-of-serbs-croats-and-slovenes\/\" target=\"_blank\" rel=\"noopener\" title=\"\">SERBIAN DELUSION OR FATE: The Corfu Declaration was an introduction to the formation of the Kingdom of Serbs, Croats and Slovenes!<\/a><\/strong><\/p>\n\n\n\n<p class=\"wp-block-paragraph\"><strong><a href=\"https:\/\/serbiantimes.info\/en\/the-gold-harvest-continues-adriana-vilagos-will-also-listen-to-the-anthem-as-european-champion\/\" target=\"_blank\" rel=\"noopener\" title=\"\">THE GOLD HARVEST CONTINUES: Adriana Vilago\u0161 will also listen to the anthem as European champion!<\/a><\/strong><\/p>\n\n\n\n<p class=\"wp-block-paragraph\"><strong><a href=\"https:\/\/serbiantimes.info\/en\/our-pride-our-glory-angelina-topic-is-the-new-european-champion\/\" target=\"_blank\" rel=\"noopener\" title=\"\">OUR PRIDE, OUR GLORY! Angelina Topi\u0107 is the new European champion!<\/a><\/strong><\/p>\n\n\n\n<p class=\"wp-block-paragraph\"><strong><strong>Source<\/strong>:<\/strong> Kurir; <strong>Foto<\/strong>: EPA-EFE \/ Barbara Gindl<\/p>\n","protected":false},"excerpt":{"rendered":"<p>Felix Baumgartner, the renowned Austrian extreme athlete who gained global fame for his spectacular jump from the edge of space, tragically passed away a week ago in Italy. Felix died in a paragliding accident near Porto Sant&#8217;Elpidio when his paraglider crashed into a hotel swimming pool. It was initially suspected that the famous athlete suffered [&hellip;]<\/p>\n","protected":false},"author":2169,"featured_media":182662,"comment_status":"open","ping_status":"open","sticky":false,"template":"","format":"standard","meta":{"newspack_featured_image_position":"","newspack_post_subtitle":"","newspack_article_summary_title":"Overview:","newspack_article_summary":"","newspack_hide_updated_date":false,"newspack_show_updated_date":false,"footnotes":""},"categories":[4],"tags":[7746,7593,7747,662,7275],"class_list":["post-183186","post","type-post","status-publish","format-standard","has-post-thumbnail","hentry","category-breaking","tag-ekstremni-sportovi","tag-feliks-baumgartner","tag-kamera","tag-nesreca","tag-paraglajding","entry"],"aioseo_notices":[],"aioseo_head":"\n\t\t<!-- All in One SEO 5.0.1.1 - aioseo.com -->\n\t<meta name=\"description\" content=\"Felix Baumgartner, the renowned Austrian extreme athlete who gained global fame for his spectacular jump from the edge of space, tragically passed away a week ago in Italy. Felix died in a paragliding accident near Porto Sant&#039;Elpidio when his paraglider crashed into a hotel swimming pool. It was initially suspected that the famous athlete suffered\" \/>\n\t<meta name=\"robots\" content=\"max-image-preview:large\" \/>\n\t<meta name=\"author\" content=\"Serbian Times\"\/>\n\t<link rel=\"canonical\" href=\"https:\/\/serbiantimes.info\/en\/tragedy-details-revealed-heres-how-felix-baumgartners-fatal-fall-occurred\/\" \/>\n\t<meta name=\"generator\" content=\"All in One SEO (AIOSEO) 5.0.1.1\" \/>\n\t\t<meta property=\"og:locale\" content=\"en_US\" \/>\n\t\t<meta property=\"og:site_name\" content=\"Serbiantimes.info EN |\" \/>\n\t\t<meta property=\"og:type\" content=\"article\" \/>\n\t\t<meta property=\"og:title\" content=\"TRAGEDY DETAILS REVEALED: Here\u2019s How Felix Baumgartner\u2019s Fatal Fall Occurred! | Serbiantimes.info EN\" \/>\n\t\t<meta property=\"og:description\" content=\"Felix Baumgartner, the renowned Austrian extreme athlete who gained global fame for his spectacular jump from the edge of space, tragically passed away a week ago in Italy. Felix died in a paragliding accident near Porto Sant&#039;Elpidio when his paraglider crashed into a hotel swimming pool. It was initially suspected that the famous athlete suffered\" \/>\n\t\t<meta property=\"og:url\" content=\"https:\/\/serbiantimes.info\/en\/tragedy-details-revealed-heres-how-felix-baumgartners-fatal-fall-occurred\/\" \/>\n\t\t<meta property=\"og:image\" content=\"https:\/\/serbiantimes.info\/en\/wp-content\/uploads\/sites\/2\/2025\/07\/image-1200x750-6-13.png\" \/>\n\t\t<meta property=\"og:image:secure_url\" content=\"https:\/\/serbiantimes.info\/en\/wp-content\/uploads\/sites\/2\/2025\/07\/image-1200x750-6-13.png\" \/>\n\t\t<meta property=\"og:image:width\" content=\"1200\" \/>\n\t\t<meta property=\"og:image:height\" content=\"750\" \/>\n\t\t<meta property=\"article:published_time\" content=\"2025-07-24T15:17:13+00:00\" \/>\n\t\t<meta property=\"article:modified_time\" content=\"2025-07-24T15:17:14+00:00\" \/>\n\t\t<meta name=\"twitter:card\" content=\"summary_large_image\" \/>\n\t\t<meta name=\"twitter:title\" content=\"TRAGEDY DETAILS REVEALED: Here\u2019s How Felix Baumgartner\u2019s Fatal Fall Occurred! | Serbiantimes.info EN\" \/>\n\t\t<meta name=\"twitter:description\" content=\"Felix Baumgartner, the renowned Austrian extreme athlete who gained global fame for his spectacular jump from the edge of space, tragically passed away a week ago in Italy. Felix died in a paragliding accident near Porto Sant&#039;Elpidio when his paraglider crashed into a hotel swimming pool. It was initially suspected that the famous athlete suffered\" \/>\n\t\t<meta name=\"twitter:image\" content=\"https:\/\/serbiantimes.info\/en\/wp-content\/uploads\/sites\/2\/2025\/07\/image-1200x750-6-13.png\" \/>\n\t\t<script type=\"application\/ld+json\" class=\"aioseo-schema\">\n\t\t\t{\"@context\":\"https:\\\/\\\/schema.org\",\"@graph\":[{\"@type\":\"BlogPosting\",\"@id\":\"https:\\\/\\\/serbiantimes.info\\\/en\\\/tragedy-details-revealed-heres-how-felix-baumgartners-fatal-fall-occurred\\\/#blogposting\",\"name\":\"TRAGEDY DETAILS REVEALED: Here\\u2019s How Felix Baumgartner\\u2019s Fatal Fall Occurred! | Serbiantimes.info EN\",\"headline\":\"TRAGEDY DETAILS REVEALED: Here&#8217;s How Felix Baumgartner&#8217;s Fatal Fall Occurred!\",\"author\":{\"@id\":\"https:\\\/\\\/serbiantimes.info\\\/en\\\/author\\\/serbiantimes-portal\\\/#author\"},\"publisher\":{\"@id\":\"https:\\\/\\\/serbiantimes.info\\\/en\\\/#organization\"},\"image\":{\"@type\":\"ImageObject\",\"url\":\"https:\\\/\\\/serbiantimes.info\\\/en\\\/wp-content\\\/uploads\\\/sites\\\/2\\\/2025\\\/07\\\/image-1200x750-6-13.png\",\"width\":1200,\"height\":750},\"datePublished\":\"2025-07-24T17:17:13+02:00\",\"dateModified\":\"2025-07-24T17:17:14+02:00\",\"inLanguage\":\"en-US\",\"mainEntityOfPage\":{\"@id\":\"https:\\\/\\\/serbiantimes.info\\\/en\\\/tragedy-details-revealed-heres-how-felix-baumgartners-fatal-fall-occurred\\\/#webpage\"},\"isPartOf\":{\"@id\":\"https:\\\/\\\/serbiantimes.info\\\/en\\\/tragedy-details-revealed-heres-how-felix-baumgartners-fatal-fall-occurred\\\/#webpage\"},\"articleSection\":\"BREAKING, ekstremni sportovi, feliks baumgartner, kamera, nesre\\u0107a, paraglajding\"},{\"@type\":\"BreadcrumbList\",\"@id\":\"https:\\\/\\\/serbiantimes.info\\\/en\\\/tragedy-details-revealed-heres-how-felix-baumgartners-fatal-fall-occurred\\\/#breadcrumblist\",\"itemListElement\":[{\"@type\":\"ListItem\",\"@id\":\"https:\\\/\\\/serbiantimes.info\\\/en#listItem\",\"position\":1,\"name\":\"Home\",\"item\":\"https:\\\/\\\/serbiantimes.info\\\/en\",\"nextItem\":{\"@type\":\"ListItem\",\"@id\":\"https:\\\/\\\/serbiantimes.info\\\/en\\\/category\\\/breaking\\\/#listItem\",\"name\":\"BREAKING\"}},{\"@type\":\"ListItem\",\"@id\":\"https:\\\/\\\/serbiantimes.info\\\/en\\\/category\\\/breaking\\\/#listItem\",\"position\":2,\"name\":\"BREAKING\",\"item\":\"https:\\\/\\\/serbiantimes.info\\\/en\\\/category\\\/breaking\\\/\",\"nextItem\":{\"@type\":\"ListItem\",\"@id\":\"https:\\\/\\\/serbiantimes.info\\\/en\\\/tragedy-details-revealed-heres-how-felix-baumgartners-fatal-fall-occurred\\\/#listItem\",\"name\":\"TRAGEDY DETAILS REVEALED: Here&#8217;s How Felix Baumgartner&#8217;s Fatal Fall Occurred!\"},\"previousItem\":{\"@type\":\"ListItem\",\"@id\":\"https:\\\/\\\/serbiantimes.info\\\/en#listItem\",\"name\":\"Home\"}},{\"@type\":\"ListItem\",\"@id\":\"https:\\\/\\\/serbiantimes.info\\\/en\\\/tragedy-details-revealed-heres-how-felix-baumgartners-fatal-fall-occurred\\\/#listItem\",\"position\":3,\"name\":\"TRAGEDY DETAILS REVEALED: Here&#8217;s How Felix Baumgartner&#8217;s Fatal Fall Occurred!\",\"previousItem\":{\"@type\":\"ListItem\",\"@id\":\"https:\\\/\\\/serbiantimes.info\\\/en\\\/category\\\/breaking\\\/#listItem\",\"name\":\"BREAKING\"}}]},{\"@type\":\"Organization\",\"@id\":\"https:\\\/\\\/serbiantimes.info\\\/en\\\/#organization\",\"name\":\"Serbiantimes.info EN\",\"url\":\"https:\\\/\\\/serbiantimes.info\\\/en\\\/\",\"logo\":{\"@type\":\"ImageObject\",\"url\":\"https:\\\/\\\/serbiantimes.info\\\/en\\\/wp-content\\\/uploads\\\/sites\\\/2\\\/2024\\\/10\\\/cropped-cropped-Serbian-Times-Header-Logo-1.png\",\"@id\":\"https:\\\/\\\/serbiantimes.info\\\/en\\\/tragedy-details-revealed-heres-how-felix-baumgartners-fatal-fall-occurred\\\/#organizationLogo\",\"width\":480,\"height\":100},\"image\":{\"@id\":\"https:\\\/\\\/serbiantimes.info\\\/en\\\/tragedy-details-revealed-heres-how-felix-baumgartners-fatal-fall-occurred\\\/#organizationLogo\"}},{\"@type\":\"Person\",\"@id\":\"https:\\\/\\\/serbiantimes.info\\\/en\\\/author\\\/serbiantimes-portal\\\/#author\",\"url\":\"https:\\\/\\\/serbiantimes.info\\\/en\\\/author\\\/serbiantimes-portal\\\/\",\"name\":\"Serbian Times\",\"image\":{\"@type\":\"ImageObject\",\"@id\":\"https:\\\/\\\/serbiantimes.info\\\/en\\\/tragedy-details-revealed-heres-how-felix-baumgartners-fatal-fall-occurred\\\/#authorImage\",\"url\":\"https:\\\/\\\/secure.gravatar.com\\\/avatar\\\/ea76e009769270b4193e2bc7e032c096b4ae135483ec03b396fd0f520bc3dcfd?s=96&d=mm&r=g\",\"width\":96,\"height\":96,\"caption\":\"Serbian Times\"}},{\"@type\":\"WebPage\",\"@id\":\"https:\\\/\\\/serbiantimes.info\\\/en\\\/tragedy-details-revealed-heres-how-felix-baumgartners-fatal-fall-occurred\\\/#webpage\",\"url\":\"https:\\\/\\\/serbiantimes.info\\\/en\\\/tragedy-details-revealed-heres-how-felix-baumgartners-fatal-fall-occurred\\\/\",\"name\":\"TRAGEDY DETAILS REVEALED: Here\\u2019s How Felix Baumgartner\\u2019s Fatal Fall Occurred! | Serbiantimes.info EN\",\"description\":\"Felix Baumgartner, the renowned Austrian extreme athlete who gained global fame for his spectacular jump from the edge of space, tragically passed away a week ago in Italy. Felix died in a paragliding accident near Porto Sant'Elpidio when his paraglider crashed into a hotel swimming pool. It was initially suspected that the famous athlete suffered\",\"inLanguage\":\"en-US\",\"isPartOf\":{\"@id\":\"https:\\\/\\\/serbiantimes.info\\\/en\\\/#website\"},\"breadcrumb\":{\"@id\":\"https:\\\/\\\/serbiantimes.info\\\/en\\\/tragedy-details-revealed-heres-how-felix-baumgartners-fatal-fall-occurred\\\/#breadcrumblist\"},\"author\":{\"@id\":\"https:\\\/\\\/serbiantimes.info\\\/en\\\/author\\\/serbiantimes-portal\\\/#author\"},\"creator\":{\"@id\":\"https:\\\/\\\/serbiantimes.info\\\/en\\\/author\\\/serbiantimes-portal\\\/#author\"},\"image\":{\"@type\":\"ImageObject\",\"url\":\"https:\\\/\\\/serbiantimes.info\\\/en\\\/wp-content\\\/uploads\\\/sites\\\/2\\\/2025\\\/07\\\/image-1200x750-6-13.png\",\"@id\":\"https:\\\/\\\/serbiantimes.info\\\/en\\\/tragedy-details-revealed-heres-how-felix-baumgartners-fatal-fall-occurred\\\/#mainImage\",\"width\":1200,\"height\":750},\"primaryImageOfPage\":{\"@id\":\"https:\\\/\\\/serbiantimes.info\\\/en\\\/tragedy-details-revealed-heres-how-felix-baumgartners-fatal-fall-occurred\\\/#mainImage\"},\"datePublished\":\"2025-07-24T17:17:13+02:00\",\"dateModified\":\"2025-07-24T17:17:14+02:00\"},{\"@type\":\"WebSite\",\"@id\":\"https:\\\/\\\/serbiantimes.info\\\/en\\\/#website\",\"url\":\"https:\\\/\\\/serbiantimes.info\\\/en\\\/\",\"name\":\"Serbiantimes.info EN\",\"inLanguage\":\"en-US\",\"publisher\":{\"@id\":\"https:\\\/\\\/serbiantimes.info\\\/en\\\/#organization\"}}]}\n\t\t<\/script>\n\t\t<!-- All in One SEO -->\n\n","aioseo_head_json":{"title":"TRAGEDY DETAILS REVEALED: Here\u2019s How Felix Baumgartner\u2019s Fatal Fall Occurred! | Serbiantimes.info EN","description":"Felix Baumgartner, the renowned Austrian extreme athlete who gained global fame for his spectacular jump from the edge of space, tragically passed away a week ago in Italy. Felix died in a paragliding accident near Porto Sant'Elpidio when his paraglider crashed into a hotel swimming pool. It was initially suspected that the famous athlete suffered","canonical_url":"https:\/\/serbiantimes.info\/en\/tragedy-details-revealed-heres-how-felix-baumgartners-fatal-fall-occurred\/","robots":"max-image-preview:large","keywords":"","webmasterTools":{"miscellaneous":""},"schema":{"@context":"https:\/\/schema.org","@graph":[{"@type":"BlogPosting","@id":"https:\/\/serbiantimes.info\/en\/tragedy-details-revealed-heres-how-felix-baumgartners-fatal-fall-occurred\/#blogposting","name":"TRAGEDY DETAILS REVEALED: Here\u2019s How Felix Baumgartner\u2019s Fatal Fall Occurred! | Serbiantimes.info EN","headline":"TRAGEDY DETAILS REVEALED: Here&#8217;s How Felix Baumgartner&#8217;s Fatal Fall Occurred!","author":{"@id":"https:\/\/serbiantimes.info\/en\/author\/serbiantimes-portal\/#author"},"publisher":{"@id":"https:\/\/serbiantimes.info\/en\/#organization"},"image":{"@type":"ImageObject","url":"https:\/\/serbiantimes.info\/en\/wp-content\/uploads\/sites\/2\/2025\/07\/image-1200x750-6-13.png","width":1200,"height":750},"datePublished":"2025-07-24T17:17:13+02:00","dateModified":"2025-07-24T17:17:14+02:00","inLanguage":"en-US","mainEntityOfPage":{"@id":"https:\/\/serbiantimes.info\/en\/tragedy-details-revealed-heres-how-felix-baumgartners-fatal-fall-occurred\/#webpage"},"isPartOf":{"@id":"https:\/\/serbiantimes.info\/en\/tragedy-details-revealed-heres-how-felix-baumgartners-fatal-fall-occurred\/#webpage"},"articleSection":"BREAKING, ekstremni sportovi, feliks baumgartner, kamera, nesre\u0107a, paraglajding"},{"@type":"BreadcrumbList","@id":"https:\/\/serbiantimes.info\/en\/tragedy-details-revealed-heres-how-felix-baumgartners-fatal-fall-occurred\/#breadcrumblist","itemListElement":[{"@type":"ListItem","@id":"https:\/\/serbiantimes.info\/en#listItem","position":1,"name":"Home","item":"https:\/\/serbiantimes.info\/en","nextItem":{"@type":"ListItem","@id":"https:\/\/serbiantimes.info\/en\/category\/breaking\/#listItem","name":"BREAKING"}},{"@type":"ListItem","@id":"https:\/\/serbiantimes.info\/en\/category\/breaking\/#listItem","position":2,"name":"BREAKING","item":"https:\/\/serbiantimes.info\/en\/category\/breaking\/","nextItem":{"@type":"ListItem","@id":"https:\/\/serbiantimes.info\/en\/tragedy-details-revealed-heres-how-felix-baumgartners-fatal-fall-occurred\/#listItem","name":"TRAGEDY DETAILS REVEALED: Here&#8217;s How Felix Baumgartner&#8217;s Fatal Fall Occurred!"},"previousItem":{"@type":"ListItem","@id":"https:\/\/serbiantimes.info\/en#listItem","name":"Home"}},{"@type":"ListItem","@id":"https:\/\/serbiantimes.info\/en\/tragedy-details-revealed-heres-how-felix-baumgartners-fatal-fall-occurred\/#listItem","position":3,"name":"TRAGEDY DETAILS REVEALED: Here&#8217;s How Felix Baumgartner&#8217;s Fatal Fall Occurred!","previousItem":{"@type":"ListItem","@id":"https:\/\/serbiantimes.info\/en\/category\/breaking\/#listItem","name":"BREAKING"}}]},{"@type":"Organization","@id":"https:\/\/serbiantimes.info\/en\/#organization","name":"Serbiantimes.info EN","url":"https:\/\/serbiantimes.info\/en\/","logo":{"@type":"ImageObject","url":"https:\/\/serbiantimes.info\/en\/wp-content\/uploads\/sites\/2\/2024\/10\/cropped-cropped-Serbian-Times-Header-Logo-1.png","@id":"https:\/\/serbiantimes.info\/en\/tragedy-details-revealed-heres-how-felix-baumgartners-fatal-fall-occurred\/#organizationLogo","width":480,"height":100},"image":{"@id":"https:\/\/serbiantimes.info\/en\/tragedy-details-revealed-heres-how-felix-baumgartners-fatal-fall-occurred\/#organizationLogo"}},{"@type":"Person","@id":"https:\/\/serbiantimes.info\/en\/author\/serbiantimes-portal\/#author","url":"https:\/\/serbiantimes.info\/en\/author\/serbiantimes-portal\/","name":"Serbian Times","image":{"@type":"ImageObject","@id":"https:\/\/serbiantimes.info\/en\/tragedy-details-revealed-heres-how-felix-baumgartners-fatal-fall-occurred\/#authorImage","url":"https:\/\/secure.gravatar.com\/avatar\/ea76e009769270b4193e2bc7e032c096b4ae135483ec03b396fd0f520bc3dcfd?s=96&d=mm&r=g","width":96,"height":96,"caption":"Serbian Times"}},{"@type":"WebPage","@id":"https:\/\/serbiantimes.info\/en\/tragedy-details-revealed-heres-how-felix-baumgartners-fatal-fall-occurred\/#webpage","url":"https:\/\/serbiantimes.info\/en\/tragedy-details-revealed-heres-how-felix-baumgartners-fatal-fall-occurred\/","name":"TRAGEDY DETAILS REVEALED: Here\u2019s How Felix Baumgartner\u2019s Fatal Fall Occurred! | Serbiantimes.info EN","description":"Felix Baumgartner, the renowned Austrian extreme athlete who gained global fame for his spectacular jump from the edge of space, tragically passed away a week ago in Italy. Felix died in a paragliding accident near Porto Sant'Elpidio when his paraglider crashed into a hotel swimming pool. It was initially suspected that the famous athlete suffered","inLanguage":"en-US","isPartOf":{"@id":"https:\/\/serbiantimes.info\/en\/#website"},"breadcrumb":{"@id":"https:\/\/serbiantimes.info\/en\/tragedy-details-revealed-heres-how-felix-baumgartners-fatal-fall-occurred\/#breadcrumblist"},"author":{"@id":"https:\/\/serbiantimes.info\/en\/author\/serbiantimes-portal\/#author"},"creator":{"@id":"https:\/\/serbiantimes.info\/en\/author\/serbiantimes-portal\/#author"},"image":{"@type":"ImageObject","url":"https:\/\/serbiantimes.info\/en\/wp-content\/uploads\/sites\/2\/2025\/07\/image-1200x750-6-13.png","@id":"https:\/\/serbiantimes.info\/en\/tragedy-details-revealed-heres-how-felix-baumgartners-fatal-fall-occurred\/#mainImage","width":1200,"height":750},"primaryImageOfPage":{"@id":"https:\/\/serbiantimes.info\/en\/tragedy-details-revealed-heres-how-felix-baumgartners-fatal-fall-occurred\/#mainImage"},"datePublished":"2025-07-24T17:17:13+02:00","dateModified":"2025-07-24T17:17:14+02:00"},{"@type":"WebSite","@id":"https:\/\/serbiantimes.info\/en\/#website","url":"https:\/\/serbiantimes.info\/en\/","name":"Serbiantimes.info EN","inLanguage":"en-US","publisher":{"@id":"https:\/\/serbiantimes.info\/en\/#organization"}}]},"og:locale":"en_US","og:site_name":"Serbiantimes.info EN |","og:type":"article","og:title":"TRAGEDY DETAILS REVEALED: Here\u2019s How Felix Baumgartner\u2019s Fatal Fall Occurred! | Serbiantimes.info EN","og:description":"Felix Baumgartner, the renowned Austrian extreme athlete who gained global fame for his spectacular jump from the edge of space, tragically passed away a week ago in Italy. Felix died in a paragliding accident near Porto Sant'Elpidio when his paraglider crashed into a hotel swimming pool. It was initially suspected that the famous athlete suffered","og:url":"https:\/\/serbiantimes.info\/en\/tragedy-details-revealed-heres-how-felix-baumgartners-fatal-fall-occurred\/","og:image":"https:\/\/serbiantimes.info\/en\/wp-content\/uploads\/sites\/2\/2025\/07\/image-1200x750-6-13.png","og:image:secure_url":"https:\/\/serbiantimes.info\/en\/wp-content\/uploads\/sites\/2\/2025\/07\/image-1200x750-6-13.png","og:image:width":1200,"og:image:height":750,"article:published_time":"2025-07-24T15:17:13+00:00","article:modified_time":"2025-07-24T15:17:14+00:00","twitter:card":"summary_large_image","twitter:title":"TRAGEDY DETAILS REVEALED: Here\u2019s How Felix Baumgartner\u2019s Fatal Fall Occurred! | Serbiantimes.info EN","twitter:description":"Felix Baumgartner, the renowned Austrian extreme athlete who gained global fame for his spectacular jump from the edge of space, tragically passed away a week ago in Italy. Felix died in a paragliding accident near Porto Sant'Elpidio when his paraglider crashed into a hotel swimming pool. It was initially suspected that the famous athlete suffered","twitter:image":"https:\/\/serbiantimes.info\/en\/wp-content\/uploads\/sites\/2\/2025\/07\/image-1200x750-6-13.png"},"aioseo_meta_data":{"post_id":"183186","title":null,"description":null,"keywords":null,"keyphrases":{"focus":{"keyphrase":"","score":0,"analysis":{"keyphraseInTitle":{"score":0,"maxScore":9,"error":1}}},"additional":[]},"primary_term":null,"canonical_url":null,"og_title":null,"og_description":null,"og_object_type":"default","og_image_type":"default","og_image_url":null,"og_image_width":null,"og_image_height":null,"og_image_custom_url":null,"og_image_custom_fields":null,"og_video":"","og_custom_url":null,"og_article_section":null,"og_article_tags":null,"twitter_use_og":false,"twitter_card":"default","twitter_image_type":"default","twitter_image_url":null,"twitter_image_custom_url":null,"twitter_image_custom_fields":null,"twitter_title":null,"twitter_description":null,"schema":{"blockGraphs":[],"customGraphs":[],"default":{"data":{"Article":[],"Course":[],"Dataset":[],"FAQPage":[],"Movie":[],"Person":[],"Product":[],"ProductReview":[],"Car":[],"Recipe":[],"Service":[],"SoftwareApplication":[],"WebPage":[]},"graphName":"BlogPosting","isEnabled":true},"graphs":[]},"schema_type":"default","schema_type_options":null,"pillar_content":false,"robots_default":true,"robots_noindex":false,"robots_noarchive":false,"robots_nosnippet":false,"robots_nofollow":false,"robots_noimageindex":false,"robots_noodp":false,"robots_notranslate":false,"robots_max_snippet":"-1","robots_max_videopreview":"-1","robots_max_imagepreview":"large","priority":null,"frequency":"default","local_seo":null,"breadcrumb_settings":null,"limit_modified_date":false,"ai":null,"created":"2025-07-24 15:08:55","updated":"2025-07-24 15:30:38","focus_keyword":null,"additional_keywords":null,"truseo_locale":null,"seo_analyzer_scan_date":null},"aioseo_breadcrumb":"<div class=\"aioseo-breadcrumbs\"><span class=\"aioseo-breadcrumb\">\n\t\t\t<a href=\"https:\/\/serbiantimes.info\/en\" title=\"Home\">Home<\/a>\n\t\t<\/span><span class=\"aioseo-breadcrumb-separator\">&raquo;<\/span><span class=\"aioseo-breadcrumb\">\n\t\t\t<a href=\"https:\/\/serbiantimes.info\/en\/category\/breaking\/\" title=\"BREAKING\">BREAKING<\/a>\n\t\t<\/span><span class=\"aioseo-breadcrumb-separator\">&raquo;<\/span><span class=\"aioseo-breadcrumb\">\n\t\t\tTRAGEDY DETAILS REVEALED: Here\u2019s How Felix Baumgartner\u2019s Fatal Fall Occurred!\n\t\t<\/span><\/div>","aioseo_breadcrumb_json":[{"label":"Home","link":"https:\/\/serbiantimes.info\/en"},{"label":"BREAKING","link":"https:\/\/serbiantimes.info\/en\/category\/breaking\/"},{"label":"TRAGEDY DETAILS REVEALED: Here&#8217;s How Felix Baumgartner&#8217;s Fatal Fall Occurred!","link":"https:\/\/serbiantimes.info\/en\/tragedy-details-revealed-heres-how-felix-baumgartners-fatal-fall-occurred\/"}],"distributor_meta":false,"distributor_terms":false,"distributor_media":false,"distributor_original_site_name":"Serbiantimes.info EN","distributor_original_site_url":"https:\/\/serbiantimes.info\/en","push-errors":false,"_links":{"self":[{"href":"https:\/\/serbiantimes.info\/en\/wp-json\/wp\/v2\/posts\/183186","targetHints":{"allow":["GET"]}}],"collection":[{"href":"https:\/\/serbiantimes.info\/en\/wp-json\/wp\/v2\/posts"}],"about":[{"href":"https:\/\/serbiantimes.info\/en\/wp-json\/wp\/v2\/types\/post"}],"author":[{"embeddable":true,"href":"https:\/\/serbiantimes.info\/en\/wp-json\/wp\/v2\/users\/2169"}],"replies":[{"embeddable":true,"href":"https:\/\/serbiantimes.info\/en\/wp-json\/wp\/v2\/comments?post=183186"}],"version-history":[{"count":2,"href":"https:\/\/serbiantimes.info\/en\/wp-json\/wp\/v2\/posts\/183186\/revisions"}],"predecessor-version":[{"id":183212,"href":"https:\/\/serbiantimes.info\/en\/wp-json\/wp\/v2\/posts\/183186\/revisions\/183212"}],"wp:featuredmedia":[{"embeddable":true,"href":"https:\/\/serbiantimes.info\/en\/wp-json\/wp\/v2\/media\/182662"}],"wp:attachment":[{"href":"https:\/\/serbiantimes.info\/en\/wp-json\/wp\/v2\/media?parent=183186"}],"wp:term":[{"taxonomy":"category","embeddable":true,"href":"https:\/\/serbiantimes.info\/en\/wp-json\/wp\/v2\/categories?post=183186"},{"taxonomy":"post_tag","embeddable":true,"href":"https:\/\/serbiantimes.info\/en\/wp-json\/wp\/v2\/tags?post=183186"}],"curies":[{"name":"wp","href":"https:\/\/api.w.org\/{rel}","templated":true}]}}