{"id":182923,"date":"2025-07-21T16:52:39","date_gmt":"2025-07-21T14:52:39","guid":{"rendered":"https:\/\/serbiantimes.info\/en\/?p=182923"},"modified":"2025-07-21T16:52:40","modified_gmt":"2025-07-21T14:52:40","slug":"university-of-belgrade-announces-information-first-enrollment-period-begins-heres-when-ranking-lists-will-be-published","status":"publish","type":"post","link":"https:\/\/serbiantimes.info\/en\/university-of-belgrade-announces-information-first-enrollment-period-begins-heres-when-ranking-lists-will-be-published\/","title":{"rendered":"UNIVERSITY OF BELGRADE ANNOUNCES INFORMATION: First Enrollment Period Begins, Here&#8217;s When Ranking Lists Will Be Published!"},"content":{"rendered":"\n<hr class=\"wp-block-separator has-alpha-channel-opacity\"\/>\n\n\n\n<p class=\"wp-block-paragraph\">The <strong>first enrollment period<\/strong> for undergraduate academic, integrated academic, and basic vocational studies at the University of Belgrade begins today with the registration of candidates at faculties. Entrance exams will be organized from <strong>July 24 to July 29<\/strong>.<\/p>\n\n\n\n<p class=\"wp-block-paragraph\">According to the University of Belgrade&#8217;s Instagram page, ranking lists will be published by <strong>August 4<\/strong>, and the enrollment of the new generation of students will be completed by <strong>August 7<\/strong>.<\/p>\n\n\n\n<hr class=\"wp-block-separator has-alpha-channel-opacity\"\/>\n\n\n\n<h3 class=\"wp-block-heading\">Key Dates for Enrollment<\/h3>\n\n\n\n<p class=\"wp-block-paragraph\">More detailed information about the competition, entrance exams, and enrollment procedures will be published on the official faculty websites.<\/p>\n\n\n\n<p class=\"wp-block-paragraph\">The announcement states that the <strong>second enrollment period<\/strong> will begin with candidate registration on <strong>September 1<\/strong> and conclude on <strong>September 16<\/strong>, including candidate enrollment.<\/p>\n\n\n\n<p class=\"wp-block-paragraph\">The <strong>third enrollment period<\/strong> begins with candidate registration on <strong>October 1<\/strong> and concludes, including enrollment, on <strong>October 13<\/strong>, the announcement reads.<\/p>\n\n\n\n<h4 class=\"wp-block-heading\"><mark style=\"background-color:#FFFFFF;color:#d21414\" class=\"has-inline-color\">MORE TOPICS:<\/mark><\/h4>\n\n\n\n<p class=\"wp-block-paragraph\"><strong><a href=\"https:\/\/serbiantimes.info\/en\/heroes-of-our-time-serbian-firefighters-extinguished-more-than-1400-fires-in-10-days-saved-the-lives-of-15-people\/\" target=\"_blank\" rel=\"noopener\" title=\"\">HEROES OF OUR TIME: Serbian firefighters extinguished more than 1,400 fires in 10 days, saved the lives of 15 people!<\/a><\/strong><\/p>\n\n\n\n<p class=\"wp-block-paragraph\"><strong><a href=\"https:\/\/serbiantimes.info\/en\/invincible-serbian-voivode-170-years-since-the-birth-of-the-legendary-zivojin-misic\/\" target=\"_blank\" rel=\"noopener\" title=\"\">INVINCIBLE SERBIAN VOIVODE: 170 years since the birth of the legendary \u017divojin Mi\u0161i\u0107!<\/a><\/strong><\/p>\n\n\n\n<p class=\"wp-block-paragraph\"><strong><a href=\"https:\/\/serbiantimes.info\/en\/serbian-delusion-or-fate-the-corfu-declaration-was-an-introduction-to-the-formation-of-the-kingdom-of-serbs-croats-and-slovenes\/\" target=\"_blank\" rel=\"noopener\" title=\"\">SERBIAN DELUSION OR FATE: The Corfu Declaration was an introduction to the formation of the Kingdom of Serbs, Croats and Slovenes!<\/a><\/strong><\/p>\n\n\n\n<p class=\"wp-block-paragraph\"><strong><a href=\"https:\/\/serbiantimes.info\/en\/the-gold-harvest-continues-adriana-vilagos-will-also-listen-to-the-anthem-as-european-champion\/\" target=\"_blank\" rel=\"noopener\" title=\"\">THE GOLD HARVEST CONTINUES: Adriana Vilago\u0161 will also listen to the anthem as European champion!<\/a><\/strong><\/p>\n\n\n\n<p class=\"wp-block-paragraph\"><strong><a href=\"https:\/\/serbiantimes.info\/en\/our-pride-our-glory-angelina-topic-is-the-new-european-champion\/\" target=\"_blank\" rel=\"noopener\" title=\"\">OUR PRIDE, OUR GLORY! Angelina Topi\u0107 is the new European champion!<\/a><\/strong><\/p>\n\n\n\n<p class=\"wp-block-paragraph\"><strong><strong>Source<\/strong>: <\/strong>Agencije; <strong>Foto<\/strong>: Printscreen X<\/p>\n","protected":false},"excerpt":{"rendered":"<p>The first enrollment period for undergraduate academic, integrated academic, and basic vocational studies at the University of Belgrade begins today with the registration of candidates at faculties. Entrance exams will be organized from July 24 to July 29. According to the University of Belgrade&#8217;s Instagram page, ranking lists will be published by August 4, and [&hellip;]<\/p>\n","protected":false},"author":2169,"featured_media":173810,"comment_status":"open","ping_status":"open","sticky":false,"template":"","format":"standard","meta":{"newspack_featured_image_position":"","newspack_post_subtitle":"","newspack_article_summary_title":"Overview:","newspack_article_summary":"","newspack_hide_updated_date":false,"newspack_show_updated_date":false,"footnotes":""},"categories":[7],"tags":[113,2490,2482,7672],"class_list":["post-182923","post","type-post","status-publish","format-standard","has-post-thumbnail","hentry","category-serbia","tag-srbija","tag-studenti","tag-univerzitet-u-beogradu","tag-upisni-rok","entry"],"aioseo_notices":[],"aioseo_head":"\n\t\t<!-- All in One SEO 5.0.1.1 - aioseo.com -->\n\t<meta name=\"description\" content=\"The first enrollment period for undergraduate academic, integrated academic, and basic vocational studies at the University of Belgrade begins today with the registration of candidates at faculties. Entrance exams will be organized from July 24 to July 29. According to the University of Belgrade&#039;s Instagram page, ranking lists will be published by August 4, and\" \/>\n\t<meta name=\"robots\" content=\"max-image-preview:large\" \/>\n\t<meta name=\"author\" content=\"Serbian Times\"\/>\n\t<link rel=\"canonical\" href=\"https:\/\/serbiantimes.info\/en\/university-of-belgrade-announces-information-first-enrollment-period-begins-heres-when-ranking-lists-will-be-published\/\" \/>\n\t<meta name=\"generator\" content=\"All in One SEO (AIOSEO) 5.0.1.1\" \/>\n\t\t<meta property=\"og:locale\" content=\"en_US\" \/>\n\t\t<meta property=\"og:site_name\" content=\"Serbiantimes.info EN |\" \/>\n\t\t<meta property=\"og:type\" content=\"article\" \/>\n\t\t<meta property=\"og:title\" content=\"UNIVERSITY OF BELGRADE ANNOUNCES INFORMATION: First Enrollment Period Begins, Here\u2019s When Ranking Lists Will Be Published! | Serbiantimes.info EN\" \/>\n\t\t<meta property=\"og:description\" content=\"The first enrollment period for undergraduate academic, integrated academic, and basic vocational studies at the University of Belgrade begins today with the registration of candidates at faculties. Entrance exams will be organized from July 24 to July 29. According to the University of Belgrade&#039;s Instagram page, ranking lists will be published by August 4, and\" \/>\n\t\t<meta property=\"og:url\" content=\"https:\/\/serbiantimes.info\/en\/university-of-belgrade-announces-information-first-enrollment-period-begins-heres-when-ranking-lists-will-be-published\/\" \/>\n\t\t<meta property=\"og:image\" content=\"https:\/\/serbiantimes.info\/en\/wp-content\/uploads\/sites\/2\/2025\/03\/Clipboard017654-1.jpg\" \/>\n\t\t<meta property=\"og:image:secure_url\" content=\"https:\/\/serbiantimes.info\/en\/wp-content\/uploads\/sites\/2\/2025\/03\/Clipboard017654-1.jpg\" \/>\n\t\t<meta property=\"og:image:width\" content=\"1200\" \/>\n\t\t<meta property=\"og:image:height\" content=\"719\" \/>\n\t\t<meta property=\"article:published_time\" content=\"2025-07-21T14:52:39+00:00\" \/>\n\t\t<meta property=\"article:modified_time\" content=\"2025-07-21T14:52:40+00:00\" \/>\n\t\t<meta name=\"twitter:card\" content=\"summary_large_image\" \/>\n\t\t<meta name=\"twitter:title\" content=\"UNIVERSITY OF BELGRADE ANNOUNCES INFORMATION: First Enrollment Period Begins, Here\u2019s When Ranking Lists Will Be Published! | Serbiantimes.info EN\" \/>\n\t\t<meta name=\"twitter:description\" content=\"The first enrollment period for undergraduate academic, integrated academic, and basic vocational studies at the University of Belgrade begins today with the registration of candidates at faculties. Entrance exams will be organized from July 24 to July 29. According to the University of Belgrade&#039;s Instagram page, ranking lists will be published by August 4, and\" \/>\n\t\t<meta name=\"twitter:image\" content=\"https:\/\/serbiantimes.info\/en\/wp-content\/uploads\/sites\/2\/2025\/03\/Clipboard017654-1.jpg\" \/>\n\t\t<script type=\"application\/ld+json\" class=\"aioseo-schema\">\n\t\t\t{\"@context\":\"https:\\\/\\\/schema.org\",\"@graph\":[{\"@type\":\"BlogPosting\",\"@id\":\"https:\\\/\\\/serbiantimes.info\\\/en\\\/university-of-belgrade-announces-information-first-enrollment-period-begins-heres-when-ranking-lists-will-be-published\\\/#blogposting\",\"name\":\"UNIVERSITY OF BELGRADE ANNOUNCES INFORMATION: First Enrollment Period Begins, Here\\u2019s When Ranking Lists Will Be Published! | Serbiantimes.info EN\",\"headline\":\"UNIVERSITY OF BELGRADE ANNOUNCES INFORMATION: First Enrollment Period Begins, Here&#8217;s When Ranking Lists Will Be Published!\",\"author\":{\"@id\":\"https:\\\/\\\/serbiantimes.info\\\/en\\\/author\\\/serbiantimes-portal\\\/#author\"},\"publisher\":{\"@id\":\"https:\\\/\\\/serbiantimes.info\\\/en\\\/#organization\"},\"image\":{\"@type\":\"ImageObject\",\"url\":\"https:\\\/\\\/serbiantimes.info\\\/en\\\/wp-content\\\/uploads\\\/sites\\\/2\\\/2025\\\/03\\\/Clipboard017654-1.jpg\",\"width\":1200,\"height\":719},\"datePublished\":\"2025-07-21T16:52:39+02:00\",\"dateModified\":\"2025-07-21T16:52:40+02:00\",\"inLanguage\":\"en-US\",\"mainEntityOfPage\":{\"@id\":\"https:\\\/\\\/serbiantimes.info\\\/en\\\/university-of-belgrade-announces-information-first-enrollment-period-begins-heres-when-ranking-lists-will-be-published\\\/#webpage\"},\"isPartOf\":{\"@id\":\"https:\\\/\\\/serbiantimes.info\\\/en\\\/university-of-belgrade-announces-information-first-enrollment-period-begins-heres-when-ranking-lists-will-be-published\\\/#webpage\"},\"articleSection\":\"SERBIA, Srbija, studenti, Univerzitet u Beogradu, upisni rok\"},{\"@type\":\"BreadcrumbList\",\"@id\":\"https:\\\/\\\/serbiantimes.info\\\/en\\\/university-of-belgrade-announces-information-first-enrollment-period-begins-heres-when-ranking-lists-will-be-published\\\/#breadcrumblist\",\"itemListElement\":[{\"@type\":\"ListItem\",\"@id\":\"https:\\\/\\\/serbiantimes.info\\\/en#listItem\",\"position\":1,\"name\":\"Home\",\"item\":\"https:\\\/\\\/serbiantimes.info\\\/en\",\"nextItem\":{\"@type\":\"ListItem\",\"@id\":\"https:\\\/\\\/serbiantimes.info\\\/en\\\/category\\\/serbia\\\/#listItem\",\"name\":\"SERBIA\"}},{\"@type\":\"ListItem\",\"@id\":\"https:\\\/\\\/serbiantimes.info\\\/en\\\/category\\\/serbia\\\/#listItem\",\"position\":2,\"name\":\"SERBIA\",\"item\":\"https:\\\/\\\/serbiantimes.info\\\/en\\\/category\\\/serbia\\\/\",\"nextItem\":{\"@type\":\"ListItem\",\"@id\":\"https:\\\/\\\/serbiantimes.info\\\/en\\\/university-of-belgrade-announces-information-first-enrollment-period-begins-heres-when-ranking-lists-will-be-published\\\/#listItem\",\"name\":\"UNIVERSITY OF BELGRADE ANNOUNCES INFORMATION: First Enrollment Period Begins, Here&#8217;s When Ranking Lists Will Be Published!\"},\"previousItem\":{\"@type\":\"ListItem\",\"@id\":\"https:\\\/\\\/serbiantimes.info\\\/en#listItem\",\"name\":\"Home\"}},{\"@type\":\"ListItem\",\"@id\":\"https:\\\/\\\/serbiantimes.info\\\/en\\\/university-of-belgrade-announces-information-first-enrollment-period-begins-heres-when-ranking-lists-will-be-published\\\/#listItem\",\"position\":3,\"name\":\"UNIVERSITY OF BELGRADE ANNOUNCES INFORMATION: First Enrollment Period Begins, Here&#8217;s When Ranking Lists Will Be Published!\",\"previousItem\":{\"@type\":\"ListItem\",\"@id\":\"https:\\\/\\\/serbiantimes.info\\\/en\\\/category\\\/serbia\\\/#listItem\",\"name\":\"SERBIA\"}}]},{\"@type\":\"Organization\",\"@id\":\"https:\\\/\\\/serbiantimes.info\\\/en\\\/#organization\",\"name\":\"Serbiantimes.info EN\",\"url\":\"https:\\\/\\\/serbiantimes.info\\\/en\\\/\",\"logo\":{\"@type\":\"ImageObject\",\"url\":\"https:\\\/\\\/serbiantimes.info\\\/en\\\/wp-content\\\/uploads\\\/sites\\\/2\\\/2024\\\/10\\\/cropped-cropped-Serbian-Times-Header-Logo-1.png\",\"@id\":\"https:\\\/\\\/serbiantimes.info\\\/en\\\/university-of-belgrade-announces-information-first-enrollment-period-begins-heres-when-ranking-lists-will-be-published\\\/#organizationLogo\",\"width\":480,\"height\":100},\"image\":{\"@id\":\"https:\\\/\\\/serbiantimes.info\\\/en\\\/university-of-belgrade-announces-information-first-enrollment-period-begins-heres-when-ranking-lists-will-be-published\\\/#organizationLogo\"}},{\"@type\":\"Person\",\"@id\":\"https:\\\/\\\/serbiantimes.info\\\/en\\\/author\\\/serbiantimes-portal\\\/#author\",\"url\":\"https:\\\/\\\/serbiantimes.info\\\/en\\\/author\\\/serbiantimes-portal\\\/\",\"name\":\"Serbian Times\",\"image\":{\"@type\":\"ImageObject\",\"@id\":\"https:\\\/\\\/serbiantimes.info\\\/en\\\/university-of-belgrade-announces-information-first-enrollment-period-begins-heres-when-ranking-lists-will-be-published\\\/#authorImage\",\"url\":\"https:\\\/\\\/secure.gravatar.com\\\/avatar\\\/ea76e009769270b4193e2bc7e032c096b4ae135483ec03b396fd0f520bc3dcfd?s=96&d=mm&r=g\",\"width\":96,\"height\":96,\"caption\":\"Serbian Times\"}},{\"@type\":\"WebPage\",\"@id\":\"https:\\\/\\\/serbiantimes.info\\\/en\\\/university-of-belgrade-announces-information-first-enrollment-period-begins-heres-when-ranking-lists-will-be-published\\\/#webpage\",\"url\":\"https:\\\/\\\/serbiantimes.info\\\/en\\\/university-of-belgrade-announces-information-first-enrollment-period-begins-heres-when-ranking-lists-will-be-published\\\/\",\"name\":\"UNIVERSITY OF BELGRADE ANNOUNCES INFORMATION: First Enrollment Period Begins, Here\\u2019s When Ranking Lists Will Be Published! | Serbiantimes.info EN\",\"description\":\"The first enrollment period for undergraduate academic, integrated academic, and basic vocational studies at the University of Belgrade begins today with the registration of candidates at faculties. Entrance exams will be organized from July 24 to July 29. According to the University of Belgrade's Instagram page, ranking lists will be published by August 4, and\",\"inLanguage\":\"en-US\",\"isPartOf\":{\"@id\":\"https:\\\/\\\/serbiantimes.info\\\/en\\\/#website\"},\"breadcrumb\":{\"@id\":\"https:\\\/\\\/serbiantimes.info\\\/en\\\/university-of-belgrade-announces-information-first-enrollment-period-begins-heres-when-ranking-lists-will-be-published\\\/#breadcrumblist\"},\"author\":{\"@id\":\"https:\\\/\\\/serbiantimes.info\\\/en\\\/author\\\/serbiantimes-portal\\\/#author\"},\"creator\":{\"@id\":\"https:\\\/\\\/serbiantimes.info\\\/en\\\/author\\\/serbiantimes-portal\\\/#author\"},\"image\":{\"@type\":\"ImageObject\",\"url\":\"https:\\\/\\\/serbiantimes.info\\\/en\\\/wp-content\\\/uploads\\\/sites\\\/2\\\/2025\\\/03\\\/Clipboard017654-1.jpg\",\"@id\":\"https:\\\/\\\/serbiantimes.info\\\/en\\\/university-of-belgrade-announces-information-first-enrollment-period-begins-heres-when-ranking-lists-will-be-published\\\/#mainImage\",\"width\":1200,\"height\":719},\"primaryImageOfPage\":{\"@id\":\"https:\\\/\\\/serbiantimes.info\\\/en\\\/university-of-belgrade-announces-information-first-enrollment-period-begins-heres-when-ranking-lists-will-be-published\\\/#mainImage\"},\"datePublished\":\"2025-07-21T16:52:39+02:00\",\"dateModified\":\"2025-07-21T16:52:40+02:00\"},{\"@type\":\"WebSite\",\"@id\":\"https:\\\/\\\/serbiantimes.info\\\/en\\\/#website\",\"url\":\"https:\\\/\\\/serbiantimes.info\\\/en\\\/\",\"name\":\"Serbiantimes.info EN\",\"inLanguage\":\"en-US\",\"publisher\":{\"@id\":\"https:\\\/\\\/serbiantimes.info\\\/en\\\/#organization\"}}]}\n\t\t<\/script>\n\t\t<!-- All in One SEO -->\n\n","aioseo_head_json":{"title":"UNIVERSITY OF BELGRADE ANNOUNCES INFORMATION: First Enrollment Period Begins, Here\u2019s When Ranking Lists Will Be Published! | Serbiantimes.info EN","description":"The first enrollment period for undergraduate academic, integrated academic, and basic vocational studies at the University of Belgrade begins today with the registration of candidates at faculties. Entrance exams will be organized from July 24 to July 29. According to the University of Belgrade's Instagram page, ranking lists will be published by August 4, and","canonical_url":"https:\/\/serbiantimes.info\/en\/university-of-belgrade-announces-information-first-enrollment-period-begins-heres-when-ranking-lists-will-be-published\/","robots":"max-image-preview:large","keywords":"","webmasterTools":{"miscellaneous":""},"schema":{"@context":"https:\/\/schema.org","@graph":[{"@type":"BlogPosting","@id":"https:\/\/serbiantimes.info\/en\/university-of-belgrade-announces-information-first-enrollment-period-begins-heres-when-ranking-lists-will-be-published\/#blogposting","name":"UNIVERSITY OF BELGRADE ANNOUNCES INFORMATION: First Enrollment Period Begins, Here\u2019s When Ranking Lists Will Be Published! | Serbiantimes.info EN","headline":"UNIVERSITY OF BELGRADE ANNOUNCES INFORMATION: First Enrollment Period Begins, Here&#8217;s When Ranking Lists Will Be Published!","author":{"@id":"https:\/\/serbiantimes.info\/en\/author\/serbiantimes-portal\/#author"},"publisher":{"@id":"https:\/\/serbiantimes.info\/en\/#organization"},"image":{"@type":"ImageObject","url":"https:\/\/serbiantimes.info\/en\/wp-content\/uploads\/sites\/2\/2025\/03\/Clipboard017654-1.jpg","width":1200,"height":719},"datePublished":"2025-07-21T16:52:39+02:00","dateModified":"2025-07-21T16:52:40+02:00","inLanguage":"en-US","mainEntityOfPage":{"@id":"https:\/\/serbiantimes.info\/en\/university-of-belgrade-announces-information-first-enrollment-period-begins-heres-when-ranking-lists-will-be-published\/#webpage"},"isPartOf":{"@id":"https:\/\/serbiantimes.info\/en\/university-of-belgrade-announces-information-first-enrollment-period-begins-heres-when-ranking-lists-will-be-published\/#webpage"},"articleSection":"SERBIA, Srbija, studenti, Univerzitet u Beogradu, upisni rok"},{"@type":"BreadcrumbList","@id":"https:\/\/serbiantimes.info\/en\/university-of-belgrade-announces-information-first-enrollment-period-begins-heres-when-ranking-lists-will-be-published\/#breadcrumblist","itemListElement":[{"@type":"ListItem","@id":"https:\/\/serbiantimes.info\/en#listItem","position":1,"name":"Home","item":"https:\/\/serbiantimes.info\/en","nextItem":{"@type":"ListItem","@id":"https:\/\/serbiantimes.info\/en\/category\/serbia\/#listItem","name":"SERBIA"}},{"@type":"ListItem","@id":"https:\/\/serbiantimes.info\/en\/category\/serbia\/#listItem","position":2,"name":"SERBIA","item":"https:\/\/serbiantimes.info\/en\/category\/serbia\/","nextItem":{"@type":"ListItem","@id":"https:\/\/serbiantimes.info\/en\/university-of-belgrade-announces-information-first-enrollment-period-begins-heres-when-ranking-lists-will-be-published\/#listItem","name":"UNIVERSITY OF BELGRADE ANNOUNCES INFORMATION: First Enrollment Period Begins, Here&#8217;s When Ranking Lists Will Be Published!"},"previousItem":{"@type":"ListItem","@id":"https:\/\/serbiantimes.info\/en#listItem","name":"Home"}},{"@type":"ListItem","@id":"https:\/\/serbiantimes.info\/en\/university-of-belgrade-announces-information-first-enrollment-period-begins-heres-when-ranking-lists-will-be-published\/#listItem","position":3,"name":"UNIVERSITY OF BELGRADE ANNOUNCES INFORMATION: First Enrollment Period Begins, Here&#8217;s When Ranking Lists Will Be Published!","previousItem":{"@type":"ListItem","@id":"https:\/\/serbiantimes.info\/en\/category\/serbia\/#listItem","name":"SERBIA"}}]},{"@type":"Organization","@id":"https:\/\/serbiantimes.info\/en\/#organization","name":"Serbiantimes.info EN","url":"https:\/\/serbiantimes.info\/en\/","logo":{"@type":"ImageObject","url":"https:\/\/serbiantimes.info\/en\/wp-content\/uploads\/sites\/2\/2024\/10\/cropped-cropped-Serbian-Times-Header-Logo-1.png","@id":"https:\/\/serbiantimes.info\/en\/university-of-belgrade-announces-information-first-enrollment-period-begins-heres-when-ranking-lists-will-be-published\/#organizationLogo","width":480,"height":100},"image":{"@id":"https:\/\/serbiantimes.info\/en\/university-of-belgrade-announces-information-first-enrollment-period-begins-heres-when-ranking-lists-will-be-published\/#organizationLogo"}},{"@type":"Person","@id":"https:\/\/serbiantimes.info\/en\/author\/serbiantimes-portal\/#author","url":"https:\/\/serbiantimes.info\/en\/author\/serbiantimes-portal\/","name":"Serbian Times","image":{"@type":"ImageObject","@id":"https:\/\/serbiantimes.info\/en\/university-of-belgrade-announces-information-first-enrollment-period-begins-heres-when-ranking-lists-will-be-published\/#authorImage","url":"https:\/\/secure.gravatar.com\/avatar\/ea76e009769270b4193e2bc7e032c096b4ae135483ec03b396fd0f520bc3dcfd?s=96&d=mm&r=g","width":96,"height":96,"caption":"Serbian Times"}},{"@type":"WebPage","@id":"https:\/\/serbiantimes.info\/en\/university-of-belgrade-announces-information-first-enrollment-period-begins-heres-when-ranking-lists-will-be-published\/#webpage","url":"https:\/\/serbiantimes.info\/en\/university-of-belgrade-announces-information-first-enrollment-period-begins-heres-when-ranking-lists-will-be-published\/","name":"UNIVERSITY OF BELGRADE ANNOUNCES INFORMATION: First Enrollment Period Begins, Here\u2019s When Ranking Lists Will Be Published! | Serbiantimes.info EN","description":"The first enrollment period for undergraduate academic, integrated academic, and basic vocational studies at the University of Belgrade begins today with the registration of candidates at faculties. Entrance exams will be organized from July 24 to July 29. According to the University of Belgrade's Instagram page, ranking lists will be published by August 4, and","inLanguage":"en-US","isPartOf":{"@id":"https:\/\/serbiantimes.info\/en\/#website"},"breadcrumb":{"@id":"https:\/\/serbiantimes.info\/en\/university-of-belgrade-announces-information-first-enrollment-period-begins-heres-when-ranking-lists-will-be-published\/#breadcrumblist"},"author":{"@id":"https:\/\/serbiantimes.info\/en\/author\/serbiantimes-portal\/#author"},"creator":{"@id":"https:\/\/serbiantimes.info\/en\/author\/serbiantimes-portal\/#author"},"image":{"@type":"ImageObject","url":"https:\/\/serbiantimes.info\/en\/wp-content\/uploads\/sites\/2\/2025\/03\/Clipboard017654-1.jpg","@id":"https:\/\/serbiantimes.info\/en\/university-of-belgrade-announces-information-first-enrollment-period-begins-heres-when-ranking-lists-will-be-published\/#mainImage","width":1200,"height":719},"primaryImageOfPage":{"@id":"https:\/\/serbiantimes.info\/en\/university-of-belgrade-announces-information-first-enrollment-period-begins-heres-when-ranking-lists-will-be-published\/#mainImage"},"datePublished":"2025-07-21T16:52:39+02:00","dateModified":"2025-07-21T16:52:40+02:00"},{"@type":"WebSite","@id":"https:\/\/serbiantimes.info\/en\/#website","url":"https:\/\/serbiantimes.info\/en\/","name":"Serbiantimes.info EN","inLanguage":"en-US","publisher":{"@id":"https:\/\/serbiantimes.info\/en\/#organization"}}]},"og:locale":"en_US","og:site_name":"Serbiantimes.info EN |","og:type":"article","og:title":"UNIVERSITY OF BELGRADE ANNOUNCES INFORMATION: First Enrollment Period Begins, Here\u2019s When Ranking Lists Will Be Published! | Serbiantimes.info EN","og:description":"The first enrollment period for undergraduate academic, integrated academic, and basic vocational studies at the University of Belgrade begins today with the registration of candidates at faculties. Entrance exams will be organized from July 24 to July 29. According to the University of Belgrade's Instagram page, ranking lists will be published by August 4, and","og:url":"https:\/\/serbiantimes.info\/en\/university-of-belgrade-announces-information-first-enrollment-period-begins-heres-when-ranking-lists-will-be-published\/","og:image":"https:\/\/serbiantimes.info\/en\/wp-content\/uploads\/sites\/2\/2025\/03\/Clipboard017654-1.jpg","og:image:secure_url":"https:\/\/serbiantimes.info\/en\/wp-content\/uploads\/sites\/2\/2025\/03\/Clipboard017654-1.jpg","og:image:width":1200,"og:image:height":719,"article:published_time":"2025-07-21T14:52:39+00:00","article:modified_time":"2025-07-21T14:52:40+00:00","twitter:card":"summary_large_image","twitter:title":"UNIVERSITY OF BELGRADE ANNOUNCES INFORMATION: First Enrollment Period Begins, Here\u2019s When Ranking Lists Will Be Published! | Serbiantimes.info EN","twitter:description":"The first enrollment period for undergraduate academic, integrated academic, and basic vocational studies at the University of Belgrade begins today with the registration of candidates at faculties. Entrance exams will be organized from July 24 to July 29. According to the University of Belgrade's Instagram page, ranking lists will be published by August 4, and","twitter:image":"https:\/\/serbiantimes.info\/en\/wp-content\/uploads\/sites\/2\/2025\/03\/Clipboard017654-1.jpg"},"aioseo_meta_data":{"post_id":"182923","title":null,"description":null,"keywords":null,"keyphrases":{"focus":{"keyphrase":"","score":0,"analysis":{"keyphraseInTitle":{"score":0,"maxScore":9,"error":1}}},"additional":[]},"primary_term":null,"canonical_url":null,"og_title":null,"og_description":null,"og_object_type":"default","og_image_type":"default","og_image_url":null,"og_image_width":null,"og_image_height":null,"og_image_custom_url":null,"og_image_custom_fields":null,"og_video":"","og_custom_url":null,"og_article_section":null,"og_article_tags":null,"twitter_use_og":false,"twitter_card":"default","twitter_image_type":"default","twitter_image_url":null,"twitter_image_custom_url":null,"twitter_image_custom_fields":null,"twitter_title":null,"twitter_description":null,"schema":{"blockGraphs":[],"customGraphs":[],"default":{"data":{"Article":[],"Course":[],"Dataset":[],"FAQPage":[],"Movie":[],"Person":[],"Product":[],"ProductReview":[],"Car":[],"Recipe":[],"Service":[],"SoftwareApplication":[],"WebPage":[]},"graphName":"BlogPosting","isEnabled":true},"graphs":[]},"schema_type":"default","schema_type_options":null,"pillar_content":false,"robots_default":true,"robots_noindex":false,"robots_noarchive":false,"robots_nosnippet":false,"robots_nofollow":false,"robots_noimageindex":false,"robots_noodp":false,"robots_notranslate":false,"robots_max_snippet":"-1","robots_max_videopreview":"-1","robots_max_imagepreview":"large","priority":null,"frequency":"default","local_seo":null,"breadcrumb_settings":null,"limit_modified_date":false,"ai":null,"created":"2025-07-21 14:45:37","updated":"2025-07-21 14:56:11","focus_keyword":null,"additional_keywords":null,"truseo_locale":null,"seo_analyzer_scan_date":null},"aioseo_breadcrumb":"<div class=\"aioseo-breadcrumbs\"><span class=\"aioseo-breadcrumb\">\n\t\t\t<a href=\"https:\/\/serbiantimes.info\/en\" title=\"Home\">Home<\/a>\n\t\t<\/span><span class=\"aioseo-breadcrumb-separator\">&raquo;<\/span><span class=\"aioseo-breadcrumb\">\n\t\t\t<a href=\"https:\/\/serbiantimes.info\/en\/category\/serbia\/\" title=\"SERBIA\">SERBIA<\/a>\n\t\t<\/span><span class=\"aioseo-breadcrumb-separator\">&raquo;<\/span><span class=\"aioseo-breadcrumb\">\n\t\t\tUNIVERSITY OF BELGRADE ANNOUNCES INFORMATION: First Enrollment Period Begins, Here\u2019s When Ranking Lists Will Be Published!\n\t\t<\/span><\/div>","aioseo_breadcrumb_json":[{"label":"Home","link":"https:\/\/serbiantimes.info\/en"},{"label":"SERBIA","link":"https:\/\/serbiantimes.info\/en\/category\/serbia\/"},{"label":"UNIVERSITY OF BELGRADE ANNOUNCES INFORMATION: First Enrollment Period Begins, Here&#8217;s When Ranking Lists Will Be Published!","link":"https:\/\/serbiantimes.info\/en\/university-of-belgrade-announces-information-first-enrollment-period-begins-heres-when-ranking-lists-will-be-published\/"}],"distributor_meta":false,"distributor_terms":false,"distributor_media":false,"distributor_original_site_name":"Serbiantimes.info EN","distributor_original_site_url":"https:\/\/serbiantimes.info\/en","push-errors":false,"_links":{"self":[{"href":"https:\/\/serbiantimes.info\/en\/wp-json\/wp\/v2\/posts\/182923","targetHints":{"allow":["GET"]}}],"collection":[{"href":"https:\/\/serbiantimes.info\/en\/wp-json\/wp\/v2\/posts"}],"about":[{"href":"https:\/\/serbiantimes.info\/en\/wp-json\/wp\/v2\/types\/post"}],"author":[{"embeddable":true,"href":"https:\/\/serbiantimes.info\/en\/wp-json\/wp\/v2\/users\/2169"}],"replies":[{"embeddable":true,"href":"https:\/\/serbiantimes.info\/en\/wp-json\/wp\/v2\/comments?post=182923"}],"version-history":[{"count":2,"href":"https:\/\/serbiantimes.info\/en\/wp-json\/wp\/v2\/posts\/182923\/revisions"}],"predecessor-version":[{"id":182967,"href":"https:\/\/serbiantimes.info\/en\/wp-json\/wp\/v2\/posts\/182923\/revisions\/182967"}],"wp:featuredmedia":[{"embeddable":true,"href":"https:\/\/serbiantimes.info\/en\/wp-json\/wp\/v2\/media\/173810"}],"wp:attachment":[{"href":"https:\/\/serbiantimes.info\/en\/wp-json\/wp\/v2\/media?parent=182923"}],"wp:term":[{"taxonomy":"category","embeddable":true,"href":"https:\/\/serbiantimes.info\/en\/wp-json\/wp\/v2\/categories?post=182923"},{"taxonomy":"post_tag","embeddable":true,"href":"https:\/\/serbiantimes.info\/en\/wp-json\/wp\/v2\/tags?post=182923"}],"curies":[{"name":"wp","href":"https:\/\/api.w.org\/{rel}","templated":true}]}}