{"id":182695,"date":"2025-07-18T16:21:35","date_gmt":"2025-07-18T14:21:35","guid":{"rendered":"https:\/\/serbiantimes.info\/en\/?p=182695"},"modified":"2025-07-18T16:21:36","modified_gmt":"2025-07-18T14:21:36","slug":"wheel-of-unfortune-novi-sad-residents-protest-outside-rector-madics-home-then-maja-gojkovics-video","status":"publish","type":"post","link":"https:\/\/serbiantimes.info\/en\/wheel-of-unfortune-novi-sad-residents-protest-outside-rector-madics-home-then-maja-gojkovics-video\/","title":{"rendered":"\u201cWHEEL OF (UN)FORTUNE\u201d: Novi Sad Residents Protest Outside Rector Madi\u0107\u2019s Home, Then Maja Gojkovi\u0107\u2019s! (VIDEO)"},"content":{"rendered":"\n<p>Students and citizens of <strong>Novi Sad<\/strong> have been protesting at various locations across the city for the third consecutive night.<\/p>\n\n\n\n<p>This evening, cyclists gathered near the Futo\u0161ka Pijaca at 7 PM and pedaled in a protest ride to the rectorate. The gathering on campus this evening was dubbed &#8220;<strong>Wheel of (Un)fortune<\/strong>,&#8221; and one of the students announced that they would head to Sonja Marinkovi\u0107 Street. That&#8217;s the address of Rector <strong>Dejan Madi\u0107<\/strong>.<\/p>\n\n\n\n<p>&#8220;We looked for him multiple times around the city but never found him. Now we are going to the street where our unloved rector lives,&#8221; a student stated.<\/p>\n\n\n\n<p>The rallies had previously announced that a &#8220;lucky winner&#8221; in this &#8220;game&#8221; would be chosen every day.<\/p>\n\n\n\n<p>During the march, citizens changed their minds and headed towards Vase Staji\u0107a Street, where <strong>Maja Gojkovi\u0107<\/strong>, President of the Provincial Government, lives. The gathered crowd was in Vase Staji\u0107a Street around 9:30 PM, shouting &#8220;<strong>boooo<\/strong>&#8221; and &#8220;<strong>your hands are bloody<\/strong>.&#8221; At one point, a minor incident occurred when an elderly driver tried to pass through the column and almost hit a woman from Novi Sad. Citizens surrounded him and called the police.<\/p>\n\n\n\n<p>A portion of the citizens blocked Bulevar Oslobo\u0111enja near Futo\u0161ka Pijaca just before 10 PM. Cyclists are currently riding around the city in a protest pedal.<\/p>\n\n\n\n<p>It&#8217;s worth recalling that the night before last, citizens protested in the street where SNS President <strong>Milo\u0161 Vu\u010devi\u0107<\/strong> is registered, and last night in the street where one of Mayor <strong>\u017darko Mi\u0107in&#8217;s<\/strong> apartments is located.<\/p>\n\n\n\n<blockquote class=\"twitter-tweet\" data-media-max-width=\"560\"><p lang=\"und\" dir=\"ltr\">21h gra\u0111ani sad krenuli da obi\u0111u Maju Gojkovi\u0107 u Vase Staji\u0107a <a href=\"https:\/\/t.co\/Ozqq5KRKo1\">pic.twitter.com\/Ozqq5KRKo1<\/a><\/p>&mdash; zarko bogosavljevic (@zarkobns) <a href=\"https:\/\/twitter.com\/zarkobns\/status\/1945922663622316540?ref_src=twsrc%5Etfw\">July 17, 2025<\/a><\/blockquote> <script async src=\"https:\/\/platform.twitter.com\/widgets.js\" charset=\"utf-8\"><\/script>\n\n\n\n<h3 class=\"wp-block-heading\">Students Announce Action Starting July 25<\/h3>\n\n\n\n<p>During tonight&#8217;s action, students announced that the &#8220;Freedom Zone&#8221; event would begin on <strong>July 25<\/strong> at the University Campus.<\/p>\n\n\n\n<p>&#8220;Almost nine months ago, the canopy fell. And students rose up. What began as a cry for justice has become a fight for everything that has been taken from us. For dignity, for institutions, for a safe and humane life, and for basic rights,&#8221; read the announcement.<\/p>\n\n\n\n<p>All this time, they added, the regime has been trying to break them, to force them back into silence and apathy.<\/p>\n\n\n\n<p>&#8220;What do you say? How are they doing? That&#8217;s why, on July 25, the Campus becomes our territory. Our space, our voice! There we will fight with creativity, dialogue, solidarity! Here we are building the future\u2014together,&#8221; they declared.<\/p>\n\n\n\n<h4 class=\"wp-block-heading\"><mark style=\"background-color:#FFFFFF;color:#d21414\" class=\"has-inline-color\">MORE TOPICS:<\/mark><\/h4>\n\n\n\n<p><strong><a href=\"https:\/\/serbiantimes.info\/en\/when-brigitte-macron-was-a-man-heres-what-frances-first-lady-looked-like-when-her-name-was-jean-michel-photos-video\/\" target=\"_blank\" rel=\"noopener\" title=\"\">WHEN BRIGITTE MACRON WAS A MAN: Here\u2019s What France\u2019s First Lady Looked Like When Her Name Was Jean-Michel! (PHOTOS, VIDEO)<\/a><\/strong><\/p>\n\n\n\n<p><strong><a href=\"https:\/\/serbiantimes.info\/en\/serbian-nba-colony-grows-another-nikola-arrives-in-the-worlds-strongest-league-many-compared-him-to-jokic\/\" target=\"_blank\" rel=\"noopener\" title=\"\">SERBIAN NBA COLONY GROWS: Another Nikola Arrives in the World\u2019s Strongest League, Many Compared Him to Joki\u0107!<\/a><\/strong><\/p>\n\n\n\n<p><strong><a href=\"https:\/\/serbiantimes.info\/en\/vucic-on-djokovic-he-can-support-my-opponents-and-have-his-own-view-but-ill-defeat-that-policy-in-the-elections\/\" target=\"_blank\" rel=\"noopener\" title=\"\">VUCIC ON DJOKOVIC: He Can Support My Opponents and Have His Own View, But I\u2019ll Defeat That Policy in the Elections!<\/a><\/strong><\/p>\n\n\n\n<p><strong><strong>Source<\/strong>: <\/strong>Danas, <strong>Foto:<\/strong> N1<\/p>\n","protected":false},"excerpt":{"rendered":"<p>Students and citizens of Novi Sad have been protesting at various locations across the city for the third consecutive night. This evening, cyclists gathered near the Futo\u0161ka Pijaca at 7 PM and pedaled in a protest ride to the rectorate. The gathering on campus this evening was dubbed &#8220;Wheel of (Un)fortune,&#8221; and one of the [&hellip;]<\/p>\n","protected":false},"author":2169,"featured_media":182696,"comment_status":"open","ping_status":"open","sticky":false,"template":"","format":"standard","meta":{"newspack_featured_image_position":"","newspack_post_subtitle":"","newspack_article_summary_title":"Overview:","newspack_article_summary":"","newspack_hide_updated_date":false,"newspack_show_updated_date":false,"footnotes":""},"categories":[7],"tags":[7598,806,674,7599,113,2490,15],"class_list":["post-182695","post","type-post","status-publish","format-standard","has-post-thumbnail","hentry","category-serbia","tag-maja-gojkovic","tag-novi-sad","tag-protesti","tag-rektor-dejan-madic","tag-srbija","tag-studenti","tag-video","entry"],"aioseo_notices":[],"distributor_meta":false,"distributor_terms":false,"distributor_media":false,"distributor_original_site_name":"Serbiantimes.info EN","distributor_original_site_url":"https:\/\/serbiantimes.info\/en","push-errors":false,"_links":{"self":[{"href":"https:\/\/serbiantimes.info\/en\/wp-json\/wp\/v2\/posts\/182695","targetHints":{"allow":["GET"]}}],"collection":[{"href":"https:\/\/serbiantimes.info\/en\/wp-json\/wp\/v2\/posts"}],"about":[{"href":"https:\/\/serbiantimes.info\/en\/wp-json\/wp\/v2\/types\/post"}],"author":[{"embeddable":true,"href":"https:\/\/serbiantimes.info\/en\/wp-json\/wp\/v2\/users\/2169"}],"replies":[{"embeddable":true,"href":"https:\/\/serbiantimes.info\/en\/wp-json\/wp\/v2\/comments?post=182695"}],"version-history":[{"count":2,"href":"https:\/\/serbiantimes.info\/en\/wp-json\/wp\/v2\/posts\/182695\/revisions"}],"predecessor-version":[{"id":182743,"href":"https:\/\/serbiantimes.info\/en\/wp-json\/wp\/v2\/posts\/182695\/revisions\/182743"}],"wp:featuredmedia":[{"embeddable":true,"href":"https:\/\/serbiantimes.info\/en\/wp-json\/wp\/v2\/media\/182696"}],"wp:attachment":[{"href":"https:\/\/serbiantimes.info\/en\/wp-json\/wp\/v2\/media?parent=182695"}],"wp:term":[{"taxonomy":"category","embeddable":true,"href":"https:\/\/serbiantimes.info\/en\/wp-json\/wp\/v2\/categories?post=182695"},{"taxonomy":"post_tag","embeddable":true,"href":"https:\/\/serbiantimes.info\/en\/wp-json\/wp\/v2\/tags?post=182695"}],"curies":[{"name":"wp","href":"https:\/\/api.w.org\/{rel}","templated":true}]}}