{"id":182047,"date":"2025-07-08T22:08:43","date_gmt":"2025-07-08T20:08:43","guid":{"rendered":"https:\/\/serbiantimes.info\/en\/?p=182047"},"modified":"2025-07-08T22:08:44","modified_gmt":"2025-07-08T20:08:44","slug":"eu-reacts-to-thompson-concert-european-commission-strongly-condemns-any-expression-of-fascism-criminal-sanctions-possible","status":"publish","type":"post","link":"https:\/\/serbiantimes.info\/en\/eu-reacts-to-thompson-concert-european-commission-strongly-condemns-any-expression-of-fascism-criminal-sanctions-possible\/","title":{"rendered":"EU REACTS TO THOMPSON CONCERT: European Commission &#8220;Strongly Condemns Any Expression of Fascism,&#8221; Criminal Sanctions Possible!"},"content":{"rendered":"\n<p>The European Commission announced today, regarding the recently held concert by <strong>Marko Perkovi\u0107 Thompson<\/strong>, known for displaying Usta\u0161e symbols in his songs and performances, that they <strong>strongly condemn any expression of fascism<\/strong> that recalls the darkest periods of European history. The Commission also reiterated that <strong>European Union member states are obligated to criminally sanction hate speech<\/strong>.<\/p>\n\n\n\n<p>This was the response from an EC spokesperson to Tanjug&#8217;s inquiry about the Commission&#8217;s reaction to the concert and the chanting of &#8220;Za dom spremni&#8221; and other Usta\u0161e symbolism used during performances.<\/p>\n\n\n\n<p>&#8220;At the EU level, there is a <strong>Framework Decision on combating racism and xenophobia<\/strong>, which obliges Member States to criminally sanction hate speech. This includes public incitement to violence or hatred against individuals or groups on grounds of race, color, religion, descent, or national or ethnic origin,&#8221; the EC stated in a press release.<\/p>\n\n\n\n<p>It was emphasized that Member States are also obliged to criminally prosecute the public approval, denial, or gross trivialization of crimes such as <strong>genocide, crimes against humanity, and war crimes<\/strong>.<\/p>\n\n\n\n<p>&#8220;For every individual report of hate speech or hate crime, the <strong>national authorities are competent<\/strong>, and they are obliged to act in accordance with national legislation by which they have implemented this Framework Decision,&#8221; the EC added.<\/p>\n\n\n\n<p>Marko Perkovi\u0107 Thompson is known for glorifying the Usta\u0161e in his songs and performances, where he often shouts &#8220;<strong>Za dom spremni<\/strong>&#8221; (For homeland ready), the official salute in the Nazi-aligned Independent State of Croatia, which is considered equivalent to the Nazi &#8220;Sieg Heil&#8221; salute.<\/p>\n\n\n\n<p>Thompson&#8217;s concerts have so far been banned in the Netherlands, Germany, Switzerland, and Slovenia, countries that describe him as a promoter of neo-Nazism and Usta\u0161ism.<\/p>\n\n\n\n<p>Following the concert in Zagreb, Croatian Prime Minister <strong>Andrej Plenkovi\u0107<\/strong> defended the originally Usta\u0161e salute &#8220;Za dom spremni&#8221; by stating that it is an &#8220;integral part of Thompson&#8217;s repertoire&#8221; and that &#8220;we all must be proud of the concert.&#8221;<\/p>\n\n\n\n<h4 class=\"wp-block-heading\"><mark style=\"background-color:rgba(0, 0, 0, 0);color:#c42929\" class=\"has-inline-color\">MORE TOPICS:<\/mark><\/h4>\n\n\n\n<p><strong>VU\u010cI\u0106 ON STUDENTS: \u201cTimes come when all the social dregs, the sludge, all the worst in a society surfaces\u201d<\/strong><\/p>\n\n\n\n<p><strong><a href=\"https:\/\/serbiantimes.info\/en\/texas-on-edge-these-are-the-girls-missing-from-the-camp-during-floods-search-continues-photos\/\">TEXAS ON EDGE: These are the Girls Missing from the Camp During Floods, Search Continues! (PHOTOS)<\/a><\/strong><\/p>\n\n\n\n<p><strong><a href=\"https:\/\/serbiantimes.info\/en\/interview-father-sasa-petrovic-the-patriarch-and-synod-do-not-constitute-the-fullness-of-the-church-but-rather-the-350000-spc-faithful-who-were-in-belgrade-on-march-15th-the-student-battle-is-our\/\">INTERVIEW, FATHER SA\u0160A PETROVI\u0106: The Patriarch and Synod do not constitute the fullness of the church, but rather the 350,000 SPC faithful who were in Belgrade on March 15th! The student battle is our last one\u2026<\/a><\/strong><\/p>\n\n\n\n<p><strong><a href=\"https:\/\/serbiantimes.info\/en\/zorana-mihajlovic-accuses-dokovic-of-treason-hes-siding-with-those-who-commit-violence-and-want-independent-kosovo-video\/\">ZORANA MIHAJLOVI\u0106 ACCUSES \u0110OKOVI\u0106 OF TREASON: \u201cHe\u2019s siding with those who commit violence and want independent Kosovo\u201d (VIDEO)<\/a><\/strong><\/p>\n\n\n\n<p><strong><a href=\"https:\/\/serbiantimes.info\/en\/remembering-michael-madsen-one-of-us-i-am-also-an-immigrant-serbia-welcomed-me-and-my-heart-now-belongs-here-2\/\">REMEMBERING MICHAEL MADSEN, ONE OF US: \u201cI am also an immigrant \u2013 Serbia welcomed me, and my heart now belongs here\u201d<\/a><\/strong><\/p>\n\n\n\n<p><strong><a href=\"https:\/\/serbiantimes.info\/en\/vucics-word-stronger-than-experts-highway-opens-even-though-experts-havent-signed-all-tunnel-safety-reports\/\">VU\u010cI\u0106\u2019S WORD STRONGER THAN EXPERTS: Highway Opens Even Though Experts Haven\u2019t Signed All Tunnel Safety Reports!<\/a><\/strong><\/p>\n\n\n\n<p><strong>Source<\/strong>:&nbsp;Tanjug; <strong>Foto<\/strong>: Pixabay<\/p>\n","protected":false},"excerpt":{"rendered":"<p>The European Commission announced today, regarding the recently held concert by Marko Perkovi\u0107 Thompson, known for displaying Usta\u0161e symbols in his songs and performances, that they strongly condemn any expression of fascism that recalls the darkest periods of European history. The Commission also reiterated that European Union member states are obligated to criminally sanction hate [&hellip;]<\/p>\n","protected":false},"author":2169,"featured_media":175176,"comment_status":"open","ping_status":"open","sticky":false,"template":"","format":"standard","meta":{"newspack_featured_image_position":"","newspack_post_subtitle":"","newspack_article_summary_title":"Overview:","newspack_article_summary":"","newspack_hide_updated_date":false,"newspack_show_updated_date":false,"footnotes":""},"categories":[4],"tags":[6888,73,6444,117,7491,1911,173,3222,113,7463,3224],"class_list":["post-182047","post","type-post","status-publish","format-standard","has-post-thumbnail","hentry","category-breaking","tag-evropska-komisija","tag-evropska-unija","tag-fasizam","tag-hrvatska","tag-marko-perkovic-tompson","tag-nacizam","tag-oluja","tag-srbi-u-hrvatskoj","tag-srbija","tag-tompson","tag-ustase","entry"],"aioseo_notices":[],"distributor_meta":false,"distributor_terms":false,"distributor_media":false,"distributor_original_site_name":"Serbiantimes.info EN","distributor_original_site_url":"https:\/\/serbiantimes.info\/en","push-errors":false,"_links":{"self":[{"href":"https:\/\/serbiantimes.info\/en\/wp-json\/wp\/v2\/posts\/182047","targetHints":{"allow":["GET"]}}],"collection":[{"href":"https:\/\/serbiantimes.info\/en\/wp-json\/wp\/v2\/posts"}],"about":[{"href":"https:\/\/serbiantimes.info\/en\/wp-json\/wp\/v2\/types\/post"}],"author":[{"embeddable":true,"href":"https:\/\/serbiantimes.info\/en\/wp-json\/wp\/v2\/users\/2169"}],"replies":[{"embeddable":true,"href":"https:\/\/serbiantimes.info\/en\/wp-json\/wp\/v2\/comments?post=182047"}],"version-history":[{"count":2,"href":"https:\/\/serbiantimes.info\/en\/wp-json\/wp\/v2\/posts\/182047\/revisions"}],"predecessor-version":[{"id":182089,"href":"https:\/\/serbiantimes.info\/en\/wp-json\/wp\/v2\/posts\/182047\/revisions\/182089"}],"wp:featuredmedia":[{"embeddable":true,"href":"https:\/\/serbiantimes.info\/en\/wp-json\/wp\/v2\/media\/175176"}],"wp:attachment":[{"href":"https:\/\/serbiantimes.info\/en\/wp-json\/wp\/v2\/media?parent=182047"}],"wp:term":[{"taxonomy":"category","embeddable":true,"href":"https:\/\/serbiantimes.info\/en\/wp-json\/wp\/v2\/categories?post=182047"},{"taxonomy":"post_tag","embeddable":true,"href":"https:\/\/serbiantimes.info\/en\/wp-json\/wp\/v2\/tags?post=182047"}],"curies":[{"name":"wp","href":"https:\/\/api.w.org\/{rel}","templated":true}]}}