{"id":182041,"date":"2025-07-08T22:12:29","date_gmt":"2025-07-08T20:12:29","guid":{"rendered":"https:\/\/serbiantimes.info\/en\/?p=182041"},"modified":"2025-07-08T22:12:30","modified_gmt":"2025-07-08T20:12:30","slug":"germany-on-protests-in-serbia-people-in-serbia-have-the-right-to-assemble-without-fear-of-violence-intimidation-or-arrest","status":"publish","type":"post","link":"https:\/\/serbiantimes.info\/en\/germany-on-protests-in-serbia-people-in-serbia-have-the-right-to-assemble-without-fear-of-violence-intimidation-or-arrest\/","title":{"rendered":"GERMANY ON PROTESTS IN SERBIA: &#8220;People in Serbia Have the Right to Assemble Without Fear of Violence, Intimidation, or Arrest&#8221;"},"content":{"rendered":"\n<p>&#8220;In our opinion, dialogue across society is now important,&#8221; stated the <strong>German Ministry of Foreign Affairs<\/strong> regarding the protests in Serbia.<\/p>\n\n\n\n<p>Responding to a DW inquiry about the protests in Serbia, the German Ministry of Foreign Affairs emphasized that &#8220;the <strong>right to freedom of assembly and expression applies to every person<\/strong>.&#8221;<\/p>\n\n\n\n<blockquote class=\"twitter-tweet\" data-media-max-width=\"560\"><p lang=\"und\" dir=\"ltr\">Nema\u010dko Ministarstvo spoljnih poslova <a href=\"https:\/\/twitter.com\/AuswaertigesAmt?ref_src=twsrc%5Etfw\">@AuswaertigesAmt<\/a> u odgovoru na upit <a href=\"https:\/\/twitter.com\/dw_balkan?ref_src=twsrc%5Etfw\">@dw_balkan<\/a> o protestima u Srbiji saop\u0161tava:<br><br>\u201ePravo na slobodu okupljanja i izra\u017eavanja odnosi se na svaku osobu. Kao kandidat za pristupanje EU, Srbija mora biti ocenjivana na osnovu toga kako se nosi sa\u2026 <a href=\"https:\/\/t.co\/sFXc61ZtO3\">pic.twitter.com\/sFXc61ZtO3<\/a><\/p>&mdash; DW Balkan BHS (@dw_balkan) <a href=\"https:\/\/twitter.com\/dw_balkan\/status\/1942275937892196595?ref_src=twsrc%5Etfw\">July 7, 2025<\/a><\/blockquote> <script async src=\"https:\/\/platform.twitter.com\/widgets.js\" charset=\"utf-8\"><\/script>\n\n\n\n<h3 class=\"wp-block-heading\">Call for Adherence to European Values<\/h3>\n\n\n\n<p>&#8220;As a candidate for EU accession, Serbia must be assessed based on how it handles fundamental European values and democratic principles such as critical expression, the application of the rule of law, and how much it respects human rights. People in Serbia have the right to freedom of expression \u2013 <strong>without fear of violence, intimidation, or arbitrary arrest<\/strong>. We call on all parties to refrain from violence and to de-escalate. In our opinion, dialogue across society is now important,&#8221; stated the German Ministry of Foreign Affairs.<\/p>\n\n\n\n<h4 class=\"wp-block-heading\"><mark style=\"background-color:rgba(0, 0, 0, 0);color:#c42929\" class=\"has-inline-color\">MORE TOPICS:<\/mark><\/h4>\n\n\n\n<p><strong>VU\u010cI\u0106 ON STUDENTS: \u201cTimes come when all the social dregs, the sludge, all the worst in a society surfaces\u201d<\/strong><\/p>\n\n\n\n<p><strong><a href=\"https:\/\/serbiantimes.info\/en\/texas-on-edge-these-are-the-girls-missing-from-the-camp-during-floods-search-continues-photos\/\">TEXAS ON EDGE: These are the Girls Missing from the Camp During Floods, Search Continues! (PHOTOS)<\/a><\/strong><\/p>\n\n\n\n<p><strong><a href=\"https:\/\/serbiantimes.info\/en\/interview-father-sasa-petrovic-the-patriarch-and-synod-do-not-constitute-the-fullness-of-the-church-but-rather-the-350000-spc-faithful-who-were-in-belgrade-on-march-15th-the-student-battle-is-our\/\">INTERVIEW, FATHER SA\u0160A PETROVI\u0106: The Patriarch and Synod do not constitute the fullness of the church, but rather the 350,000 SPC faithful who were in Belgrade on March 15th! The student battle is our last one\u2026<\/a><\/strong><\/p>\n\n\n\n<p><strong><a href=\"https:\/\/serbiantimes.info\/en\/zorana-mihajlovic-accuses-dokovic-of-treason-hes-siding-with-those-who-commit-violence-and-want-independent-kosovo-video\/\">ZORANA MIHAJLOVI\u0106 ACCUSES \u0110OKOVI\u0106 OF TREASON: \u201cHe\u2019s siding with those who commit violence and want independent Kosovo\u201d (VIDEO)<\/a><\/strong><\/p>\n\n\n\n<p><strong><a href=\"https:\/\/serbiantimes.info\/en\/remembering-michael-madsen-one-of-us-i-am-also-an-immigrant-serbia-welcomed-me-and-my-heart-now-belongs-here-2\/\">REMEMBERING MICHAEL MADSEN, ONE OF US: \u201cI am also an immigrant \u2013 Serbia welcomed me, and my heart now belongs here\u201d<\/a><\/strong><\/p>\n\n\n\n<p><strong><a href=\"https:\/\/serbiantimes.info\/en\/vucics-word-stronger-than-experts-highway-opens-even-though-experts-havent-signed-all-tunnel-safety-reports\/\">VU\u010cI\u0106\u2019S WORD STRONGER THAN EXPERTS: Highway Opens Even Though Experts Haven\u2019t Signed All Tunnel Safety Reports!<\/a><\/strong><\/p>\n\n\n\n<p><strong>Source<\/strong>:&nbsp;Vreme, <strong>Foto:<\/strong> Printscreen X @dw_balkan<\/p>\n","protected":false},"excerpt":{"rendered":"<p>&#8220;In our opinion, dialogue across society is now important,&#8221; stated the German Ministry of Foreign Affairs regarding the protests in Serbia. Responding to a DW inquiry about the protests in Serbia, the German Ministry of Foreign Affairs emphasized that &#8220;the right to freedom of assembly and expression applies to every person.&#8221; Nema\u010dko Ministarstvo spoljnih poslova [&hellip;]<\/p>\n","protected":false},"author":2169,"featured_media":182042,"comment_status":"open","ping_status":"open","sticky":false,"template":"","format":"standard","meta":{"newspack_featured_image_position":"","newspack_post_subtitle":"","newspack_article_summary_title":"Overview:","newspack_article_summary":"","newspack_hide_updated_date":false,"newspack_show_updated_date":false,"footnotes":""},"categories":[4],"tags":[253,3488,3715,1617,319,90,478,674,1328,113],"class_list":["post-182041","post","type-post","status-publish","format-standard","has-post-thumbnail","hentry","category-breaking","tag-beograd","tag-berlin","tag-demokratija","tag-hapsenje","tag-nasilje","tag-nemacka","tag-policija","tag-protesti","tag-sloboda","tag-srbija","entry"],"aioseo_notices":[],"distributor_meta":false,"distributor_terms":false,"distributor_media":false,"distributor_original_site_name":"Serbiantimes.info EN","distributor_original_site_url":"https:\/\/serbiantimes.info\/en","push-errors":false,"_links":{"self":[{"href":"https:\/\/serbiantimes.info\/en\/wp-json\/wp\/v2\/posts\/182041","targetHints":{"allow":["GET"]}}],"collection":[{"href":"https:\/\/serbiantimes.info\/en\/wp-json\/wp\/v2\/posts"}],"about":[{"href":"https:\/\/serbiantimes.info\/en\/wp-json\/wp\/v2\/types\/post"}],"author":[{"embeddable":true,"href":"https:\/\/serbiantimes.info\/en\/wp-json\/wp\/v2\/users\/2169"}],"replies":[{"embeddable":true,"href":"https:\/\/serbiantimes.info\/en\/wp-json\/wp\/v2\/comments?post=182041"}],"version-history":[{"count":2,"href":"https:\/\/serbiantimes.info\/en\/wp-json\/wp\/v2\/posts\/182041\/revisions"}],"predecessor-version":[{"id":182095,"href":"https:\/\/serbiantimes.info\/en\/wp-json\/wp\/v2\/posts\/182041\/revisions\/182095"}],"wp:featuredmedia":[{"embeddable":true,"href":"https:\/\/serbiantimes.info\/en\/wp-json\/wp\/v2\/media\/182042"}],"wp:attachment":[{"href":"https:\/\/serbiantimes.info\/en\/wp-json\/wp\/v2\/media?parent=182041"}],"wp:term":[{"taxonomy":"category","embeddable":true,"href":"https:\/\/serbiantimes.info\/en\/wp-json\/wp\/v2\/categories?post=182041"},{"taxonomy":"post_tag","embeddable":true,"href":"https:\/\/serbiantimes.info\/en\/wp-json\/wp\/v2\/tags?post=182041"}],"curies":[{"name":"wp","href":"https:\/\/api.w.org\/{rel}","templated":true}]}}