{"id":181896,"date":"2025-07-06T12:07:15","date_gmt":"2025-07-06T10:07:15","guid":{"rendered":"https:\/\/serbiantimes.info\/en\/?p=181896"},"modified":"2025-07-06T12:07:17","modified_gmt":"2025-07-06T10:07:17","slug":"extreme-storm-arriving-serbia-at-highest-risk-of-severe-weather-heres-when-winds-of-up-to-140-km-h-are-expected","status":"publish","type":"post","link":"https:\/\/serbiantimes.info\/en\/extreme-storm-arriving-serbia-at-highest-risk-of-severe-weather-heres-when-winds-of-up-to-140-km-h-are-expected\/","title":{"rendered":"EXTREME STORM ARRIVING: Serbia at Highest Risk of Severe Weather, Here&#8217;s When Winds of Up To 140 km\/h Are Expected!"},"content":{"rendered":"\n<p>After two tropical weeks, Serbia eagerly awaits cooler days! Moreover, for the first time this year, most likely on Tuesday, we will be at the <strong>highest risk of extreme stormy weather<\/strong>, announced Hailz Serbia.<\/p>\n\n\n\n<p>According to the announcement, for now, the region north of the Sava and Danube rivers and the area 50-70 kilometers south of the Sava and Danube are the path for storm systems moving in a southwesterly current.<\/p>\n\n\n\n<p>Strong and extreme vertical wind shear over a large area, with present instability, will allow for the formation of long-lived storm systems that could travel hundreds of kilometers at speeds of <strong>70-100 km\/h towards Romania<\/strong>.<\/p>\n\n\n\n<h4 class=\"wp-block-heading\"><mark style=\"background-color:#FFFFFF;color:#d21414\" class=\"has-inline-color\">FIND OUT MORE:<\/mark><\/h4>\n\n\n\n<iframe loading=\"lazy\" src=\"https:\/\/www.facebook.com\/plugins\/post.php?href=https%3A%2F%2Fwww.facebook.com%2Fserbiantimes%2Fposts%2Fpfbid0ZwnXpPJzvn8DhbVDEoeRuALPqL5ExN9zUDsxuhSGK8TTPKmnHc8785Qj94HaDrm1l&#038;show_text=true&#038;width=500\" width=\"500\" height=\"543\" style=\"border:none;overflow:hidden\" scrolling=\"no\" frameborder=\"0\" allowfullscreen=\"true\" allow=\"autoplay; clipboard-write; encrypted-media; picture-in-picture; web-share\"><\/iframe>\n\n\n\n<p>A pronounced trough will initiate storms west of Serbia, and a mixture of large supercells and linear convective systems is expected on their further path towards Romania.<\/p>\n\n\n\n<p>Conditions support <strong>hurricane-force wind gusts of up to 140 km\/h<\/strong> within linear systems and <strong>giant hail, on a smaller area, up to 10 cm in diameter<\/strong> in the case of isolated supercells, which can be wind-driven. This situation will be closely monitored over the next two days, and the stated predictions are preliminary.<\/p>\n\n\n\n<p>Before the Pannonian Plain, such strong storms will first be recorded in northern Italy on Sunday and Monday.<\/p>\n\n\n\n<h4 class=\"wp-block-heading\"><mark style=\"background-color:rgba(0, 0, 0, 0);color:#c42929\" class=\"has-inline-color\">MORE TOPICS:<\/mark><\/h4>\n\n\n\n<p><strong>VU\u010cI\u0106 ON STUDENTS: \u201cTimes come when all the social dregs, the sludge, all the worst in a society surfaces\u201d<\/strong><\/p>\n\n\n\n<p><strong><a href=\"https:\/\/serbiantimes.info\/en\/texas-on-edge-these-are-the-girls-missing-from-the-camp-during-floods-search-continues-photos\/\">TEXAS ON EDGE: These are the Girls Missing from the Camp During Floods, Search Continues! (PHOTOS)<\/a><\/strong><\/p>\n\n\n\n<p><strong><a href=\"https:\/\/serbiantimes.info\/en\/interview-father-sasa-petrovic-the-patriarch-and-synod-do-not-constitute-the-fullness-of-the-church-but-rather-the-350000-spc-faithful-who-were-in-belgrade-on-march-15th-the-student-battle-is-our\/\">INTERVIEW, FATHER SA\u0160A PETROVI\u0106: The Patriarch and Synod do not constitute the fullness of the church, but rather the 350,000 SPC faithful who were in Belgrade on March 15th! The student battle is our last one\u2026<\/a><\/strong><\/p>\n\n\n\n<p><strong><a href=\"https:\/\/serbiantimes.info\/en\/zorana-mihajlovic-accuses-dokovic-of-treason-hes-siding-with-those-who-commit-violence-and-want-independent-kosovo-video\/\">ZORANA MIHAJLOVI\u0106 ACCUSES \u0110OKOVI\u0106 OF TREASON: \u201cHe\u2019s siding with those who commit violence and want independent Kosovo\u201d (VIDEO)<\/a><\/strong><\/p>\n\n\n\n<p><strong><a href=\"https:\/\/serbiantimes.info\/en\/remembering-michael-madsen-one-of-us-i-am-also-an-immigrant-serbia-welcomed-me-and-my-heart-now-belongs-here-2\/\">REMEMBERING MICHAEL MADSEN, ONE OF US: \u201cI am also an immigrant \u2013 Serbia welcomed me, and my heart now belongs here\u201d<\/a><\/strong><\/p>\n\n\n\n<p><strong><a href=\"https:\/\/serbiantimes.info\/en\/vucics-word-stronger-than-experts-highway-opens-even-though-experts-havent-signed-all-tunnel-safety-reports\/\">VU\u010cI\u0106\u2019S WORD STRONGER THAN EXPERTS: Highway Opens Even Though Experts Haven\u2019t Signed All Tunnel Safety Reports!<\/a><\/strong><\/p>\n\n\n\n<p><strong>Source<\/strong>:&nbsp;Telegraf,&nbsp;<strong>Foto:&nbsp;<\/strong>Shutterstock<\/p>\n","protected":false},"excerpt":{"rendered":"<p>After two tropical weeks, Serbia eagerly awaits cooler days! Moreover, for the first time this year, most likely on Tuesday, we will be at the highest risk of extreme stormy weather, announced Hailz Serbia. According to the announcement, for now, the region north of the Sava and Danube rivers and the area 50-70 kilometers south [&hellip;]<\/p>\n","protected":false},"author":2169,"featured_media":171282,"comment_status":"open","ping_status":"open","sticky":false,"template":"","format":"standard","meta":{"newspack_featured_image_position":"","newspack_post_subtitle":"","newspack_article_summary_title":"Overview:","newspack_article_summary":"","newspack_hide_updated_date":false,"newspack_show_updated_date":false,"footnotes":""},"categories":[7],"tags":[311,173,7453,4221,7454,113,7455],"class_list":["post-181896","post","type-post","status-publish","format-standard","has-post-thumbnail","hentry","category-serbia","tag-nevreme","tag-oluja","tag-orkan","tag-rhmz","tag-rizik","tag-srbija","tag-supercelija","entry"],"aioseo_notices":[],"distributor_meta":false,"distributor_terms":false,"distributor_media":false,"distributor_original_site_name":"Serbiantimes.info EN","distributor_original_site_url":"https:\/\/serbiantimes.info\/en","push-errors":false,"_links":{"self":[{"href":"https:\/\/serbiantimes.info\/en\/wp-json\/wp\/v2\/posts\/181896","targetHints":{"allow":["GET"]}}],"collection":[{"href":"https:\/\/serbiantimes.info\/en\/wp-json\/wp\/v2\/posts"}],"about":[{"href":"https:\/\/serbiantimes.info\/en\/wp-json\/wp\/v2\/types\/post"}],"author":[{"embeddable":true,"href":"https:\/\/serbiantimes.info\/en\/wp-json\/wp\/v2\/users\/2169"}],"replies":[{"embeddable":true,"href":"https:\/\/serbiantimes.info\/en\/wp-json\/wp\/v2\/comments?post=181896"}],"version-history":[{"count":2,"href":"https:\/\/serbiantimes.info\/en\/wp-json\/wp\/v2\/posts\/181896\/revisions"}],"predecessor-version":[{"id":181922,"href":"https:\/\/serbiantimes.info\/en\/wp-json\/wp\/v2\/posts\/181896\/revisions\/181922"}],"wp:featuredmedia":[{"embeddable":true,"href":"https:\/\/serbiantimes.info\/en\/wp-json\/wp\/v2\/media\/171282"}],"wp:attachment":[{"href":"https:\/\/serbiantimes.info\/en\/wp-json\/wp\/v2\/media?parent=181896"}],"wp:term":[{"taxonomy":"category","embeddable":true,"href":"https:\/\/serbiantimes.info\/en\/wp-json\/wp\/v2\/categories?post=181896"},{"taxonomy":"post_tag","embeddable":true,"href":"https:\/\/serbiantimes.info\/en\/wp-json\/wp\/v2\/tags?post=181896"}],"curies":[{"name":"wp","href":"https:\/\/api.w.org\/{rel}","templated":true}]}}