{"id":181839,"date":"2025-07-05T17:18:40","date_gmt":"2025-07-05T15:18:40","guid":{"rendered":"https:\/\/serbiantimes.info\/en\/?p=181839"},"modified":"2025-07-05T20:02:34","modified_gmt":"2025-07-05T18:02:34","slug":"dodik-voluntarily-appeared-in-bih-court-detention-lifted-with-mandatory-police-reporting","status":"publish","type":"post","link":"https:\/\/serbiantimes.info\/en\/dodik-voluntarily-appeared-in-bih-court-detention-lifted-with-mandatory-police-reporting\/","title":{"rendered":"DODIK VOLUNTARILY APPEARED IN BIH COURT: Detention Lifted with Mandatory Police Reporting!"},"content":{"rendered":"\n<p><strong><em>President of Republika Srpska Milorad Dodik commented on the decision of the Court of Bosnia and Herzegovina to lift his detention, emphasizing that the decision is significant not only for him but also for all those who, as he stated, tried to destabilize the situation in BiH.<sup>1<\/sup><\/em><\/strong><\/p>\n\n\n\n<p>In a statement for RTRS, Dodik stressed that the lifting of his detention also means the lifting of the travel ban from BiH, as well as freedom of movement within the country. &#8220;I think this is an important matter not only for me personally but also for all ill-wishers who wanted destabilization and to create additional problems in BiH through this case,&#8221; Dodik said. According to him, he voluntarily agreed to report to the BiH Court, and after an hour and a half, he received a decision on the lifting of his detention, as well as the cancellation of the warrant for his arrest both domestically and abroad. Dodik emphasized that, despite this decision, the case is still not closed.<\/p>\n\n\n\n<p>&#8220;Of course, it&#8217;s a case that will still last,&#8221; Dodik added, noting that he will continue to report to the Lakta\u0161i police station every 15 days. &#8220;I don&#8217;t feel triumphant, but rather tired of it all,&#8221; Dodik concluded.<\/p>\n\n\n\n<p>He added that this step is significant for him because it means the return of his freedom of movement. The BiH Court yesterday accepted the BiH Prosecutor&#8217;s Office&#8217;s proposal to lift Dodik&#8217;s detention, explaining that the reasons for which detention was previously ordered no longer existed.<\/p>\n\n\n\n<p>Additionally, the arrest warrant issued by the BiH Court for Dodik was also revoked. Detention had been ordered due to reasonable suspicion that Dodik had committed the criminal offense of &#8220;attack on the constitutional order,&#8221; reports Tanjug.<sup>2<\/sup><\/p>\n\n\n\n<p><strong>Source: <\/strong>Politika, <strong>Photo:<\/strong> TANJUG<\/p>\n\n\n\n<h3 class=\"wp-block-heading\">MORE TOPICS: <\/h3>\n\n\n\n<p><strong>VU\u010cI\u0106 ON STUDENTS: \u201cTimes come when all the social dregs, the sludge, all the worst in a society surfaces\u201d<\/strong><\/p>\n\n\n\n<p><strong><a href=\"https:\/\/serbiantimes.info\/en\/texas-on-edge-these-are-the-girls-missing-from-the-camp-during-floods-search-continues-photos\/\" title=\"\">TEXAS ON EDGE: These are the Girls Missing from the Camp During Floods, Search Continues! (PHOTOS)<\/a><\/strong><\/p>\n\n\n\n<p><strong><a href=\"https:\/\/serbiantimes.info\/en\/interview-father-sasa-petrovic-the-patriarch-and-synod-do-not-constitute-the-fullness-of-the-church-but-rather-the-350000-spc-faithful-who-were-in-belgrade-on-march-15th-the-student-battle-is-our\/\" title=\"\">INTERVIEW, FATHER SA\u0160A PETROVI\u0106: The Patriarch and Synod do not constitute the fullness of the church, but rather the 350,000 SPC faithful who were in Belgrade on March 15th! The student battle is our last one\u2026<\/a><\/strong><\/p>\n\n\n\n<p><strong><a href=\"https:\/\/serbiantimes.info\/en\/zorana-mihajlovic-accuses-dokovic-of-treason-hes-siding-with-those-who-commit-violence-and-want-independent-kosovo-video\/\" title=\"\">ZORANA MIHAJLOVI\u0106 ACCUSES \u0110OKOVI\u0106 OF TREASON: \u201cHe\u2019s siding with those who commit violence and want independent Kosovo\u201d (VIDEO)<\/a><\/strong><\/p>\n\n\n\n<p><strong><a href=\"https:\/\/serbiantimes.info\/en\/remembering-michael-madsen-one-of-us-i-am-also-an-immigrant-serbia-welcomed-me-and-my-heart-now-belongs-here-2\/\" title=\"\">REMEMBERING MICHAEL MADSEN, ONE OF US: \u201cI am also an immigrant \u2013 Serbia welcomed me, and my heart now belongs here\u201d<\/a><\/strong><\/p>\n\n\n\n<p><strong><a href=\"https:\/\/serbiantimes.info\/en\/vucics-word-stronger-than-experts-highway-opens-even-though-experts-havent-signed-all-tunnel-safety-reports\/\" title=\"\">VU\u010cI\u0106\u2019S WORD STRONGER THAN EXPERTS: Highway Opens Even Though Experts Haven\u2019t Signed All Tunnel Safety Reports!<br><\/a><\/strong><\/p>\n","protected":false},"excerpt":{"rendered":"<p>President of Republika Srpska Milorad Dodik commented on the decision of the Court of Bosnia and Herzegovina to lift his detention, emphasizing that the decision is significant not only for him but also for all those who, as he stated, tried to destabilize the situation in BiH.1 In a statement for RTRS, Dodik stressed that [&hellip;]<\/p>\n","protected":false},"author":8,"featured_media":181882,"comment_status":"open","ping_status":"open","sticky":false,"template":"","format":"standard","meta":{"newspack_featured_image_position":"","newspack_post_subtitle":"","newspack_article_summary_title":"Overview:","newspack_article_summary":"","newspack_hide_updated_date":false,"newspack_show_updated_date":false,"footnotes":""},"categories":[8],"tags":[1314,218,666],"class_list":["post-181839","post","type-post","status-publish","format-standard","has-post-thumbnail","hentry","category-balkan","tag-court","tag-milorad-dodik","tag-police","entry"],"aioseo_notices":[],"distributor_meta":false,"distributor_terms":false,"distributor_media":false,"distributor_original_site_name":"Serbiantimes.info EN","distributor_original_site_url":"https:\/\/serbiantimes.info\/en","push-errors":false,"_links":{"self":[{"href":"https:\/\/serbiantimes.info\/en\/wp-json\/wp\/v2\/posts\/181839","targetHints":{"allow":["GET"]}}],"collection":[{"href":"https:\/\/serbiantimes.info\/en\/wp-json\/wp\/v2\/posts"}],"about":[{"href":"https:\/\/serbiantimes.info\/en\/wp-json\/wp\/v2\/types\/post"}],"author":[{"embeddable":true,"href":"https:\/\/serbiantimes.info\/en\/wp-json\/wp\/v2\/users\/8"}],"replies":[{"embeddable":true,"href":"https:\/\/serbiantimes.info\/en\/wp-json\/wp\/v2\/comments?post=181839"}],"version-history":[{"count":2,"href":"https:\/\/serbiantimes.info\/en\/wp-json\/wp\/v2\/posts\/181839\/revisions"}],"predecessor-version":[{"id":181881,"href":"https:\/\/serbiantimes.info\/en\/wp-json\/wp\/v2\/posts\/181839\/revisions\/181881"}],"wp:featuredmedia":[{"embeddable":true,"href":"https:\/\/serbiantimes.info\/en\/wp-json\/wp\/v2\/media\/181882"}],"wp:attachment":[{"href":"https:\/\/serbiantimes.info\/en\/wp-json\/wp\/v2\/media?parent=181839"}],"wp:term":[{"taxonomy":"category","embeddable":true,"href":"https:\/\/serbiantimes.info\/en\/wp-json\/wp\/v2\/categories?post=181839"},{"taxonomy":"post_tag","embeddable":true,"href":"https:\/\/serbiantimes.info\/en\/wp-json\/wp\/v2\/tags?post=181839"}],"curies":[{"name":"wp","href":"https:\/\/api.w.org\/{rel}","templated":true}]}}