{"id":181600,"date":"2025-07-02T14:02:56","date_gmt":"2025-07-02T12:02:56","guid":{"rendered":"https:\/\/serbiantimes.info\/en\/?p=181600"},"modified":"2025-07-02T14:02:57","modified_gmt":"2025-07-02T12:02:57","slug":"people-fled-in-panic-masked-men-threw-flares-and-set-fire-to-a-cafe-in-the-center-of-belgrade-video","status":"publish","type":"post","link":"https:\/\/serbiantimes.info\/en\/people-fled-in-panic-masked-men-threw-flares-and-set-fire-to-a-cafe-in-the-center-of-belgrade-video\/","title":{"rendered":"PEOPLE FLED IN PANIC: Masked Men Threw Flares and Set Fire to a Cafe in the Center of Belgrade! (VIDEO)"},"content":{"rendered":"\n<p class=\"wp-block-paragraph\">Unknown individuals threw lit flares into a cafe at the corner of Molerova and Njego\u0161eva streets in Belgrade.<\/p>\n\n\n\n<p class=\"wp-block-paragraph\">As can be seen in the video, people are running out of a cafe in a panic.<\/p>\n\n\n\n<blockquote class=\"twitter-tweet\"><p lang=\"und\" dir=\"ltr\"><a href=\"https:\/\/twitter.com\/hashtag\/Repost?src=hash&amp;ref_src=twsrc%5Etfw\">#Repost<\/a> @n1srbija_<br><br>U dva kafi\u0107a na uglu Molerove i Njego\u0161eve ulice u Beogradu, nepoznata lica ubacila su zapaljene baklje.<br><br>Kako se mo\u017ee videti na video snimku, iz jednog od kafi\u0107a \u201cZrno\u201d uspani\u010deno istr\u010davaju ljudi.<br><br>Ko je, i za\u0161to ubacio baklje za sada nije poznato. <a href=\"https:\/\/t.co\/k743k1JW4Y\">pic.twitter.com\/k743k1JW4Y<\/a><\/p>&mdash; \u017deljko Kisa (@ZeljkoKisa) <a href=\"https:\/\/twitter.com\/ZeljkoKisa\/status\/1940154785388511339?ref_src=twsrc%5Etfw\">July 1, 2025<\/a><\/blockquote> <script async src=\"https:\/\/platform.twitter.com\/widgets.js\" charset=\"utf-8\"><\/script>\n\n\n\n<p class=\"wp-block-paragraph\">N1 learns that two masked young men threw the flares, one person was lightly injured, police and emergency services are on the scene, and the fire has been extinguished.<\/p>\n\n\n\n<p class=\"wp-block-paragraph\">Who threw the flares, and why, is currently unknown.<\/p>\n\n\n\n<h4 class=\"wp-block-heading\"><mark style=\"background-color:#FFFFFF;color:#d21414\" class=\"has-inline-color\">MORE TOPICS:<\/mark><\/h4>\n\n\n\n<p class=\"wp-block-paragraph\"><strong><a href=\"https:\/\/serbiantimes.info\/en\/ecological-catastrophe-in-serbia-unprecedented-fish-kill-in-raska-everything-that-was-in-the-river-is-dead\/\" target=\"_blank\" rel=\"noopener\" title=\"\">ECOLOGICAL CATASTROPHE IN SERBIA: Unprecedented fish kill in Ra\u0161ka; \u201cEverything that was in the river is dead\u201d!<\/a><\/strong><\/p>\n\n\n\n<p class=\"wp-block-paragraph\"><strong><a href=\"https:\/\/serbiantimes.info\/en\/police-officers-in-balaclavas-removed-barricades-in-zemun-blockade-also-interrupted-in-pancevo-heres-what-students-say\/\" target=\"_blank\" rel=\"noopener\" title=\"\">POLICE OFFICERS IN BALACLAVAS REMOVED BARRICADES IN ZEMUN: Blockade also interrupted in Pan\u010devo; Here\u2019s what students say!<\/a><\/strong><\/p>\n\n\n\n<p class=\"wp-block-paragraph\"><strong><a href=\"https:\/\/serbiantimes.info\/en\/charged-at-citizens-at-full-speed-with-police-vans-police-violently-broke-up-blockades-during-the-night-video\/\" target=\"_blank\" rel=\"noopener\" title=\"\">CHARGED AT CITIZENS AT FULL SPEED WITH POLICE VANS: Police violently broke up blockades during the night! (VIDEO)<\/a><\/strong><\/p>\n\n\n\n<p class=\"wp-block-paragraph\"><strong><a href=\"https:\/\/serbiantimes.info\/en\/received-a-blessing-for-the-new-film-resurrection-on-hilandar-mel-gibson-listened-to-stories-about-vidovdan-kosovo-battle-went-to-liturgies-with-serbian-monks-photo\/\" target=\"_blank\" rel=\"noopener\" title=\"\">RECEIVED A BLESSING FOR THE NEW FILM \u201cRESURRECTION\u201d ON HILANDAR: Mel Gibson listened to stories about Vidovdan, Kosovo battle; Went to liturgies with Serbian monks! (PHOTO)<\/a><\/strong><\/p>\n\n\n\n<p class=\"wp-block-paragraph\"><strong><a href=\"https:\/\/serbiantimes.info\/en\/colombia-sent-a-protest-note-serbian-police-arrested-famous-professor-accused-him-of-terrorism\/\" target=\"_blank\" rel=\"noopener\" title=\"\">COLOMBIA SENT A PROTEST NOTE: Serbian police arrested famous professor; Accused him of terrorism!<\/a><\/strong><\/p>\n\n\n\n<p class=\"wp-block-paragraph\"><strong><strong>Source<\/strong><\/strong>: Nova.rs; <strong>Foto<\/strong>: Printscreen X<\/p>\n","protected":false},"excerpt":{"rendered":"<p>Unknown individuals threw lit flares into a cafe at the corner of Molerova and Njego\u0161eva streets in Belgrade. As can be seen in the video, people are running out of a cafe in a panic. #Repost @n1srbija_ U dva kafi\u0107a na uglu Molerove i Njego\u0161eve ulice u Beogradu, nepoznata lica ubacila su zapaljene baklje. Kako [&hellip;]<\/p>\n","protected":false},"author":2169,"featured_media":181601,"comment_status":"open","ping_status":"open","sticky":false,"template":"","format":"standard","meta":{"newspack_featured_image_position":"","newspack_post_subtitle":"","newspack_article_summary_title":"Overview:","newspack_article_summary":"","newspack_hide_updated_date":false,"newspack_show_updated_date":false,"footnotes":""},"categories":[7],"tags":[6781,7038,7397,319,7398,2853,113,15],"class_list":["post-181600","post","type-post","status-publish","format-standard","has-post-thumbnail","hentry","category-serbia","tag-baklje","tag-huligani","tag-kafic","tag-nasilje","tag-neredi-u-srbiji","tag-pozar","tag-srbija","tag-video","entry"],"aioseo_notices":[],"aioseo_head":"\n\t\t<!-- All in One SEO 5.0.1.1 - aioseo.com -->\n\t<meta name=\"description\" content=\"Unknown individuals threw lit flares into a cafe at the corner of Molerova and Njego\u0161eva streets in Belgrade. As can be seen in the video, people are running out of a cafe in a panic. #Repost @n1srbija_U dva kafi\u0107a na uglu Molerove i Njego\u0161eve ulice u Beogradu, nepoznata lica ubacila su zapaljene baklje.Kako se mo\u017ee\" \/>\n\t<meta name=\"robots\" content=\"max-image-preview:large\" \/>\n\t<meta name=\"author\" content=\"Serbian Times\"\/>\n\t<link rel=\"canonical\" href=\"https:\/\/serbiantimes.info\/en\/people-fled-in-panic-masked-men-threw-flares-and-set-fire-to-a-cafe-in-the-center-of-belgrade-video\/\" \/>\n\t<meta name=\"generator\" content=\"All in One SEO (AIOSEO) 5.0.1.1\" \/>\n\t\t<meta property=\"og:locale\" content=\"en_US\" \/>\n\t\t<meta property=\"og:site_name\" content=\"Serbiantimes.info EN |\" \/>\n\t\t<meta property=\"og:type\" content=\"article\" \/>\n\t\t<meta property=\"og:title\" content=\"PEOPLE FLED IN PANIC: Masked Men Threw Flares and Set Fire to a Cafe in the Center of Belgrade! (VIDEO) | Serbiantimes.info EN\" \/>\n\t\t<meta property=\"og:description\" content=\"Unknown individuals threw lit flares into a cafe at the corner of Molerova and Njego\u0161eva streets in Belgrade. As can be seen in the video, people are running out of a cafe in a panic. #Repost @n1srbija_U dva kafi\u0107a na uglu Molerove i Njego\u0161eve ulice u Beogradu, nepoznata lica ubacila su zapaljene baklje.Kako se mo\u017ee\" \/>\n\t\t<meta property=\"og:url\" content=\"https:\/\/serbiantimes.info\/en\/people-fled-in-panic-masked-men-threw-flares-and-set-fire-to-a-cafe-in-the-center-of-belgrade-video\/\" \/>\n\t\t<meta property=\"og:image\" content=\"https:\/\/serbiantimes.info\/en\/wp-content\/uploads\/sites\/2\/2025\/07\/ST-Montaze-1.jpg\" \/>\n\t\t<meta property=\"og:image:secure_url\" content=\"https:\/\/serbiantimes.info\/en\/wp-content\/uploads\/sites\/2\/2025\/07\/ST-Montaze-1.jpg\" \/>\n\t\t<meta property=\"og:image:width\" content=\"1200\" \/>\n\t\t<meta property=\"og:image:height\" content=\"750\" \/>\n\t\t<meta property=\"article:published_time\" content=\"2025-07-02T12:02:56+00:00\" \/>\n\t\t<meta property=\"article:modified_time\" content=\"2025-07-02T12:02:57+00:00\" \/>\n\t\t<meta name=\"twitter:card\" content=\"summary_large_image\" \/>\n\t\t<meta name=\"twitter:title\" content=\"PEOPLE FLED IN PANIC: Masked Men Threw Flares and Set Fire to a Cafe in the Center of Belgrade! (VIDEO) | Serbiantimes.info EN\" \/>\n\t\t<meta name=\"twitter:description\" content=\"Unknown individuals threw lit flares into a cafe at the corner of Molerova and Njego\u0161eva streets in Belgrade. As can be seen in the video, people are running out of a cafe in a panic. #Repost @n1srbija_U dva kafi\u0107a na uglu Molerove i Njego\u0161eve ulice u Beogradu, nepoznata lica ubacila su zapaljene baklje.Kako se mo\u017ee\" \/>\n\t\t<meta name=\"twitter:image\" content=\"https:\/\/serbiantimes.info\/en\/wp-content\/uploads\/sites\/2\/2025\/07\/ST-Montaze-1.jpg\" \/>\n\t\t<script type=\"application\/ld+json\" class=\"aioseo-schema\">\n\t\t\t{\"@context\":\"https:\\\/\\\/schema.org\",\"@graph\":[{\"@type\":\"BlogPosting\",\"@id\":\"https:\\\/\\\/serbiantimes.info\\\/en\\\/people-fled-in-panic-masked-men-threw-flares-and-set-fire-to-a-cafe-in-the-center-of-belgrade-video\\\/#blogposting\",\"name\":\"PEOPLE FLED IN PANIC: Masked Men Threw Flares and Set Fire to a Cafe in the Center of Belgrade! (VIDEO) | Serbiantimes.info EN\",\"headline\":\"PEOPLE FLED IN PANIC: Masked Men Threw Flares and Set Fire to a Cafe in the Center of Belgrade! (VIDEO)\",\"author\":{\"@id\":\"https:\\\/\\\/serbiantimes.info\\\/en\\\/author\\\/serbiantimes-portal\\\/#author\"},\"publisher\":{\"@id\":\"https:\\\/\\\/serbiantimes.info\\\/en\\\/#organization\"},\"image\":{\"@type\":\"ImageObject\",\"url\":\"https:\\\/\\\/serbiantimes.info\\\/en\\\/wp-content\\\/uploads\\\/sites\\\/2\\\/2025\\\/07\\\/ST-Montaze-1.jpg\",\"width\":1200,\"height\":750},\"datePublished\":\"2025-07-02T14:02:56+02:00\",\"dateModified\":\"2025-07-02T14:02:57+02:00\",\"inLanguage\":\"en-US\",\"mainEntityOfPage\":{\"@id\":\"https:\\\/\\\/serbiantimes.info\\\/en\\\/people-fled-in-panic-masked-men-threw-flares-and-set-fire-to-a-cafe-in-the-center-of-belgrade-video\\\/#webpage\"},\"isPartOf\":{\"@id\":\"https:\\\/\\\/serbiantimes.info\\\/en\\\/people-fled-in-panic-masked-men-threw-flares-and-set-fire-to-a-cafe-in-the-center-of-belgrade-video\\\/#webpage\"},\"articleSection\":\"SERBIA, baklje, huligani, kafi\\u0107, nasilje, neredi u srbiji, po\\u017ear, Srbija, Video\"},{\"@type\":\"BreadcrumbList\",\"@id\":\"https:\\\/\\\/serbiantimes.info\\\/en\\\/people-fled-in-panic-masked-men-threw-flares-and-set-fire-to-a-cafe-in-the-center-of-belgrade-video\\\/#breadcrumblist\",\"itemListElement\":[{\"@type\":\"ListItem\",\"@id\":\"https:\\\/\\\/serbiantimes.info\\\/en#listItem\",\"position\":1,\"name\":\"Home\",\"item\":\"https:\\\/\\\/serbiantimes.info\\\/en\",\"nextItem\":{\"@type\":\"ListItem\",\"@id\":\"https:\\\/\\\/serbiantimes.info\\\/en\\\/category\\\/serbia\\\/#listItem\",\"name\":\"SERBIA\"}},{\"@type\":\"ListItem\",\"@id\":\"https:\\\/\\\/serbiantimes.info\\\/en\\\/category\\\/serbia\\\/#listItem\",\"position\":2,\"name\":\"SERBIA\",\"item\":\"https:\\\/\\\/serbiantimes.info\\\/en\\\/category\\\/serbia\\\/\",\"nextItem\":{\"@type\":\"ListItem\",\"@id\":\"https:\\\/\\\/serbiantimes.info\\\/en\\\/people-fled-in-panic-masked-men-threw-flares-and-set-fire-to-a-cafe-in-the-center-of-belgrade-video\\\/#listItem\",\"name\":\"PEOPLE FLED IN PANIC: Masked Men Threw Flares and Set Fire to a Cafe in the Center of Belgrade! (VIDEO)\"},\"previousItem\":{\"@type\":\"ListItem\",\"@id\":\"https:\\\/\\\/serbiantimes.info\\\/en#listItem\",\"name\":\"Home\"}},{\"@type\":\"ListItem\",\"@id\":\"https:\\\/\\\/serbiantimes.info\\\/en\\\/people-fled-in-panic-masked-men-threw-flares-and-set-fire-to-a-cafe-in-the-center-of-belgrade-video\\\/#listItem\",\"position\":3,\"name\":\"PEOPLE FLED IN PANIC: Masked Men Threw Flares and Set Fire to a Cafe in the Center of Belgrade! (VIDEO)\",\"previousItem\":{\"@type\":\"ListItem\",\"@id\":\"https:\\\/\\\/serbiantimes.info\\\/en\\\/category\\\/serbia\\\/#listItem\",\"name\":\"SERBIA\"}}]},{\"@type\":\"Organization\",\"@id\":\"https:\\\/\\\/serbiantimes.info\\\/en\\\/#organization\",\"name\":\"Serbiantimes.info EN\",\"url\":\"https:\\\/\\\/serbiantimes.info\\\/en\\\/\",\"logo\":{\"@type\":\"ImageObject\",\"url\":\"https:\\\/\\\/serbiantimes.info\\\/en\\\/wp-content\\\/uploads\\\/sites\\\/2\\\/2024\\\/10\\\/cropped-cropped-Serbian-Times-Header-Logo-1.png\",\"@id\":\"https:\\\/\\\/serbiantimes.info\\\/en\\\/people-fled-in-panic-masked-men-threw-flares-and-set-fire-to-a-cafe-in-the-center-of-belgrade-video\\\/#organizationLogo\",\"width\":480,\"height\":100},\"image\":{\"@id\":\"https:\\\/\\\/serbiantimes.info\\\/en\\\/people-fled-in-panic-masked-men-threw-flares-and-set-fire-to-a-cafe-in-the-center-of-belgrade-video\\\/#organizationLogo\"}},{\"@type\":\"Person\",\"@id\":\"https:\\\/\\\/serbiantimes.info\\\/en\\\/author\\\/serbiantimes-portal\\\/#author\",\"url\":\"https:\\\/\\\/serbiantimes.info\\\/en\\\/author\\\/serbiantimes-portal\\\/\",\"name\":\"Serbian Times\",\"image\":{\"@type\":\"ImageObject\",\"@id\":\"https:\\\/\\\/serbiantimes.info\\\/en\\\/people-fled-in-panic-masked-men-threw-flares-and-set-fire-to-a-cafe-in-the-center-of-belgrade-video\\\/#authorImage\",\"url\":\"https:\\\/\\\/secure.gravatar.com\\\/avatar\\\/ea76e009769270b4193e2bc7e032c096b4ae135483ec03b396fd0f520bc3dcfd?s=96&d=mm&r=g\",\"width\":96,\"height\":96,\"caption\":\"Serbian Times\"}},{\"@type\":\"WebPage\",\"@id\":\"https:\\\/\\\/serbiantimes.info\\\/en\\\/people-fled-in-panic-masked-men-threw-flares-and-set-fire-to-a-cafe-in-the-center-of-belgrade-video\\\/#webpage\",\"url\":\"https:\\\/\\\/serbiantimes.info\\\/en\\\/people-fled-in-panic-masked-men-threw-flares-and-set-fire-to-a-cafe-in-the-center-of-belgrade-video\\\/\",\"name\":\"PEOPLE FLED IN PANIC: Masked Men Threw Flares and Set Fire to a Cafe in the Center of Belgrade! (VIDEO) | Serbiantimes.info EN\",\"description\":\"Unknown individuals threw lit flares into a cafe at the corner of Molerova and Njego\\u0161eva streets in Belgrade. As can be seen in the video, people are running out of a cafe in a panic. #Repost @n1srbija_U dva kafi\\u0107a na uglu Molerove i Njego\\u0161eve ulice u Beogradu, nepoznata lica ubacila su zapaljene baklje.Kako se mo\\u017ee\",\"inLanguage\":\"en-US\",\"isPartOf\":{\"@id\":\"https:\\\/\\\/serbiantimes.info\\\/en\\\/#website\"},\"breadcrumb\":{\"@id\":\"https:\\\/\\\/serbiantimes.info\\\/en\\\/people-fled-in-panic-masked-men-threw-flares-and-set-fire-to-a-cafe-in-the-center-of-belgrade-video\\\/#breadcrumblist\"},\"author\":{\"@id\":\"https:\\\/\\\/serbiantimes.info\\\/en\\\/author\\\/serbiantimes-portal\\\/#author\"},\"creator\":{\"@id\":\"https:\\\/\\\/serbiantimes.info\\\/en\\\/author\\\/serbiantimes-portal\\\/#author\"},\"image\":{\"@type\":\"ImageObject\",\"url\":\"https:\\\/\\\/serbiantimes.info\\\/en\\\/wp-content\\\/uploads\\\/sites\\\/2\\\/2025\\\/07\\\/ST-Montaze-1.jpg\",\"@id\":\"https:\\\/\\\/serbiantimes.info\\\/en\\\/people-fled-in-panic-masked-men-threw-flares-and-set-fire-to-a-cafe-in-the-center-of-belgrade-video\\\/#mainImage\",\"width\":1200,\"height\":750},\"primaryImageOfPage\":{\"@id\":\"https:\\\/\\\/serbiantimes.info\\\/en\\\/people-fled-in-panic-masked-men-threw-flares-and-set-fire-to-a-cafe-in-the-center-of-belgrade-video\\\/#mainImage\"},\"datePublished\":\"2025-07-02T14:02:56+02:00\",\"dateModified\":\"2025-07-02T14:02:57+02:00\"},{\"@type\":\"WebSite\",\"@id\":\"https:\\\/\\\/serbiantimes.info\\\/en\\\/#website\",\"url\":\"https:\\\/\\\/serbiantimes.info\\\/en\\\/\",\"name\":\"Serbiantimes.info EN\",\"inLanguage\":\"en-US\",\"publisher\":{\"@id\":\"https:\\\/\\\/serbiantimes.info\\\/en\\\/#organization\"}}]}\n\t\t<\/script>\n\t\t<!-- All in One SEO -->\n\n","aioseo_head_json":{"title":"PEOPLE FLED IN PANIC: Masked Men Threw Flares and Set Fire to a Cafe in the Center of Belgrade! (VIDEO) | Serbiantimes.info EN","description":"Unknown individuals threw lit flares into a cafe at the corner of Molerova and Njego\u0161eva streets in Belgrade. As can be seen in the video, people are running out of a cafe in a panic. #Repost @n1srbija_U dva kafi\u0107a na uglu Molerove i Njego\u0161eve ulice u Beogradu, nepoznata lica ubacila su zapaljene baklje.Kako se mo\u017ee","canonical_url":"https:\/\/serbiantimes.info\/en\/people-fled-in-panic-masked-men-threw-flares-and-set-fire-to-a-cafe-in-the-center-of-belgrade-video\/","robots":"max-image-preview:large","keywords":"","webmasterTools":{"miscellaneous":""},"schema":{"@context":"https:\/\/schema.org","@graph":[{"@type":"BlogPosting","@id":"https:\/\/serbiantimes.info\/en\/people-fled-in-panic-masked-men-threw-flares-and-set-fire-to-a-cafe-in-the-center-of-belgrade-video\/#blogposting","name":"PEOPLE FLED IN PANIC: Masked Men Threw Flares and Set Fire to a Cafe in the Center of Belgrade! (VIDEO) | Serbiantimes.info EN","headline":"PEOPLE FLED IN PANIC: Masked Men Threw Flares and Set Fire to a Cafe in the Center of Belgrade! (VIDEO)","author":{"@id":"https:\/\/serbiantimes.info\/en\/author\/serbiantimes-portal\/#author"},"publisher":{"@id":"https:\/\/serbiantimes.info\/en\/#organization"},"image":{"@type":"ImageObject","url":"https:\/\/serbiantimes.info\/en\/wp-content\/uploads\/sites\/2\/2025\/07\/ST-Montaze-1.jpg","width":1200,"height":750},"datePublished":"2025-07-02T14:02:56+02:00","dateModified":"2025-07-02T14:02:57+02:00","inLanguage":"en-US","mainEntityOfPage":{"@id":"https:\/\/serbiantimes.info\/en\/people-fled-in-panic-masked-men-threw-flares-and-set-fire-to-a-cafe-in-the-center-of-belgrade-video\/#webpage"},"isPartOf":{"@id":"https:\/\/serbiantimes.info\/en\/people-fled-in-panic-masked-men-threw-flares-and-set-fire-to-a-cafe-in-the-center-of-belgrade-video\/#webpage"},"articleSection":"SERBIA, baklje, huligani, kafi\u0107, nasilje, neredi u srbiji, po\u017ear, Srbija, Video"},{"@type":"BreadcrumbList","@id":"https:\/\/serbiantimes.info\/en\/people-fled-in-panic-masked-men-threw-flares-and-set-fire-to-a-cafe-in-the-center-of-belgrade-video\/#breadcrumblist","itemListElement":[{"@type":"ListItem","@id":"https:\/\/serbiantimes.info\/en#listItem","position":1,"name":"Home","item":"https:\/\/serbiantimes.info\/en","nextItem":{"@type":"ListItem","@id":"https:\/\/serbiantimes.info\/en\/category\/serbia\/#listItem","name":"SERBIA"}},{"@type":"ListItem","@id":"https:\/\/serbiantimes.info\/en\/category\/serbia\/#listItem","position":2,"name":"SERBIA","item":"https:\/\/serbiantimes.info\/en\/category\/serbia\/","nextItem":{"@type":"ListItem","@id":"https:\/\/serbiantimes.info\/en\/people-fled-in-panic-masked-men-threw-flares-and-set-fire-to-a-cafe-in-the-center-of-belgrade-video\/#listItem","name":"PEOPLE FLED IN PANIC: Masked Men Threw Flares and Set Fire to a Cafe in the Center of Belgrade! (VIDEO)"},"previousItem":{"@type":"ListItem","@id":"https:\/\/serbiantimes.info\/en#listItem","name":"Home"}},{"@type":"ListItem","@id":"https:\/\/serbiantimes.info\/en\/people-fled-in-panic-masked-men-threw-flares-and-set-fire-to-a-cafe-in-the-center-of-belgrade-video\/#listItem","position":3,"name":"PEOPLE FLED IN PANIC: Masked Men Threw Flares and Set Fire to a Cafe in the Center of Belgrade! (VIDEO)","previousItem":{"@type":"ListItem","@id":"https:\/\/serbiantimes.info\/en\/category\/serbia\/#listItem","name":"SERBIA"}}]},{"@type":"Organization","@id":"https:\/\/serbiantimes.info\/en\/#organization","name":"Serbiantimes.info EN","url":"https:\/\/serbiantimes.info\/en\/","logo":{"@type":"ImageObject","url":"https:\/\/serbiantimes.info\/en\/wp-content\/uploads\/sites\/2\/2024\/10\/cropped-cropped-Serbian-Times-Header-Logo-1.png","@id":"https:\/\/serbiantimes.info\/en\/people-fled-in-panic-masked-men-threw-flares-and-set-fire-to-a-cafe-in-the-center-of-belgrade-video\/#organizationLogo","width":480,"height":100},"image":{"@id":"https:\/\/serbiantimes.info\/en\/people-fled-in-panic-masked-men-threw-flares-and-set-fire-to-a-cafe-in-the-center-of-belgrade-video\/#organizationLogo"}},{"@type":"Person","@id":"https:\/\/serbiantimes.info\/en\/author\/serbiantimes-portal\/#author","url":"https:\/\/serbiantimes.info\/en\/author\/serbiantimes-portal\/","name":"Serbian Times","image":{"@type":"ImageObject","@id":"https:\/\/serbiantimes.info\/en\/people-fled-in-panic-masked-men-threw-flares-and-set-fire-to-a-cafe-in-the-center-of-belgrade-video\/#authorImage","url":"https:\/\/secure.gravatar.com\/avatar\/ea76e009769270b4193e2bc7e032c096b4ae135483ec03b396fd0f520bc3dcfd?s=96&d=mm&r=g","width":96,"height":96,"caption":"Serbian Times"}},{"@type":"WebPage","@id":"https:\/\/serbiantimes.info\/en\/people-fled-in-panic-masked-men-threw-flares-and-set-fire-to-a-cafe-in-the-center-of-belgrade-video\/#webpage","url":"https:\/\/serbiantimes.info\/en\/people-fled-in-panic-masked-men-threw-flares-and-set-fire-to-a-cafe-in-the-center-of-belgrade-video\/","name":"PEOPLE FLED IN PANIC: Masked Men Threw Flares and Set Fire to a Cafe in the Center of Belgrade! (VIDEO) | Serbiantimes.info EN","description":"Unknown individuals threw lit flares into a cafe at the corner of Molerova and Njego\u0161eva streets in Belgrade. As can be seen in the video, people are running out of a cafe in a panic. #Repost @n1srbija_U dva kafi\u0107a na uglu Molerove i Njego\u0161eve ulice u Beogradu, nepoznata lica ubacila su zapaljene baklje.Kako se mo\u017ee","inLanguage":"en-US","isPartOf":{"@id":"https:\/\/serbiantimes.info\/en\/#website"},"breadcrumb":{"@id":"https:\/\/serbiantimes.info\/en\/people-fled-in-panic-masked-men-threw-flares-and-set-fire-to-a-cafe-in-the-center-of-belgrade-video\/#breadcrumblist"},"author":{"@id":"https:\/\/serbiantimes.info\/en\/author\/serbiantimes-portal\/#author"},"creator":{"@id":"https:\/\/serbiantimes.info\/en\/author\/serbiantimes-portal\/#author"},"image":{"@type":"ImageObject","url":"https:\/\/serbiantimes.info\/en\/wp-content\/uploads\/sites\/2\/2025\/07\/ST-Montaze-1.jpg","@id":"https:\/\/serbiantimes.info\/en\/people-fled-in-panic-masked-men-threw-flares-and-set-fire-to-a-cafe-in-the-center-of-belgrade-video\/#mainImage","width":1200,"height":750},"primaryImageOfPage":{"@id":"https:\/\/serbiantimes.info\/en\/people-fled-in-panic-masked-men-threw-flares-and-set-fire-to-a-cafe-in-the-center-of-belgrade-video\/#mainImage"},"datePublished":"2025-07-02T14:02:56+02:00","dateModified":"2025-07-02T14:02:57+02:00"},{"@type":"WebSite","@id":"https:\/\/serbiantimes.info\/en\/#website","url":"https:\/\/serbiantimes.info\/en\/","name":"Serbiantimes.info EN","inLanguage":"en-US","publisher":{"@id":"https:\/\/serbiantimes.info\/en\/#organization"}}]},"og:locale":"en_US","og:site_name":"Serbiantimes.info EN |","og:type":"article","og:title":"PEOPLE FLED IN PANIC: Masked Men Threw Flares and Set Fire to a Cafe in the Center of Belgrade! (VIDEO) | Serbiantimes.info EN","og:description":"Unknown individuals threw lit flares into a cafe at the corner of Molerova and Njego\u0161eva streets in Belgrade. As can be seen in the video, people are running out of a cafe in a panic. #Repost @n1srbija_U dva kafi\u0107a na uglu Molerove i Njego\u0161eve ulice u Beogradu, nepoznata lica ubacila su zapaljene baklje.Kako se mo\u017ee","og:url":"https:\/\/serbiantimes.info\/en\/people-fled-in-panic-masked-men-threw-flares-and-set-fire-to-a-cafe-in-the-center-of-belgrade-video\/","og:image":"https:\/\/serbiantimes.info\/en\/wp-content\/uploads\/sites\/2\/2025\/07\/ST-Montaze-1.jpg","og:image:secure_url":"https:\/\/serbiantimes.info\/en\/wp-content\/uploads\/sites\/2\/2025\/07\/ST-Montaze-1.jpg","og:image:width":1200,"og:image:height":750,"article:published_time":"2025-07-02T12:02:56+00:00","article:modified_time":"2025-07-02T12:02:57+00:00","twitter:card":"summary_large_image","twitter:title":"PEOPLE FLED IN PANIC: Masked Men Threw Flares and Set Fire to a Cafe in the Center of Belgrade! (VIDEO) | Serbiantimes.info EN","twitter:description":"Unknown individuals threw lit flares into a cafe at the corner of Molerova and Njego\u0161eva streets in Belgrade. As can be seen in the video, people are running out of a cafe in a panic. #Repost @n1srbija_U dva kafi\u0107a na uglu Molerove i Njego\u0161eve ulice u Beogradu, nepoznata lica ubacila su zapaljene baklje.Kako se mo\u017ee","twitter:image":"https:\/\/serbiantimes.info\/en\/wp-content\/uploads\/sites\/2\/2025\/07\/ST-Montaze-1.jpg"},"aioseo_meta_data":{"post_id":"181600","title":null,"description":null,"keywords":null,"keyphrases":{"focus":{"keyphrase":"","score":0,"analysis":{"keyphraseInTitle":{"score":0,"maxScore":9,"error":1}}},"additional":[]},"primary_term":null,"canonical_url":null,"og_title":null,"og_description":null,"og_object_type":"default","og_image_type":"default","og_image_url":null,"og_image_width":null,"og_image_height":null,"og_image_custom_url":null,"og_image_custom_fields":null,"og_video":"","og_custom_url":null,"og_article_section":null,"og_article_tags":null,"twitter_use_og":false,"twitter_card":"default","twitter_image_type":"default","twitter_image_url":null,"twitter_image_custom_url":null,"twitter_image_custom_fields":null,"twitter_title":null,"twitter_description":null,"schema":{"blockGraphs":[],"customGraphs":[],"default":{"data":{"Article":[],"Course":[],"Dataset":[],"FAQPage":[],"Movie":[],"Person":[],"Product":[],"ProductReview":[],"Car":[],"Recipe":[],"Service":[],"SoftwareApplication":[],"WebPage":[]},"graphName":"BlogPosting","isEnabled":true},"graphs":[]},"schema_type":"default","schema_type_options":null,"pillar_content":false,"robots_default":true,"robots_noindex":false,"robots_noarchive":false,"robots_nosnippet":false,"robots_nofollow":false,"robots_noimageindex":false,"robots_noodp":false,"robots_notranslate":false,"robots_max_snippet":"-1","robots_max_videopreview":"-1","robots_max_imagepreview":"large","priority":null,"frequency":"default","local_seo":null,"breadcrumb_settings":null,"limit_modified_date":false,"ai":null,"created":"2025-07-02 11:58:08","updated":"2025-07-02 12:12:21","focus_keyword":null,"additional_keywords":null,"truseo_locale":null,"seo_analyzer_scan_date":null},"aioseo_breadcrumb":"<div class=\"aioseo-breadcrumbs\"><span class=\"aioseo-breadcrumb\">\n\t\t\t<a href=\"https:\/\/serbiantimes.info\/en\" title=\"Home\">Home<\/a>\n\t\t<\/span><span class=\"aioseo-breadcrumb-separator\">&raquo;<\/span><span class=\"aioseo-breadcrumb\">\n\t\t\t<a href=\"https:\/\/serbiantimes.info\/en\/category\/serbia\/\" title=\"SERBIA\">SERBIA<\/a>\n\t\t<\/span><span class=\"aioseo-breadcrumb-separator\">&raquo;<\/span><span class=\"aioseo-breadcrumb\">\n\t\t\tPEOPLE FLED IN PANIC: Masked Men Threw Flares and Set Fire to a Cafe in the Center of Belgrade! (VIDEO)\n\t\t<\/span><\/div>","aioseo_breadcrumb_json":[{"label":"Home","link":"https:\/\/serbiantimes.info\/en"},{"label":"SERBIA","link":"https:\/\/serbiantimes.info\/en\/category\/serbia\/"},{"label":"PEOPLE FLED IN PANIC: Masked Men Threw Flares and Set Fire to a Cafe in the Center of Belgrade! (VIDEO)","link":"https:\/\/serbiantimes.info\/en\/people-fled-in-panic-masked-men-threw-flares-and-set-fire-to-a-cafe-in-the-center-of-belgrade-video\/"}],"distributor_meta":false,"distributor_terms":false,"distributor_media":false,"distributor_original_site_name":"Serbiantimes.info EN","distributor_original_site_url":"https:\/\/serbiantimes.info\/en","push-errors":false,"_links":{"self":[{"href":"https:\/\/serbiantimes.info\/en\/wp-json\/wp\/v2\/posts\/181600","targetHints":{"allow":["GET"]}}],"collection":[{"href":"https:\/\/serbiantimes.info\/en\/wp-json\/wp\/v2\/posts"}],"about":[{"href":"https:\/\/serbiantimes.info\/en\/wp-json\/wp\/v2\/types\/post"}],"author":[{"embeddable":true,"href":"https:\/\/serbiantimes.info\/en\/wp-json\/wp\/v2\/users\/2169"}],"replies":[{"embeddable":true,"href":"https:\/\/serbiantimes.info\/en\/wp-json\/wp\/v2\/comments?post=181600"}],"version-history":[{"count":2,"href":"https:\/\/serbiantimes.info\/en\/wp-json\/wp\/v2\/posts\/181600\/revisions"}],"predecessor-version":[{"id":181617,"href":"https:\/\/serbiantimes.info\/en\/wp-json\/wp\/v2\/posts\/181600\/revisions\/181617"}],"wp:featuredmedia":[{"embeddable":true,"href":"https:\/\/serbiantimes.info\/en\/wp-json\/wp\/v2\/media\/181601"}],"wp:attachment":[{"href":"https:\/\/serbiantimes.info\/en\/wp-json\/wp\/v2\/media?parent=181600"}],"wp:term":[{"taxonomy":"category","embeddable":true,"href":"https:\/\/serbiantimes.info\/en\/wp-json\/wp\/v2\/categories?post=181600"},{"taxonomy":"post_tag","embeddable":true,"href":"https:\/\/serbiantimes.info\/en\/wp-json\/wp\/v2\/tags?post=181600"}],"curies":[{"name":"wp","href":"https:\/\/api.w.org\/{rel}","templated":true}]}}