{"id":181587,"date":"2025-07-02T14:10:51","date_gmt":"2025-07-02T12:10:51","guid":{"rendered":"https:\/\/serbiantimes.info\/en\/?p=181587"},"modified":"2025-07-02T14:10:52","modified_gmt":"2025-07-02T12:10:52","slug":"great-success-for-young-wrestler-branko-dukic-won-bronze-at-the-european-championship","status":"publish","type":"post","link":"https:\/\/serbiantimes.info\/en\/great-success-for-young-wrestler-branko-dukic-won-bronze-at-the-european-championship\/","title":{"rendered":"GREAT SUCCESS FOR YOUNG WRESTLER: Branko \u0110uki\u0107 Won Bronze at the European Championship!"},"content":{"rendered":"\n<p class=\"wp-block-paragraph\">Serbian junior Greco-Roman wrestler <strong>Branko \u0110uki\u0107<\/strong> won a <strong>bronze medal<\/strong> at the European Championship for wrestlers under 20, which is being held in Italy.<\/p>\n\n\n\n<p class=\"wp-block-paragraph\">\u0110uki\u0107 absolutely deserved his medal in the <strong>under-87 kg category<\/strong>.<\/p>\n\n\n\n<p class=\"wp-block-paragraph\">In the round of 16, he convincingly defeated Antonio Luki\u0107 from Croatia 7:0, only to be defeated 5:1 by Abdurakhman Abdulkadir from Russia in the quarterfinals.<\/p>\n\n\n\n<h4 class=\"wp-block-heading\"><mark style=\"background-color:#FFFFFF;color:#d21414\" class=\"has-inline-color\">FIND OUT MORE: <\/mark><\/h4>\n\n\n\n<iframe loading=\"lazy\" src=\"https:\/\/www.facebook.com\/plugins\/post.php?href=https%3A%2F%2Fwww.facebook.com%2Fserbiantimes%2Fposts%2Fpfbid026BNSLStgZaVDuvfRN7pQ7a1KhqSiDAWJgeBntjRanDeWvAjBzQRd2WRZEr7dQDZWl&#038;show_text=true&#038;width=500\" width=\"500\" height=\"577\" style=\"border:none;overflow:hidden\" scrolling=\"no\" frameborder=\"0\" allowfullscreen=\"true\" allow=\"autoplay; clipboard-write; encrypted-media; picture-in-picture; web-share\"><\/iframe>\n\n\n\n<p class=\"wp-block-paragraph\">\u0110uki\u0107 still got a chance to fight for a medal through the repechage, where he was better than Yurik Petrosian from Armenia with a score of 3:2. In the decisive match for the bronze medal, he convincingly defeated Martin Ljosak from Norway 6:1, showing he has a bright future in senior competition.<\/p>\n\n\n\n<h4 class=\"wp-block-heading\"><mark style=\"background-color:#FFFFFF;color:#d21414\" class=\"has-inline-color\">MORE TOPICS:<\/mark><\/h4>\n\n\n\n<p class=\"wp-block-paragraph\"><strong><a href=\"https:\/\/serbiantimes.info\/en\/ecological-catastrophe-in-serbia-unprecedented-fish-kill-in-raska-everything-that-was-in-the-river-is-dead\/\" target=\"_blank\" rel=\"noopener\" title=\"\">ECOLOGICAL CATASTROPHE IN SERBIA: Unprecedented fish kill in Ra\u0161ka; \u201cEverything that was in the river is dead\u201d!<\/a><\/strong><\/p>\n\n\n\n<p class=\"wp-block-paragraph\"><strong><a href=\"https:\/\/serbiantimes.info\/en\/police-officers-in-balaclavas-removed-barricades-in-zemun-blockade-also-interrupted-in-pancevo-heres-what-students-say\/\" target=\"_blank\" rel=\"noopener\" title=\"\">POLICE OFFICERS IN BALACLAVAS REMOVED BARRICADES IN ZEMUN: Blockade also interrupted in Pan\u010devo; Here\u2019s what students say!<\/a><\/strong><\/p>\n\n\n\n<p class=\"wp-block-paragraph\"><strong><a href=\"https:\/\/serbiantimes.info\/en\/charged-at-citizens-at-full-speed-with-police-vans-police-violently-broke-up-blockades-during-the-night-video\/\" target=\"_blank\" rel=\"noopener\" title=\"\">CHARGED AT CITIZENS AT FULL SPEED WITH POLICE VANS: Police violently broke up blockades during the night! (VIDEO)<\/a><\/strong><\/p>\n\n\n\n<p class=\"wp-block-paragraph\"><strong><a href=\"https:\/\/serbiantimes.info\/en\/received-a-blessing-for-the-new-film-resurrection-on-hilandar-mel-gibson-listened-to-stories-about-vidovdan-kosovo-battle-went-to-liturgies-with-serbian-monks-photo\/\" target=\"_blank\" rel=\"noopener\" title=\"\">RECEIVED A BLESSING FOR THE NEW FILM \u201cRESURRECTION\u201d ON HILANDAR: Mel Gibson listened to stories about Vidovdan, Kosovo battle; Went to liturgies with Serbian monks! (PHOTO)<\/a><\/strong><\/p>\n\n\n\n<p class=\"wp-block-paragraph\"><strong><a href=\"https:\/\/serbiantimes.info\/en\/colombia-sent-a-protest-note-serbian-police-arrested-famous-professor-accused-him-of-terrorism\/\" target=\"_blank\" rel=\"noopener\" title=\"\">COLOMBIA SENT A PROTEST NOTE: Serbian police arrested famous professor; Accused him of terrorism!<\/a><\/strong><\/p>\n\n\n\n<p class=\"wp-block-paragraph\"><strong><strong>Source<\/strong><\/strong>: Nova.rs, <strong>Foto:<\/strong> Rva\u010dki savez Srbije<\/p>\n","protected":false},"excerpt":{"rendered":"<p>Serbian junior Greco-Roman wrestler Branko \u0110uki\u0107 won a bronze medal at the European Championship for wrestlers under 20, which is being held in Italy. \u0110uki\u0107 absolutely deserved his medal in the under-87 kg category. In the round of 16, he convincingly defeated Antonio Luki\u0107 from Croatia 7:0, only to be defeated 5:1 by Abdurakhman Abdulkadir [&hellip;]<\/p>\n","protected":false},"author":2169,"featured_media":181588,"comment_status":"open","ping_status":"open","sticky":false,"template":"","format":"standard","meta":{"newspack_featured_image_position":"","newspack_post_subtitle":"","newspack_article_summary_title":"Overview:","newspack_article_summary":"","newspack_hide_updated_date":false,"newspack_show_updated_date":false,"footnotes":""},"categories":[10],"tags":[7389,2391,3245,91,113,619,1064],"class_list":["post-181587","post","type-post","status-publish","format-standard","has-post-thumbnail","hentry","category-sport","tag-branko-djukic","tag-evropsko-prvenstvo","tag-rvanje","tag-sport","tag-srbija","tag-takmicenje","tag-uspeh","entry"],"aioseo_notices":[],"aioseo_head":"\n\t\t<!-- All in One SEO 5.0.1.1 - aioseo.com -->\n\t<meta name=\"description\" content=\"Serbian junior Greco-Roman wrestler Branko \u0110uki\u0107 won a bronze medal at the European Championship for wrestlers under 20, which is being held in Italy. \u0110uki\u0107 absolutely deserved his medal in the under-87 kg category. In the round of 16, he convincingly defeated Antonio Luki\u0107 from Croatia 7:0, only to be defeated 5:1 by Abdurakhman Abdulkadir\" \/>\n\t<meta name=\"robots\" content=\"max-image-preview:large\" \/>\n\t<meta name=\"author\" content=\"Serbian Times\"\/>\n\t<link rel=\"canonical\" href=\"https:\/\/serbiantimes.info\/en\/great-success-for-young-wrestler-branko-dukic-won-bronze-at-the-european-championship\/\" \/>\n\t<meta name=\"generator\" content=\"All in One SEO (AIOSEO) 5.0.1.1\" \/>\n\t\t<meta property=\"og:locale\" content=\"en_US\" \/>\n\t\t<meta property=\"og:site_name\" content=\"Serbiantimes.info EN |\" \/>\n\t\t<meta property=\"og:type\" content=\"article\" \/>\n\t\t<meta property=\"og:title\" content=\"GREAT SUCCESS FOR YOUNG WRESTLER: Branko \u0110uki\u0107 Won Bronze at the European Championship! | Serbiantimes.info EN\" \/>\n\t\t<meta property=\"og:description\" content=\"Serbian junior Greco-Roman wrestler Branko \u0110uki\u0107 won a bronze medal at the European Championship for wrestlers under 20, which is being held in Italy. \u0110uki\u0107 absolutely deserved his medal in the under-87 kg category. In the round of 16, he convincingly defeated Antonio Luki\u0107 from Croatia 7:0, only to be defeated 5:1 by Abdurakhman Abdulkadir\" \/>\n\t\t<meta property=\"og:url\" content=\"https:\/\/serbiantimes.info\/en\/great-success-for-young-wrestler-branko-dukic-won-bronze-at-the-european-championship\/\" \/>\n\t\t<meta property=\"og:image\" content=\"https:\/\/serbiantimes.info\/en\/wp-content\/uploads\/sites\/2\/2025\/07\/image-1200x750-11.png\" \/>\n\t\t<meta property=\"og:image:secure_url\" content=\"https:\/\/serbiantimes.info\/en\/wp-content\/uploads\/sites\/2\/2025\/07\/image-1200x750-11.png\" \/>\n\t\t<meta property=\"og:image:width\" content=\"1200\" \/>\n\t\t<meta property=\"og:image:height\" content=\"750\" \/>\n\t\t<meta property=\"article:published_time\" content=\"2025-07-02T12:10:51+00:00\" \/>\n\t\t<meta property=\"article:modified_time\" content=\"2025-07-02T12:10:52+00:00\" \/>\n\t\t<meta name=\"twitter:card\" content=\"summary_large_image\" \/>\n\t\t<meta name=\"twitter:title\" content=\"GREAT SUCCESS FOR YOUNG WRESTLER: Branko \u0110uki\u0107 Won Bronze at the European Championship! | Serbiantimes.info EN\" \/>\n\t\t<meta name=\"twitter:description\" content=\"Serbian junior Greco-Roman wrestler Branko \u0110uki\u0107 won a bronze medal at the European Championship for wrestlers under 20, which is being held in Italy. \u0110uki\u0107 absolutely deserved his medal in the under-87 kg category. In the round of 16, he convincingly defeated Antonio Luki\u0107 from Croatia 7:0, only to be defeated 5:1 by Abdurakhman Abdulkadir\" \/>\n\t\t<meta name=\"twitter:image\" content=\"https:\/\/serbiantimes.info\/en\/wp-content\/uploads\/sites\/2\/2025\/07\/image-1200x750-11.png\" \/>\n\t\t<script type=\"application\/ld+json\" class=\"aioseo-schema\">\n\t\t\t{\"@context\":\"https:\\\/\\\/schema.org\",\"@graph\":[{\"@type\":\"BlogPosting\",\"@id\":\"https:\\\/\\\/serbiantimes.info\\\/en\\\/great-success-for-young-wrestler-branko-dukic-won-bronze-at-the-european-championship\\\/#blogposting\",\"name\":\"GREAT SUCCESS FOR YOUNG WRESTLER: Branko \\u0110uki\\u0107 Won Bronze at the European Championship! | Serbiantimes.info EN\",\"headline\":\"GREAT SUCCESS FOR YOUNG WRESTLER: Branko \\u0110uki\\u0107 Won Bronze at the European Championship!\",\"author\":{\"@id\":\"https:\\\/\\\/serbiantimes.info\\\/en\\\/author\\\/serbiantimes-portal\\\/#author\"},\"publisher\":{\"@id\":\"https:\\\/\\\/serbiantimes.info\\\/en\\\/#organization\"},\"image\":{\"@type\":\"ImageObject\",\"url\":\"https:\\\/\\\/serbiantimes.info\\\/en\\\/wp-content\\\/uploads\\\/sites\\\/2\\\/2025\\\/07\\\/image-1200x750-11.png\",\"width\":1200,\"height\":750},\"datePublished\":\"2025-07-02T14:10:51+02:00\",\"dateModified\":\"2025-07-02T14:10:52+02:00\",\"inLanguage\":\"en-US\",\"mainEntityOfPage\":{\"@id\":\"https:\\\/\\\/serbiantimes.info\\\/en\\\/great-success-for-young-wrestler-branko-dukic-won-bronze-at-the-european-championship\\\/#webpage\"},\"isPartOf\":{\"@id\":\"https:\\\/\\\/serbiantimes.info\\\/en\\\/great-success-for-young-wrestler-branko-dukic-won-bronze-at-the-european-championship\\\/#webpage\"},\"articleSection\":\"SPORT, branko \\u0111uki\\u0107, Evropsko prvenstvo, rvanje, sport, Srbija, takmi\\u010denje, uspeh\"},{\"@type\":\"BreadcrumbList\",\"@id\":\"https:\\\/\\\/serbiantimes.info\\\/en\\\/great-success-for-young-wrestler-branko-dukic-won-bronze-at-the-european-championship\\\/#breadcrumblist\",\"itemListElement\":[{\"@type\":\"ListItem\",\"@id\":\"https:\\\/\\\/serbiantimes.info\\\/en#listItem\",\"position\":1,\"name\":\"Home\",\"item\":\"https:\\\/\\\/serbiantimes.info\\\/en\",\"nextItem\":{\"@type\":\"ListItem\",\"@id\":\"https:\\\/\\\/serbiantimes.info\\\/en\\\/category\\\/sport\\\/#listItem\",\"name\":\"SPORT\"}},{\"@type\":\"ListItem\",\"@id\":\"https:\\\/\\\/serbiantimes.info\\\/en\\\/category\\\/sport\\\/#listItem\",\"position\":2,\"name\":\"SPORT\",\"item\":\"https:\\\/\\\/serbiantimes.info\\\/en\\\/category\\\/sport\\\/\",\"nextItem\":{\"@type\":\"ListItem\",\"@id\":\"https:\\\/\\\/serbiantimes.info\\\/en\\\/great-success-for-young-wrestler-branko-dukic-won-bronze-at-the-european-championship\\\/#listItem\",\"name\":\"GREAT SUCCESS FOR YOUNG WRESTLER: Branko \\u0110uki\\u0107 Won Bronze at the European Championship!\"},\"previousItem\":{\"@type\":\"ListItem\",\"@id\":\"https:\\\/\\\/serbiantimes.info\\\/en#listItem\",\"name\":\"Home\"}},{\"@type\":\"ListItem\",\"@id\":\"https:\\\/\\\/serbiantimes.info\\\/en\\\/great-success-for-young-wrestler-branko-dukic-won-bronze-at-the-european-championship\\\/#listItem\",\"position\":3,\"name\":\"GREAT SUCCESS FOR YOUNG WRESTLER: Branko \\u0110uki\\u0107 Won Bronze at the European Championship!\",\"previousItem\":{\"@type\":\"ListItem\",\"@id\":\"https:\\\/\\\/serbiantimes.info\\\/en\\\/category\\\/sport\\\/#listItem\",\"name\":\"SPORT\"}}]},{\"@type\":\"Organization\",\"@id\":\"https:\\\/\\\/serbiantimes.info\\\/en\\\/#organization\",\"name\":\"Serbiantimes.info EN\",\"url\":\"https:\\\/\\\/serbiantimes.info\\\/en\\\/\",\"logo\":{\"@type\":\"ImageObject\",\"url\":\"https:\\\/\\\/serbiantimes.info\\\/en\\\/wp-content\\\/uploads\\\/sites\\\/2\\\/2024\\\/10\\\/cropped-cropped-Serbian-Times-Header-Logo-1.png\",\"@id\":\"https:\\\/\\\/serbiantimes.info\\\/en\\\/great-success-for-young-wrestler-branko-dukic-won-bronze-at-the-european-championship\\\/#organizationLogo\",\"width\":480,\"height\":100},\"image\":{\"@id\":\"https:\\\/\\\/serbiantimes.info\\\/en\\\/great-success-for-young-wrestler-branko-dukic-won-bronze-at-the-european-championship\\\/#organizationLogo\"}},{\"@type\":\"Person\",\"@id\":\"https:\\\/\\\/serbiantimes.info\\\/en\\\/author\\\/serbiantimes-portal\\\/#author\",\"url\":\"https:\\\/\\\/serbiantimes.info\\\/en\\\/author\\\/serbiantimes-portal\\\/\",\"name\":\"Serbian Times\",\"image\":{\"@type\":\"ImageObject\",\"@id\":\"https:\\\/\\\/serbiantimes.info\\\/en\\\/great-success-for-young-wrestler-branko-dukic-won-bronze-at-the-european-championship\\\/#authorImage\",\"url\":\"https:\\\/\\\/secure.gravatar.com\\\/avatar\\\/ea76e009769270b4193e2bc7e032c096b4ae135483ec03b396fd0f520bc3dcfd?s=96&d=mm&r=g\",\"width\":96,\"height\":96,\"caption\":\"Serbian Times\"}},{\"@type\":\"WebPage\",\"@id\":\"https:\\\/\\\/serbiantimes.info\\\/en\\\/great-success-for-young-wrestler-branko-dukic-won-bronze-at-the-european-championship\\\/#webpage\",\"url\":\"https:\\\/\\\/serbiantimes.info\\\/en\\\/great-success-for-young-wrestler-branko-dukic-won-bronze-at-the-european-championship\\\/\",\"name\":\"GREAT SUCCESS FOR YOUNG WRESTLER: Branko \\u0110uki\\u0107 Won Bronze at the European Championship! | Serbiantimes.info EN\",\"description\":\"Serbian junior Greco-Roman wrestler Branko \\u0110uki\\u0107 won a bronze medal at the European Championship for wrestlers under 20, which is being held in Italy. \\u0110uki\\u0107 absolutely deserved his medal in the under-87 kg category. In the round of 16, he convincingly defeated Antonio Luki\\u0107 from Croatia 7:0, only to be defeated 5:1 by Abdurakhman Abdulkadir\",\"inLanguage\":\"en-US\",\"isPartOf\":{\"@id\":\"https:\\\/\\\/serbiantimes.info\\\/en\\\/#website\"},\"breadcrumb\":{\"@id\":\"https:\\\/\\\/serbiantimes.info\\\/en\\\/great-success-for-young-wrestler-branko-dukic-won-bronze-at-the-european-championship\\\/#breadcrumblist\"},\"author\":{\"@id\":\"https:\\\/\\\/serbiantimes.info\\\/en\\\/author\\\/serbiantimes-portal\\\/#author\"},\"creator\":{\"@id\":\"https:\\\/\\\/serbiantimes.info\\\/en\\\/author\\\/serbiantimes-portal\\\/#author\"},\"image\":{\"@type\":\"ImageObject\",\"url\":\"https:\\\/\\\/serbiantimes.info\\\/en\\\/wp-content\\\/uploads\\\/sites\\\/2\\\/2025\\\/07\\\/image-1200x750-11.png\",\"@id\":\"https:\\\/\\\/serbiantimes.info\\\/en\\\/great-success-for-young-wrestler-branko-dukic-won-bronze-at-the-european-championship\\\/#mainImage\",\"width\":1200,\"height\":750},\"primaryImageOfPage\":{\"@id\":\"https:\\\/\\\/serbiantimes.info\\\/en\\\/great-success-for-young-wrestler-branko-dukic-won-bronze-at-the-european-championship\\\/#mainImage\"},\"datePublished\":\"2025-07-02T14:10:51+02:00\",\"dateModified\":\"2025-07-02T14:10:52+02:00\"},{\"@type\":\"WebSite\",\"@id\":\"https:\\\/\\\/serbiantimes.info\\\/en\\\/#website\",\"url\":\"https:\\\/\\\/serbiantimes.info\\\/en\\\/\",\"name\":\"Serbiantimes.info EN\",\"inLanguage\":\"en-US\",\"publisher\":{\"@id\":\"https:\\\/\\\/serbiantimes.info\\\/en\\\/#organization\"}}]}\n\t\t<\/script>\n\t\t<!-- All in One SEO -->\n\n","aioseo_head_json":{"title":"GREAT SUCCESS FOR YOUNG WRESTLER: Branko \u0110uki\u0107 Won Bronze at the European Championship! | Serbiantimes.info EN","description":"Serbian junior Greco-Roman wrestler Branko \u0110uki\u0107 won a bronze medal at the European Championship for wrestlers under 20, which is being held in Italy. \u0110uki\u0107 absolutely deserved his medal in the under-87 kg category. In the round of 16, he convincingly defeated Antonio Luki\u0107 from Croatia 7:0, only to be defeated 5:1 by Abdurakhman Abdulkadir","canonical_url":"https:\/\/serbiantimes.info\/en\/great-success-for-young-wrestler-branko-dukic-won-bronze-at-the-european-championship\/","robots":"max-image-preview:large","keywords":"","webmasterTools":{"miscellaneous":""},"schema":{"@context":"https:\/\/schema.org","@graph":[{"@type":"BlogPosting","@id":"https:\/\/serbiantimes.info\/en\/great-success-for-young-wrestler-branko-dukic-won-bronze-at-the-european-championship\/#blogposting","name":"GREAT SUCCESS FOR YOUNG WRESTLER: Branko \u0110uki\u0107 Won Bronze at the European Championship! | Serbiantimes.info EN","headline":"GREAT SUCCESS FOR YOUNG WRESTLER: Branko \u0110uki\u0107 Won Bronze at the European Championship!","author":{"@id":"https:\/\/serbiantimes.info\/en\/author\/serbiantimes-portal\/#author"},"publisher":{"@id":"https:\/\/serbiantimes.info\/en\/#organization"},"image":{"@type":"ImageObject","url":"https:\/\/serbiantimes.info\/en\/wp-content\/uploads\/sites\/2\/2025\/07\/image-1200x750-11.png","width":1200,"height":750},"datePublished":"2025-07-02T14:10:51+02:00","dateModified":"2025-07-02T14:10:52+02:00","inLanguage":"en-US","mainEntityOfPage":{"@id":"https:\/\/serbiantimes.info\/en\/great-success-for-young-wrestler-branko-dukic-won-bronze-at-the-european-championship\/#webpage"},"isPartOf":{"@id":"https:\/\/serbiantimes.info\/en\/great-success-for-young-wrestler-branko-dukic-won-bronze-at-the-european-championship\/#webpage"},"articleSection":"SPORT, branko \u0111uki\u0107, Evropsko prvenstvo, rvanje, sport, Srbija, takmi\u010denje, uspeh"},{"@type":"BreadcrumbList","@id":"https:\/\/serbiantimes.info\/en\/great-success-for-young-wrestler-branko-dukic-won-bronze-at-the-european-championship\/#breadcrumblist","itemListElement":[{"@type":"ListItem","@id":"https:\/\/serbiantimes.info\/en#listItem","position":1,"name":"Home","item":"https:\/\/serbiantimes.info\/en","nextItem":{"@type":"ListItem","@id":"https:\/\/serbiantimes.info\/en\/category\/sport\/#listItem","name":"SPORT"}},{"@type":"ListItem","@id":"https:\/\/serbiantimes.info\/en\/category\/sport\/#listItem","position":2,"name":"SPORT","item":"https:\/\/serbiantimes.info\/en\/category\/sport\/","nextItem":{"@type":"ListItem","@id":"https:\/\/serbiantimes.info\/en\/great-success-for-young-wrestler-branko-dukic-won-bronze-at-the-european-championship\/#listItem","name":"GREAT SUCCESS FOR YOUNG WRESTLER: Branko \u0110uki\u0107 Won Bronze at the European Championship!"},"previousItem":{"@type":"ListItem","@id":"https:\/\/serbiantimes.info\/en#listItem","name":"Home"}},{"@type":"ListItem","@id":"https:\/\/serbiantimes.info\/en\/great-success-for-young-wrestler-branko-dukic-won-bronze-at-the-european-championship\/#listItem","position":3,"name":"GREAT SUCCESS FOR YOUNG WRESTLER: Branko \u0110uki\u0107 Won Bronze at the European Championship!","previousItem":{"@type":"ListItem","@id":"https:\/\/serbiantimes.info\/en\/category\/sport\/#listItem","name":"SPORT"}}]},{"@type":"Organization","@id":"https:\/\/serbiantimes.info\/en\/#organization","name":"Serbiantimes.info EN","url":"https:\/\/serbiantimes.info\/en\/","logo":{"@type":"ImageObject","url":"https:\/\/serbiantimes.info\/en\/wp-content\/uploads\/sites\/2\/2024\/10\/cropped-cropped-Serbian-Times-Header-Logo-1.png","@id":"https:\/\/serbiantimes.info\/en\/great-success-for-young-wrestler-branko-dukic-won-bronze-at-the-european-championship\/#organizationLogo","width":480,"height":100},"image":{"@id":"https:\/\/serbiantimes.info\/en\/great-success-for-young-wrestler-branko-dukic-won-bronze-at-the-european-championship\/#organizationLogo"}},{"@type":"Person","@id":"https:\/\/serbiantimes.info\/en\/author\/serbiantimes-portal\/#author","url":"https:\/\/serbiantimes.info\/en\/author\/serbiantimes-portal\/","name":"Serbian Times","image":{"@type":"ImageObject","@id":"https:\/\/serbiantimes.info\/en\/great-success-for-young-wrestler-branko-dukic-won-bronze-at-the-european-championship\/#authorImage","url":"https:\/\/secure.gravatar.com\/avatar\/ea76e009769270b4193e2bc7e032c096b4ae135483ec03b396fd0f520bc3dcfd?s=96&d=mm&r=g","width":96,"height":96,"caption":"Serbian Times"}},{"@type":"WebPage","@id":"https:\/\/serbiantimes.info\/en\/great-success-for-young-wrestler-branko-dukic-won-bronze-at-the-european-championship\/#webpage","url":"https:\/\/serbiantimes.info\/en\/great-success-for-young-wrestler-branko-dukic-won-bronze-at-the-european-championship\/","name":"GREAT SUCCESS FOR YOUNG WRESTLER: Branko \u0110uki\u0107 Won Bronze at the European Championship! | Serbiantimes.info EN","description":"Serbian junior Greco-Roman wrestler Branko \u0110uki\u0107 won a bronze medal at the European Championship for wrestlers under 20, which is being held in Italy. \u0110uki\u0107 absolutely deserved his medal in the under-87 kg category. In the round of 16, he convincingly defeated Antonio Luki\u0107 from Croatia 7:0, only to be defeated 5:1 by Abdurakhman Abdulkadir","inLanguage":"en-US","isPartOf":{"@id":"https:\/\/serbiantimes.info\/en\/#website"},"breadcrumb":{"@id":"https:\/\/serbiantimes.info\/en\/great-success-for-young-wrestler-branko-dukic-won-bronze-at-the-european-championship\/#breadcrumblist"},"author":{"@id":"https:\/\/serbiantimes.info\/en\/author\/serbiantimes-portal\/#author"},"creator":{"@id":"https:\/\/serbiantimes.info\/en\/author\/serbiantimes-portal\/#author"},"image":{"@type":"ImageObject","url":"https:\/\/serbiantimes.info\/en\/wp-content\/uploads\/sites\/2\/2025\/07\/image-1200x750-11.png","@id":"https:\/\/serbiantimes.info\/en\/great-success-for-young-wrestler-branko-dukic-won-bronze-at-the-european-championship\/#mainImage","width":1200,"height":750},"primaryImageOfPage":{"@id":"https:\/\/serbiantimes.info\/en\/great-success-for-young-wrestler-branko-dukic-won-bronze-at-the-european-championship\/#mainImage"},"datePublished":"2025-07-02T14:10:51+02:00","dateModified":"2025-07-02T14:10:52+02:00"},{"@type":"WebSite","@id":"https:\/\/serbiantimes.info\/en\/#website","url":"https:\/\/serbiantimes.info\/en\/","name":"Serbiantimes.info EN","inLanguage":"en-US","publisher":{"@id":"https:\/\/serbiantimes.info\/en\/#organization"}}]},"og:locale":"en_US","og:site_name":"Serbiantimes.info EN |","og:type":"article","og:title":"GREAT SUCCESS FOR YOUNG WRESTLER: Branko \u0110uki\u0107 Won Bronze at the European Championship! | Serbiantimes.info EN","og:description":"Serbian junior Greco-Roman wrestler Branko \u0110uki\u0107 won a bronze medal at the European Championship for wrestlers under 20, which is being held in Italy. \u0110uki\u0107 absolutely deserved his medal in the under-87 kg category. In the round of 16, he convincingly defeated Antonio Luki\u0107 from Croatia 7:0, only to be defeated 5:1 by Abdurakhman Abdulkadir","og:url":"https:\/\/serbiantimes.info\/en\/great-success-for-young-wrestler-branko-dukic-won-bronze-at-the-european-championship\/","og:image":"https:\/\/serbiantimes.info\/en\/wp-content\/uploads\/sites\/2\/2025\/07\/image-1200x750-11.png","og:image:secure_url":"https:\/\/serbiantimes.info\/en\/wp-content\/uploads\/sites\/2\/2025\/07\/image-1200x750-11.png","og:image:width":1200,"og:image:height":750,"article:published_time":"2025-07-02T12:10:51+00:00","article:modified_time":"2025-07-02T12:10:52+00:00","twitter:card":"summary_large_image","twitter:title":"GREAT SUCCESS FOR YOUNG WRESTLER: Branko \u0110uki\u0107 Won Bronze at the European Championship! | Serbiantimes.info EN","twitter:description":"Serbian junior Greco-Roman wrestler Branko \u0110uki\u0107 won a bronze medal at the European Championship for wrestlers under 20, which is being held in Italy. \u0110uki\u0107 absolutely deserved his medal in the under-87 kg category. In the round of 16, he convincingly defeated Antonio Luki\u0107 from Croatia 7:0, only to be defeated 5:1 by Abdurakhman Abdulkadir","twitter:image":"https:\/\/serbiantimes.info\/en\/wp-content\/uploads\/sites\/2\/2025\/07\/image-1200x750-11.png"},"aioseo_meta_data":{"post_id":"181587","title":null,"description":null,"keywords":null,"keyphrases":{"focus":{"keyphrase":"","score":0,"analysis":{"keyphraseInTitle":{"score":0,"maxScore":9,"error":1}}},"additional":[]},"primary_term":null,"canonical_url":null,"og_title":null,"og_description":null,"og_object_type":"default","og_image_type":"default","og_image_url":null,"og_image_width":null,"og_image_height":null,"og_image_custom_url":null,"og_image_custom_fields":null,"og_video":"","og_custom_url":null,"og_article_section":null,"og_article_tags":null,"twitter_use_og":false,"twitter_card":"default","twitter_image_type":"default","twitter_image_url":null,"twitter_image_custom_url":null,"twitter_image_custom_fields":null,"twitter_title":null,"twitter_description":null,"schema":{"blockGraphs":[],"customGraphs":[],"default":{"data":{"Article":[],"Course":[],"Dataset":[],"FAQPage":[],"Movie":[],"Person":[],"Product":[],"ProductReview":[],"Car":[],"Recipe":[],"Service":[],"SoftwareApplication":[],"WebPage":[]},"graphName":"BlogPosting","isEnabled":true},"graphs":[]},"schema_type":"default","schema_type_options":null,"pillar_content":false,"robots_default":true,"robots_noindex":false,"robots_noarchive":false,"robots_nosnippet":false,"robots_nofollow":false,"robots_noimageindex":false,"robots_noodp":false,"robots_notranslate":false,"robots_max_snippet":"-1","robots_max_videopreview":"-1","robots_max_imagepreview":"large","priority":null,"frequency":"default","local_seo":null,"breadcrumb_settings":null,"limit_modified_date":false,"ai":null,"created":"2025-07-02 11:58:14","updated":"2025-07-02 12:12:21","focus_keyword":null,"additional_keywords":null,"truseo_locale":null,"seo_analyzer_scan_date":null},"aioseo_breadcrumb":"<div class=\"aioseo-breadcrumbs\"><span class=\"aioseo-breadcrumb\">\n\t\t\t<a href=\"https:\/\/serbiantimes.info\/en\" title=\"Home\">Home<\/a>\n\t\t<\/span><span class=\"aioseo-breadcrumb-separator\">&raquo;<\/span><span class=\"aioseo-breadcrumb\">\n\t\t\t<a href=\"https:\/\/serbiantimes.info\/en\/category\/sport\/\" title=\"SPORT\">SPORT<\/a>\n\t\t<\/span><span class=\"aioseo-breadcrumb-separator\">&raquo;<\/span><span class=\"aioseo-breadcrumb\">\n\t\t\tGREAT SUCCESS FOR YOUNG WRESTLER: Branko \u0110uki\u0107 Won Bronze at the European Championship!\n\t\t<\/span><\/div>","aioseo_breadcrumb_json":[{"label":"Home","link":"https:\/\/serbiantimes.info\/en"},{"label":"SPORT","link":"https:\/\/serbiantimes.info\/en\/category\/sport\/"},{"label":"GREAT SUCCESS FOR YOUNG WRESTLER: Branko \u0110uki\u0107 Won Bronze at the European Championship!","link":"https:\/\/serbiantimes.info\/en\/great-success-for-young-wrestler-branko-dukic-won-bronze-at-the-european-championship\/"}],"distributor_meta":false,"distributor_terms":false,"distributor_media":false,"distributor_original_site_name":"Serbiantimes.info EN","distributor_original_site_url":"https:\/\/serbiantimes.info\/en","push-errors":false,"_links":{"self":[{"href":"https:\/\/serbiantimes.info\/en\/wp-json\/wp\/v2\/posts\/181587","targetHints":{"allow":["GET"]}}],"collection":[{"href":"https:\/\/serbiantimes.info\/en\/wp-json\/wp\/v2\/posts"}],"about":[{"href":"https:\/\/serbiantimes.info\/en\/wp-json\/wp\/v2\/types\/post"}],"author":[{"embeddable":true,"href":"https:\/\/serbiantimes.info\/en\/wp-json\/wp\/v2\/users\/2169"}],"replies":[{"embeddable":true,"href":"https:\/\/serbiantimes.info\/en\/wp-json\/wp\/v2\/comments?post=181587"}],"version-history":[{"count":2,"href":"https:\/\/serbiantimes.info\/en\/wp-json\/wp\/v2\/posts\/181587\/revisions"}],"predecessor-version":[{"id":181628,"href":"https:\/\/serbiantimes.info\/en\/wp-json\/wp\/v2\/posts\/181587\/revisions\/181628"}],"wp:featuredmedia":[{"embeddable":true,"href":"https:\/\/serbiantimes.info\/en\/wp-json\/wp\/v2\/media\/181588"}],"wp:attachment":[{"href":"https:\/\/serbiantimes.info\/en\/wp-json\/wp\/v2\/media?parent=181587"}],"wp:term":[{"taxonomy":"category","embeddable":true,"href":"https:\/\/serbiantimes.info\/en\/wp-json\/wp\/v2\/categories?post=181587"},{"taxonomy":"post_tag","embeddable":true,"href":"https:\/\/serbiantimes.info\/en\/wp-json\/wp\/v2\/tags?post=181587"}],"curies":[{"name":"wp","href":"https:\/\/api.w.org\/{rel}","templated":true}]}}