{"id":181310,"date":"2025-06-29T12:44:19","date_gmt":"2025-06-29T10:44:19","guid":{"rendered":"https:\/\/serbiantimes.info\/en\/?p=181310"},"modified":"2025-06-29T12:44:21","modified_gmt":"2025-06-29T10:44:21","slug":"vucic-threatens-students-the-prosecution-should-not-play-naive-but-launch-an-investigation-into-the-call-for-civil-conflicts","status":"publish","type":"post","link":"https:\/\/serbiantimes.info\/en\/vucic-threatens-students-the-prosecution-should-not-play-naive-but-launch-an-investigation-into-the-call-for-civil-conflicts\/","title":{"rendered":"VU\u010cI\u0106 THREATENS STUDENTS: &#8220;The prosecution should not play naive, but launch an investigation into the call for civil conflicts&#8221;!"},"content":{"rendered":"\n<p class=\"wp-block-paragraph\"><strong><em>Serbian President Aleksandar Vu\u010di\u0107 claims that last night&#8217;s student announcement about the green light was &#8220;a direct call for civil conflicts.&#8221;<\/em><\/strong><\/p>\n\n\n\n<p class=\"wp-block-paragraph\">&#8220;I demand from the prosecution to do their job, not to pretend to be clumsy and naive. The time for accountability is coming. I will not sign pardons or amnesties,&#8221; Vu\u010di\u0107 said.<\/p>\n\n\n\n<p class=\"wp-block-paragraph\">Vu\u010di\u0107 announced that many more people would be arrested for attacking the police.<\/p>\n\n\n\n<p class=\"wp-block-paragraph\">&#8220;During the establishment of order and peace, a total of 48 police officers were injured. One police officer sustained serious injuries, including head injuries and a fractured cheekbone, most likely from a thrown stone.&#8221;<\/p>\n\n\n\n<p class=\"wp-block-paragraph\">Da\u010di\u0107 also announced that 38 individuals were detained, and that criminal charges would be filed against 35 of them, while a request for misdemeanor proceedings would be filed against 26 individuals. He also stated that one minor was among those detained.<\/p>\n\n\n\n<p class=\"wp-block-paragraph\">He pointed out that 22 citizens reported to the Emergency Center for medical assistance, two of whom sustained serious bodily injuries, while one person did not sustain any injuries.<\/p>\n\n\n\n<h4 class=\"wp-block-heading\"><mark style=\"background-color:#FFFFFF;color:#d21414\" class=\"has-inline-color\">MORE TOPICS:<\/mark><\/h4>\n\n\n\n<p class=\"wp-block-paragraph\"><strong><a href=\"https:\/\/serbiantimes.info\/en\/unreal-sight-from-a-drone-see-what-the-vidovdan-protest-at-slavija-looks-like-from-above-video\/\" target=\"_blank\" rel=\"noopener\" title=\"\">UNREAL SIGHT FROM A DRONE: See What the Vidovdan Protest at Slavija Looks Like from Above! (VIDEO)<\/a><\/strong><\/p>\n\n\n\n<p class=\"wp-block-paragraph\"><strong><a href=\"https:\/\/serbiantimes.info\/en\/students-sound-the-end-fierce-clashes-between-citizens-and-gendarmerie-ensue-tear-gas-and-stun-grenades-thrown-cordons-push-back-people-video-photo\/\" target=\"_blank\" rel=\"noopener\" title=\"\">STUDENTS SOUND THE END: Fierce Clashes Between Citizens and Gendarmerie Ensue, Tear Gas and Stun Grenades Thrown, Cordons Push Back People (VIDEO, PHOTO)<\/a><\/strong><\/p>\n\n\n\n<p class=\"wp-block-paragraph\"><strong><a href=\"https:\/\/serbiantimes.info\/en\/dozens-injured-and-arrested-video-footage-contradicts-police-director-and-reasons-for-intervention-disturbing-scenes-in-downtown-belgrade-video-photo\/\" target=\"_blank\" rel=\"noopener\" title=\"\">DOZENS INJURED AND ARRESTED: Video Footage Contradicts Police Director and Reasons for Intervention! Disturbing Scenes in Downtown Belgrade! (VIDEO, PHOTO)<\/a><\/strong><\/p>\n\n\n\n<p class=\"wp-block-paragraph\"><strong><a href=\"https:\/\/serbiantimes.info\/en\/vidovdan-in-serbian-history-what-all-happened-on-this-day-and-how-serbian-collective-identity-was-formed\/\" target=\"_blank\" rel=\"noopener\" title=\"\">VIDOVDAN IN SERBIAN HISTORY: What All Happened on This Day and How Serbian Collective Identity Was Formed!<\/a><\/strong><\/p>\n\n\n\n<p class=\"wp-block-paragraph\"><strong><a href=\"https:\/\/serbiantimes.info\/en\/supported-students-and-criticized-vucic-montenegrin-director-banned-from-entering-serbia-for-a-year\/\" target=\"_blank\" rel=\"noopener\" title=\"\">SUPPORTED STUDENTS AND CRITICIZED VU\u010cI\u0106: Montenegrin Director Banned from Entering Serbia for a Year!<\/a><\/strong><\/p>\n\n\n\n<p class=\"wp-block-paragraph\"><strong>Source:<\/strong> Nedeljnik, <strong>Photo<\/strong>: Printscreen RTS<\/p>\n","protected":false},"excerpt":{"rendered":"<p>Serbian President Aleksandar Vu\u010di\u0107 claims that last night&#8217;s student announcement about the green light was &#8220;a direct call for civil conflicts.&#8221; &#8220;I demand from the prosecution to do their job, not to pretend to be clumsy and naive. The time for accountability is coming. I will not sign pardons or amnesties,&#8221; Vu\u010di\u0107 said. Vu\u010di\u0107 announced [&hellip;]<\/p>\n","protected":false},"author":2169,"featured_media":100000187654,"comment_status":"open","ping_status":"open","sticky":false,"template":"","format":"standard","meta":{"newspack_featured_image_position":"","newspack_post_subtitle":"","newspack_article_summary_title":"Overview:","newspack_article_summary":"","newspack_hide_updated_date":false,"newspack_show_updated_date":false,"footnotes":""},"categories":[7],"tags":[856,2755,1617,478,642,2075],"class_list":["post-181310","post","type-post","status-publish","format-standard","has-post-thumbnail","hentry","category-serbia","tag-aleksandar-vucic","tag-blokade","tag-hapsenje","tag-policija","tag-protest","tag-tuzilastvo","entry"],"aioseo_notices":[],"aioseo_head":"\n\t\t<!-- All in One SEO 5.0.1.1 - aioseo.com -->\n\t<meta name=\"description\" content=\"Serbian President Aleksandar Vu\u010di\u0107 claims that last night&#039;s student announcement about the green light was &quot;a direct call for civil conflicts.&quot; &quot;I demand from the prosecution to do their job, not to pretend to be clumsy and naive. The time for accountability is coming. I will not sign pardons or amnesties,&quot; Vu\u010di\u0107 said. Vu\u010di\u0107 announced\" \/>\n\t<meta name=\"robots\" content=\"max-image-preview:large\" \/>\n\t<meta name=\"author\" content=\"Serbian Times\"\/>\n\t<link rel=\"canonical\" href=\"https:\/\/serbiantimes.info\/en\/vucic-threatens-students-the-prosecution-should-not-play-naive-but-launch-an-investigation-into-the-call-for-civil-conflicts\/\" \/>\n\t<meta name=\"generator\" content=\"All in One SEO (AIOSEO) 5.0.1.1\" \/>\n\t\t<meta property=\"og:locale\" content=\"en_US\" \/>\n\t\t<meta property=\"og:site_name\" content=\"Serbiantimes.info EN |\" \/>\n\t\t<meta property=\"og:type\" content=\"article\" \/>\n\t\t<meta property=\"og:title\" content=\"VU\u010cI\u0106 THREATENS STUDENTS: \u201cThe prosecution should not play naive, but launch an investigation into the call for civil conflicts\u201d! | Serbiantimes.info EN\" \/>\n\t\t<meta property=\"og:description\" content=\"Serbian President Aleksandar Vu\u010di\u0107 claims that last night&#039;s student announcement about the green light was &quot;a direct call for civil conflicts.&quot; &quot;I demand from the prosecution to do their job, not to pretend to be clumsy and naive. The time for accountability is coming. I will not sign pardons or amnesties,&quot; Vu\u010di\u0107 said. Vu\u010di\u0107 announced\" \/>\n\t\t<meta property=\"og:url\" content=\"https:\/\/serbiantimes.info\/en\/vucic-threatens-students-the-prosecution-should-not-play-naive-but-launch-an-investigation-into-the-call-for-civil-conflicts\/\" \/>\n\t\t<meta property=\"og:image\" content=\"https:\/\/serbiantimes.info\/en\/wp-content\/uploads\/2025\/06\/Snimak-ekrana-2025-06-29-113932.webp\" \/>\n\t\t<meta property=\"og:image:secure_url\" content=\"https:\/\/serbiantimes.info\/en\/wp-content\/uploads\/2025\/06\/Snimak-ekrana-2025-06-29-113932.webp\" \/>\n\t\t<meta property=\"og:image:width\" content=\"1527\" \/>\n\t\t<meta property=\"og:image:height\" content=\"887\" \/>\n\t\t<meta property=\"article:published_time\" content=\"2025-06-29T10:44:19+00:00\" \/>\n\t\t<meta property=\"article:modified_time\" content=\"2025-06-29T10:44:21+00:00\" \/>\n\t\t<meta name=\"twitter:card\" content=\"summary_large_image\" \/>\n\t\t<meta name=\"twitter:title\" content=\"VU\u010cI\u0106 THREATENS STUDENTS: \u201cThe prosecution should not play naive, but launch an investigation into the call for civil conflicts\u201d! | Serbiantimes.info EN\" \/>\n\t\t<meta name=\"twitter:description\" content=\"Serbian President Aleksandar Vu\u010di\u0107 claims that last night&#039;s student announcement about the green light was &quot;a direct call for civil conflicts.&quot; &quot;I demand from the prosecution to do their job, not to pretend to be clumsy and naive. The time for accountability is coming. I will not sign pardons or amnesties,&quot; Vu\u010di\u0107 said. Vu\u010di\u0107 announced\" \/>\n\t\t<meta name=\"twitter:image\" content=\"https:\/\/serbiantimes.info\/en\/wp-content\/uploads\/2025\/06\/Snimak-ekrana-2025-06-29-113932.webp\" \/>\n\t\t<script type=\"application\/ld+json\" class=\"aioseo-schema\">\n\t\t\t{\"@context\":\"https:\\\/\\\/schema.org\",\"@graph\":[{\"@type\":\"BlogPosting\",\"@id\":\"https:\\\/\\\/serbiantimes.info\\\/en\\\/vucic-threatens-students-the-prosecution-should-not-play-naive-but-launch-an-investigation-into-the-call-for-civil-conflicts\\\/#blogposting\",\"name\":\"VU\\u010cI\\u0106 THREATENS STUDENTS: \\u201cThe prosecution should not play naive, but launch an investigation into the call for civil conflicts\\u201d! | Serbiantimes.info EN\",\"headline\":\"VU\\u010cI\\u0106 THREATENS STUDENTS: &#8220;The prosecution should not play naive, but launch an investigation into the call for civil conflicts&#8221;!\",\"author\":{\"@id\":\"https:\\\/\\\/serbiantimes.info\\\/en\\\/author\\\/serbiantimes-portal\\\/#author\"},\"publisher\":{\"@id\":\"https:\\\/\\\/serbiantimes.info\\\/en\\\/#organization\"},\"image\":{\"@type\":\"ImageObject\",\"url\":\"https:\\\/\\\/serbiantimes.info\\\/en\\\/wp-content\\\/uploads\\\/2025\\\/06\\\/Snimak-ekrana-2025-06-29-113932.webp\"},\"datePublished\":\"2025-06-29T12:44:19+02:00\",\"dateModified\":\"2025-06-29T12:44:21+02:00\",\"inLanguage\":\"en-US\",\"mainEntityOfPage\":{\"@id\":\"https:\\\/\\\/serbiantimes.info\\\/en\\\/vucic-threatens-students-the-prosecution-should-not-play-naive-but-launch-an-investigation-into-the-call-for-civil-conflicts\\\/#webpage\"},\"isPartOf\":{\"@id\":\"https:\\\/\\\/serbiantimes.info\\\/en\\\/vucic-threatens-students-the-prosecution-should-not-play-naive-but-launch-an-investigation-into-the-call-for-civil-conflicts\\\/#webpage\"},\"articleSection\":\"SERBIA, Aleksandar Vu\\u010di\\u0107, blokade, Hap\\u0161enje, policija, protest, Tu\\u017eila\\u0161tvo\"},{\"@type\":\"BreadcrumbList\",\"@id\":\"https:\\\/\\\/serbiantimes.info\\\/en\\\/vucic-threatens-students-the-prosecution-should-not-play-naive-but-launch-an-investigation-into-the-call-for-civil-conflicts\\\/#breadcrumblist\",\"itemListElement\":[{\"@type\":\"ListItem\",\"@id\":\"https:\\\/\\\/serbiantimes.info\\\/en#listItem\",\"position\":1,\"name\":\"Home\",\"item\":\"https:\\\/\\\/serbiantimes.info\\\/en\",\"nextItem\":{\"@type\":\"ListItem\",\"@id\":\"https:\\\/\\\/serbiantimes.info\\\/en\\\/category\\\/serbia\\\/#listItem\",\"name\":\"SERBIA\"}},{\"@type\":\"ListItem\",\"@id\":\"https:\\\/\\\/serbiantimes.info\\\/en\\\/category\\\/serbia\\\/#listItem\",\"position\":2,\"name\":\"SERBIA\",\"item\":\"https:\\\/\\\/serbiantimes.info\\\/en\\\/category\\\/serbia\\\/\",\"nextItem\":{\"@type\":\"ListItem\",\"@id\":\"https:\\\/\\\/serbiantimes.info\\\/en\\\/vucic-threatens-students-the-prosecution-should-not-play-naive-but-launch-an-investigation-into-the-call-for-civil-conflicts\\\/#listItem\",\"name\":\"VU\\u010cI\\u0106 THREATENS STUDENTS: &#8220;The prosecution should not play naive, but launch an investigation into the call for civil conflicts&#8221;!\"},\"previousItem\":{\"@type\":\"ListItem\",\"@id\":\"https:\\\/\\\/serbiantimes.info\\\/en#listItem\",\"name\":\"Home\"}},{\"@type\":\"ListItem\",\"@id\":\"https:\\\/\\\/serbiantimes.info\\\/en\\\/vucic-threatens-students-the-prosecution-should-not-play-naive-but-launch-an-investigation-into-the-call-for-civil-conflicts\\\/#listItem\",\"position\":3,\"name\":\"VU\\u010cI\\u0106 THREATENS STUDENTS: &#8220;The prosecution should not play naive, but launch an investigation into the call for civil conflicts&#8221;!\",\"previousItem\":{\"@type\":\"ListItem\",\"@id\":\"https:\\\/\\\/serbiantimes.info\\\/en\\\/category\\\/serbia\\\/#listItem\",\"name\":\"SERBIA\"}}]},{\"@type\":\"Organization\",\"@id\":\"https:\\\/\\\/serbiantimes.info\\\/en\\\/#organization\",\"name\":\"Serbiantimes.info EN\",\"url\":\"https:\\\/\\\/serbiantimes.info\\\/en\\\/\",\"logo\":{\"@type\":\"ImageObject\",\"url\":\"https:\\\/\\\/serbiantimes.info\\\/en\\\/wp-content\\\/uploads\\\/sites\\\/2\\\/2024\\\/10\\\/cropped-cropped-Serbian-Times-Header-Logo-1.png\",\"@id\":\"https:\\\/\\\/serbiantimes.info\\\/en\\\/vucic-threatens-students-the-prosecution-should-not-play-naive-but-launch-an-investigation-into-the-call-for-civil-conflicts\\\/#organizationLogo\",\"width\":480,\"height\":100},\"image\":{\"@id\":\"https:\\\/\\\/serbiantimes.info\\\/en\\\/vucic-threatens-students-the-prosecution-should-not-play-naive-but-launch-an-investigation-into-the-call-for-civil-conflicts\\\/#organizationLogo\"}},{\"@type\":\"Person\",\"@id\":\"https:\\\/\\\/serbiantimes.info\\\/en\\\/author\\\/serbiantimes-portal\\\/#author\",\"url\":\"https:\\\/\\\/serbiantimes.info\\\/en\\\/author\\\/serbiantimes-portal\\\/\",\"name\":\"Serbian Times\",\"image\":{\"@type\":\"ImageObject\",\"@id\":\"https:\\\/\\\/serbiantimes.info\\\/en\\\/vucic-threatens-students-the-prosecution-should-not-play-naive-but-launch-an-investigation-into-the-call-for-civil-conflicts\\\/#authorImage\",\"url\":\"https:\\\/\\\/secure.gravatar.com\\\/avatar\\\/ea76e009769270b4193e2bc7e032c096b4ae135483ec03b396fd0f520bc3dcfd?s=96&d=mm&r=g\",\"width\":96,\"height\":96,\"caption\":\"Serbian Times\"}},{\"@type\":\"WebPage\",\"@id\":\"https:\\\/\\\/serbiantimes.info\\\/en\\\/vucic-threatens-students-the-prosecution-should-not-play-naive-but-launch-an-investigation-into-the-call-for-civil-conflicts\\\/#webpage\",\"url\":\"https:\\\/\\\/serbiantimes.info\\\/en\\\/vucic-threatens-students-the-prosecution-should-not-play-naive-but-launch-an-investigation-into-the-call-for-civil-conflicts\\\/\",\"name\":\"VU\\u010cI\\u0106 THREATENS STUDENTS: \\u201cThe prosecution should not play naive, but launch an investigation into the call for civil conflicts\\u201d! | Serbiantimes.info EN\",\"description\":\"Serbian President Aleksandar Vu\\u010di\\u0107 claims that last night's student announcement about the green light was \\\"a direct call for civil conflicts.\\\" \\\"I demand from the prosecution to do their job, not to pretend to be clumsy and naive. The time for accountability is coming. I will not sign pardons or amnesties,\\\" Vu\\u010di\\u0107 said. Vu\\u010di\\u0107 announced\",\"inLanguage\":\"en-US\",\"isPartOf\":{\"@id\":\"https:\\\/\\\/serbiantimes.info\\\/en\\\/#website\"},\"breadcrumb\":{\"@id\":\"https:\\\/\\\/serbiantimes.info\\\/en\\\/vucic-threatens-students-the-prosecution-should-not-play-naive-but-launch-an-investigation-into-the-call-for-civil-conflicts\\\/#breadcrumblist\"},\"author\":{\"@id\":\"https:\\\/\\\/serbiantimes.info\\\/en\\\/author\\\/serbiantimes-portal\\\/#author\"},\"creator\":{\"@id\":\"https:\\\/\\\/serbiantimes.info\\\/en\\\/author\\\/serbiantimes-portal\\\/#author\"},\"image\":{\"@type\":\"ImageObject\",\"url\":\"https:\\\/\\\/serbiantimes.info\\\/en\\\/wp-content\\\/uploads\\\/2025\\\/06\\\/Snimak-ekrana-2025-06-29-113932.webp\",\"@id\":\"https:\\\/\\\/serbiantimes.info\\\/en\\\/vucic-threatens-students-the-prosecution-should-not-play-naive-but-launch-an-investigation-into-the-call-for-civil-conflicts\\\/#mainImage\"},\"primaryImageOfPage\":{\"@id\":\"https:\\\/\\\/serbiantimes.info\\\/en\\\/vucic-threatens-students-the-prosecution-should-not-play-naive-but-launch-an-investigation-into-the-call-for-civil-conflicts\\\/#mainImage\"},\"datePublished\":\"2025-06-29T12:44:19+02:00\",\"dateModified\":\"2025-06-29T12:44:21+02:00\"},{\"@type\":\"WebSite\",\"@id\":\"https:\\\/\\\/serbiantimes.info\\\/en\\\/#website\",\"url\":\"https:\\\/\\\/serbiantimes.info\\\/en\\\/\",\"name\":\"Serbiantimes.info EN\",\"inLanguage\":\"en-US\",\"publisher\":{\"@id\":\"https:\\\/\\\/serbiantimes.info\\\/en\\\/#organization\"}}]}\n\t\t<\/script>\n\t\t<!-- All in One SEO -->\n\n","aioseo_head_json":{"title":"VU\u010cI\u0106 THREATENS STUDENTS: \u201cThe prosecution should not play naive, but launch an investigation into the call for civil conflicts\u201d! | Serbiantimes.info EN","description":"Serbian President Aleksandar Vu\u010di\u0107 claims that last night's student announcement about the green light was \"a direct call for civil conflicts.\" \"I demand from the prosecution to do their job, not to pretend to be clumsy and naive. The time for accountability is coming. I will not sign pardons or amnesties,\" Vu\u010di\u0107 said. Vu\u010di\u0107 announced","canonical_url":"https:\/\/serbiantimes.info\/en\/vucic-threatens-students-the-prosecution-should-not-play-naive-but-launch-an-investigation-into-the-call-for-civil-conflicts\/","robots":"max-image-preview:large","keywords":"","webmasterTools":{"miscellaneous":""},"schema":{"@context":"https:\/\/schema.org","@graph":[{"@type":"BlogPosting","@id":"https:\/\/serbiantimes.info\/en\/vucic-threatens-students-the-prosecution-should-not-play-naive-but-launch-an-investigation-into-the-call-for-civil-conflicts\/#blogposting","name":"VU\u010cI\u0106 THREATENS STUDENTS: \u201cThe prosecution should not play naive, but launch an investigation into the call for civil conflicts\u201d! | Serbiantimes.info EN","headline":"VU\u010cI\u0106 THREATENS STUDENTS: &#8220;The prosecution should not play naive, but launch an investigation into the call for civil conflicts&#8221;!","author":{"@id":"https:\/\/serbiantimes.info\/en\/author\/serbiantimes-portal\/#author"},"publisher":{"@id":"https:\/\/serbiantimes.info\/en\/#organization"},"image":{"@type":"ImageObject","url":"https:\/\/serbiantimes.info\/en\/wp-content\/uploads\/2025\/06\/Snimak-ekrana-2025-06-29-113932.webp"},"datePublished":"2025-06-29T12:44:19+02:00","dateModified":"2025-06-29T12:44:21+02:00","inLanguage":"en-US","mainEntityOfPage":{"@id":"https:\/\/serbiantimes.info\/en\/vucic-threatens-students-the-prosecution-should-not-play-naive-but-launch-an-investigation-into-the-call-for-civil-conflicts\/#webpage"},"isPartOf":{"@id":"https:\/\/serbiantimes.info\/en\/vucic-threatens-students-the-prosecution-should-not-play-naive-but-launch-an-investigation-into-the-call-for-civil-conflicts\/#webpage"},"articleSection":"SERBIA, Aleksandar Vu\u010di\u0107, blokade, Hap\u0161enje, policija, protest, Tu\u017eila\u0161tvo"},{"@type":"BreadcrumbList","@id":"https:\/\/serbiantimes.info\/en\/vucic-threatens-students-the-prosecution-should-not-play-naive-but-launch-an-investigation-into-the-call-for-civil-conflicts\/#breadcrumblist","itemListElement":[{"@type":"ListItem","@id":"https:\/\/serbiantimes.info\/en#listItem","position":1,"name":"Home","item":"https:\/\/serbiantimes.info\/en","nextItem":{"@type":"ListItem","@id":"https:\/\/serbiantimes.info\/en\/category\/serbia\/#listItem","name":"SERBIA"}},{"@type":"ListItem","@id":"https:\/\/serbiantimes.info\/en\/category\/serbia\/#listItem","position":2,"name":"SERBIA","item":"https:\/\/serbiantimes.info\/en\/category\/serbia\/","nextItem":{"@type":"ListItem","@id":"https:\/\/serbiantimes.info\/en\/vucic-threatens-students-the-prosecution-should-not-play-naive-but-launch-an-investigation-into-the-call-for-civil-conflicts\/#listItem","name":"VU\u010cI\u0106 THREATENS STUDENTS: &#8220;The prosecution should not play naive, but launch an investigation into the call for civil conflicts&#8221;!"},"previousItem":{"@type":"ListItem","@id":"https:\/\/serbiantimes.info\/en#listItem","name":"Home"}},{"@type":"ListItem","@id":"https:\/\/serbiantimes.info\/en\/vucic-threatens-students-the-prosecution-should-not-play-naive-but-launch-an-investigation-into-the-call-for-civil-conflicts\/#listItem","position":3,"name":"VU\u010cI\u0106 THREATENS STUDENTS: &#8220;The prosecution should not play naive, but launch an investigation into the call for civil conflicts&#8221;!","previousItem":{"@type":"ListItem","@id":"https:\/\/serbiantimes.info\/en\/category\/serbia\/#listItem","name":"SERBIA"}}]},{"@type":"Organization","@id":"https:\/\/serbiantimes.info\/en\/#organization","name":"Serbiantimes.info EN","url":"https:\/\/serbiantimes.info\/en\/","logo":{"@type":"ImageObject","url":"https:\/\/serbiantimes.info\/en\/wp-content\/uploads\/sites\/2\/2024\/10\/cropped-cropped-Serbian-Times-Header-Logo-1.png","@id":"https:\/\/serbiantimes.info\/en\/vucic-threatens-students-the-prosecution-should-not-play-naive-but-launch-an-investigation-into-the-call-for-civil-conflicts\/#organizationLogo","width":480,"height":100},"image":{"@id":"https:\/\/serbiantimes.info\/en\/vucic-threatens-students-the-prosecution-should-not-play-naive-but-launch-an-investigation-into-the-call-for-civil-conflicts\/#organizationLogo"}},{"@type":"Person","@id":"https:\/\/serbiantimes.info\/en\/author\/serbiantimes-portal\/#author","url":"https:\/\/serbiantimes.info\/en\/author\/serbiantimes-portal\/","name":"Serbian Times","image":{"@type":"ImageObject","@id":"https:\/\/serbiantimes.info\/en\/vucic-threatens-students-the-prosecution-should-not-play-naive-but-launch-an-investigation-into-the-call-for-civil-conflicts\/#authorImage","url":"https:\/\/secure.gravatar.com\/avatar\/ea76e009769270b4193e2bc7e032c096b4ae135483ec03b396fd0f520bc3dcfd?s=96&d=mm&r=g","width":96,"height":96,"caption":"Serbian Times"}},{"@type":"WebPage","@id":"https:\/\/serbiantimes.info\/en\/vucic-threatens-students-the-prosecution-should-not-play-naive-but-launch-an-investigation-into-the-call-for-civil-conflicts\/#webpage","url":"https:\/\/serbiantimes.info\/en\/vucic-threatens-students-the-prosecution-should-not-play-naive-but-launch-an-investigation-into-the-call-for-civil-conflicts\/","name":"VU\u010cI\u0106 THREATENS STUDENTS: \u201cThe prosecution should not play naive, but launch an investigation into the call for civil conflicts\u201d! | Serbiantimes.info EN","description":"Serbian President Aleksandar Vu\u010di\u0107 claims that last night's student announcement about the green light was \"a direct call for civil conflicts.\" \"I demand from the prosecution to do their job, not to pretend to be clumsy and naive. The time for accountability is coming. I will not sign pardons or amnesties,\" Vu\u010di\u0107 said. Vu\u010di\u0107 announced","inLanguage":"en-US","isPartOf":{"@id":"https:\/\/serbiantimes.info\/en\/#website"},"breadcrumb":{"@id":"https:\/\/serbiantimes.info\/en\/vucic-threatens-students-the-prosecution-should-not-play-naive-but-launch-an-investigation-into-the-call-for-civil-conflicts\/#breadcrumblist"},"author":{"@id":"https:\/\/serbiantimes.info\/en\/author\/serbiantimes-portal\/#author"},"creator":{"@id":"https:\/\/serbiantimes.info\/en\/author\/serbiantimes-portal\/#author"},"image":{"@type":"ImageObject","url":"https:\/\/serbiantimes.info\/en\/wp-content\/uploads\/2025\/06\/Snimak-ekrana-2025-06-29-113932.webp","@id":"https:\/\/serbiantimes.info\/en\/vucic-threatens-students-the-prosecution-should-not-play-naive-but-launch-an-investigation-into-the-call-for-civil-conflicts\/#mainImage"},"primaryImageOfPage":{"@id":"https:\/\/serbiantimes.info\/en\/vucic-threatens-students-the-prosecution-should-not-play-naive-but-launch-an-investigation-into-the-call-for-civil-conflicts\/#mainImage"},"datePublished":"2025-06-29T12:44:19+02:00","dateModified":"2025-06-29T12:44:21+02:00"},{"@type":"WebSite","@id":"https:\/\/serbiantimes.info\/en\/#website","url":"https:\/\/serbiantimes.info\/en\/","name":"Serbiantimes.info EN","inLanguage":"en-US","publisher":{"@id":"https:\/\/serbiantimes.info\/en\/#organization"}}]},"og:locale":"en_US","og:site_name":"Serbiantimes.info EN |","og:type":"article","og:title":"VU\u010cI\u0106 THREATENS STUDENTS: \u201cThe prosecution should not play naive, but launch an investigation into the call for civil conflicts\u201d! | Serbiantimes.info EN","og:description":"Serbian President Aleksandar Vu\u010di\u0107 claims that last night's student announcement about the green light was &quot;a direct call for civil conflicts.&quot; &quot;I demand from the prosecution to do their job, not to pretend to be clumsy and naive. The time for accountability is coming. I will not sign pardons or amnesties,&quot; Vu\u010di\u0107 said. Vu\u010di\u0107 announced","og:url":"https:\/\/serbiantimes.info\/en\/vucic-threatens-students-the-prosecution-should-not-play-naive-but-launch-an-investigation-into-the-call-for-civil-conflicts\/","og:image":"https:\/\/serbiantimes.info\/en\/wp-content\/uploads\/2025\/06\/Snimak-ekrana-2025-06-29-113932.webp","og:image:secure_url":"https:\/\/serbiantimes.info\/en\/wp-content\/uploads\/2025\/06\/Snimak-ekrana-2025-06-29-113932.webp","og:image:width":1527,"og:image:height":887,"article:published_time":"2025-06-29T10:44:19+00:00","article:modified_time":"2025-06-29T10:44:21+00:00","twitter:card":"summary_large_image","twitter:title":"VU\u010cI\u0106 THREATENS STUDENTS: \u201cThe prosecution should not play naive, but launch an investigation into the call for civil conflicts\u201d! | Serbiantimes.info EN","twitter:description":"Serbian President Aleksandar Vu\u010di\u0107 claims that last night's student announcement about the green light was &quot;a direct call for civil conflicts.&quot; &quot;I demand from the prosecution to do their job, not to pretend to be clumsy and naive. The time for accountability is coming. I will not sign pardons or amnesties,&quot; Vu\u010di\u0107 said. Vu\u010di\u0107 announced","twitter:image":"https:\/\/serbiantimes.info\/en\/wp-content\/uploads\/2025\/06\/Snimak-ekrana-2025-06-29-113932.webp"},"aioseo_meta_data":{"post_id":"181310","title":null,"description":null,"keywords":null,"keyphrases":{"focus":{"keyphrase":"","score":0,"analysis":{"keyphraseInTitle":{"score":0,"maxScore":9,"error":1}}},"additional":[]},"primary_term":null,"canonical_url":null,"og_title":null,"og_description":null,"og_object_type":"default","og_image_type":"default","og_image_url":null,"og_image_width":null,"og_image_height":null,"og_image_custom_url":null,"og_image_custom_fields":null,"og_video":"","og_custom_url":null,"og_article_section":null,"og_article_tags":null,"twitter_use_og":false,"twitter_card":"default","twitter_image_type":"default","twitter_image_url":null,"twitter_image_custom_url":null,"twitter_image_custom_fields":null,"twitter_title":null,"twitter_description":null,"schema":{"blockGraphs":[],"customGraphs":[],"default":{"data":{"Article":[],"Course":[],"Dataset":[],"FAQPage":[],"Movie":[],"Person":[],"Product":[],"ProductReview":[],"Car":[],"Recipe":[],"Service":[],"SoftwareApplication":[],"WebPage":[]},"graphName":"BlogPosting","isEnabled":true},"graphs":[]},"schema_type":"default","schema_type_options":null,"pillar_content":false,"robots_default":true,"robots_noindex":false,"robots_noarchive":false,"robots_nosnippet":false,"robots_nofollow":false,"robots_noimageindex":false,"robots_noodp":false,"robots_notranslate":false,"robots_max_snippet":"-1","robots_max_videopreview":"-1","robots_max_imagepreview":"large","priority":null,"frequency":"default","local_seo":null,"breadcrumb_settings":null,"limit_modified_date":false,"ai":null,"created":"2025-06-29 10:44:21","updated":"2025-06-29 10:49:02","focus_keyword":null,"additional_keywords":null,"truseo_locale":null,"seo_analyzer_scan_date":null},"aioseo_breadcrumb":"<div class=\"aioseo-breadcrumbs\"><span class=\"aioseo-breadcrumb\">\n\t\t\t<a href=\"https:\/\/serbiantimes.info\/en\" title=\"Home\">Home<\/a>\n\t\t<\/span><span class=\"aioseo-breadcrumb-separator\">&raquo;<\/span><span class=\"aioseo-breadcrumb\">\n\t\t\t<a href=\"https:\/\/serbiantimes.info\/en\/category\/serbia\/\" title=\"SERBIA\">SERBIA<\/a>\n\t\t<\/span><span class=\"aioseo-breadcrumb-separator\">&raquo;<\/span><span class=\"aioseo-breadcrumb\">\n\t\t\tVU\u010cI\u0106 THREATENS STUDENTS: \u201cThe prosecution should not play naive, but launch an investigation into the call for civil conflicts\u201d!\n\t\t<\/span><\/div>","aioseo_breadcrumb_json":[{"label":"Home","link":"https:\/\/serbiantimes.info\/en"},{"label":"SERBIA","link":"https:\/\/serbiantimes.info\/en\/category\/serbia\/"},{"label":"VU\u010cI\u0106 THREATENS STUDENTS: &#8220;The prosecution should not play naive, but launch an investigation into the call for civil conflicts&#8221;!","link":"https:\/\/serbiantimes.info\/en\/vucic-threatens-students-the-prosecution-should-not-play-naive-but-launch-an-investigation-into-the-call-for-civil-conflicts\/"}],"distributor_meta":false,"distributor_terms":false,"distributor_media":false,"distributor_original_site_name":"Serbiantimes.info EN","distributor_original_site_url":"https:\/\/serbiantimes.info\/en","push-errors":false,"_links":{"self":[{"href":"https:\/\/serbiantimes.info\/en\/wp-json\/wp\/v2\/posts\/181310","targetHints":{"allow":["GET"]}}],"collection":[{"href":"https:\/\/serbiantimes.info\/en\/wp-json\/wp\/v2\/posts"}],"about":[{"href":"https:\/\/serbiantimes.info\/en\/wp-json\/wp\/v2\/types\/post"}],"author":[{"embeddable":true,"href":"https:\/\/serbiantimes.info\/en\/wp-json\/wp\/v2\/users\/2169"}],"replies":[{"embeddable":true,"href":"https:\/\/serbiantimes.info\/en\/wp-json\/wp\/v2\/comments?post=181310"}],"version-history":[{"count":2,"href":"https:\/\/serbiantimes.info\/en\/wp-json\/wp\/v2\/posts\/181310\/revisions"}],"predecessor-version":[{"id":181325,"href":"https:\/\/serbiantimes.info\/en\/wp-json\/wp\/v2\/posts\/181310\/revisions\/181325"}],"wp:attachment":[{"href":"https:\/\/serbiantimes.info\/en\/wp-json\/wp\/v2\/media?parent=181310"}],"wp:term":[{"taxonomy":"category","embeddable":true,"href":"https:\/\/serbiantimes.info\/en\/wp-json\/wp\/v2\/categories?post=181310"},{"taxonomy":"post_tag","embeddable":true,"href":"https:\/\/serbiantimes.info\/en\/wp-json\/wp\/v2\/tags?post=181310"}],"curies":[{"name":"wp","href":"https:\/\/api.w.org\/{rel}","templated":true}]}}