{"id":181277,"date":"2025-06-29T03:48:33","date_gmt":"2025-06-29T01:48:33","guid":{"rendered":"https:\/\/serbiantimes.info\/en\/?p=181277"},"modified":"2025-06-29T03:48:34","modified_gmt":"2025-06-29T01:48:34","slug":"pilgrimage-of-the-hawks-eye-folklore-from-chicago-visited-holy-serbian-sites-corfu-zeitenlik-and-also-the-grave-of-the-famous-warrior-after-whom-they-were-named","status":"publish","type":"post","link":"https:\/\/serbiantimes.info\/en\/pilgrimage-of-the-hawks-eye-folklore-from-chicago-visited-holy-serbian-sites-corfu-zeitenlik-and-also-the-grave-of-the-famous-warrior-after-whom-they-were-named\/","title":{"rendered":"PILGRIMAGE OF THE &#8220;HAWK&#8217;S EYE&#8221;: Folklore from Chicago Visited Holy Serbian Sites, Corfu, Zeitenlik, and Also the Grave of the Famous Warrior After Whom They Were Named!"},"content":{"rendered":"\n<p><strong><em>The &#8220;Oko Sokolovo&#8221; (Hawk&#8217;s Eye) ensemble from Chicago organized a tour called &#8220;Paths of Serbian History and Spirituality 2025&#8221; in the past two weeks, with 32 members of the ensemble, considered the best Serbian folklore ensemble in America, embarking on the journey from the USA.<\/em><\/strong><\/p>\n\n\n\n<p>During the tour of Serbia and Greece, the ensemble covered 3500 km, held 5 folklore concerts and 7 singing performances. With one guest appearance on RTS&#8217;s Morning Program, the ensemble visited 15 Serbian monasteries and churches.<\/p>\n\n\n\n<p>&#8220;Especially important was the visit to the Serbian military cemetery Zeitenlik in Thessaloniki, as well as Corfu, with the Serbian House and the island of Vido with its mausoleum and ossuary. During the trip to Thessaloniki, the ensemble visited the Church of St. Demetrius and Meteora, Orthodox monasteries on cliff tops, as well as the Church of Saint Spyridon in Corfu,&#8221; says Milan Andrijani\u0107, the head and choreographer of &#8220;Oko Sokolovo,&#8221; adding: <\/p>\n\n\n\n<figure class=\"wp-block-image size-large\"><img decoding=\"async\" src=\"https:\/\/serbiantimes.info\/en\/wp-content\/uploads\/2025\/06\/Oko-sokolovo-SRPSKA-KUCA-Krf-768x1024.jpg\" alt=\"\" class=\"wp-image-100000187617\" srcset=\"https:\/\/serbiantimes.info\/en\/wp-content\/uploads\/2025\/06\/Oko-sokolovo-SRPSKA-KUCA-Krf-768x1024.jpg 768w, https:\/\/serbiantimes.info\/en\/wp-content\/uploads\/2025\/06\/Oko-sokolovo-SRPSKA-KUCA-Krf-225x300.jpg 225w, https:\/\/serbiantimes.info\/en\/wp-content\/uploads\/2025\/06\/Oko-sokolovo-SRPSKA-KUCA-Krf-1152x1536.jpg 1152w, https:\/\/serbiantimes.info\/en\/wp-content\/uploads\/2025\/06\/Oko-sokolovo-SRPSKA-KUCA-Krf-1200x1600.jpg 1200w, https:\/\/serbiantimes.info\/en\/wp-content\/uploads\/2025\/06\/Oko-sokolovo-SRPSKA-KUCA-Krf.jpg 1440w\" sizes=\"(max-width: 768px) 100vw, 768px\" \/><\/figure>\n\n\n\n<figure class=\"wp-block-image size-full\"><img decoding=\"async\" src=\"https:\/\/serbiantimes.info\/en\/wp-content\/uploads\/2025\/06\/Oko-sokolovo-VIDO-1.jpg\" alt=\"\" class=\"wp-image-100000187616\" srcset=\"https:\/\/serbiantimes.info\/en\/wp-content\/uploads\/2025\/06\/Oko-sokolovo-VIDO-1.jpg 868w, https:\/\/serbiantimes.info\/en\/wp-content\/uploads\/2025\/06\/Oko-sokolovo-VIDO-1-300x221.jpg 300w, https:\/\/serbiantimes.info\/en\/wp-content\/uploads\/2025\/06\/Oko-sokolovo-VIDO-1-768x565.jpg 768w\" sizes=\"(max-width: 868px) 100vw, 868px\" \/><\/figure>\n\n\n\n<figure class=\"wp-block-image size-full\"><img decoding=\"async\" src=\"https:\/\/serbiantimes.info\/en\/wp-content\/uploads\/2025\/06\/Oko-sokolovo-KRF-3.jpg\" alt=\"\" class=\"wp-image-100000187615\" srcset=\"https:\/\/serbiantimes.info\/en\/wp-content\/uploads\/2025\/06\/Oko-sokolovo-KRF-3.jpg 855w, https:\/\/serbiantimes.info\/en\/wp-content\/uploads\/2025\/06\/Oko-sokolovo-KRF-3-300x218.jpg 300w, https:\/\/serbiantimes.info\/en\/wp-content\/uploads\/2025\/06\/Oko-sokolovo-KRF-3-768x557.jpg 768w\" sizes=\"(max-width: 855px) 100vw, 855px\" \/><\/figure>\n\n\n\n<figure class=\"wp-block-image size-large\"><img decoding=\"async\" src=\"https:\/\/serbiantimes.info\/en\/wp-content\/uploads\/2025\/06\/Oko-sokolovo-TRG-SV.SPIRIDONA-KRF-2025-1024x576.jpg\" alt=\"\" class=\"wp-image-100000187614\" srcset=\"https:\/\/serbiantimes.info\/en\/wp-content\/uploads\/2025\/06\/Oko-sokolovo-TRG-SV.SPIRIDONA-KRF-2025-1024x576.jpg 1024w, https:\/\/serbiantimes.info\/en\/wp-content\/uploads\/2025\/06\/Oko-sokolovo-TRG-SV.SPIRIDONA-KRF-2025-300x169.jpg 300w, https:\/\/serbiantimes.info\/en\/wp-content\/uploads\/2025\/06\/Oko-sokolovo-TRG-SV.SPIRIDONA-KRF-2025-768x432.jpg 768w, https:\/\/serbiantimes.info\/en\/wp-content\/uploads\/2025\/06\/Oko-sokolovo-TRG-SV.SPIRIDONA-KRF-2025-1200x675.jpg 1200w, https:\/\/serbiantimes.info\/en\/wp-content\/uploads\/2025\/06\/Oko-sokolovo-TRG-SV.SPIRIDONA-KRF-2025.jpg 1440w\" sizes=\"(max-width: 1024px) 100vw, 1024px\" \/><\/figure>\n\n\n\n<figure class=\"wp-block-image size-large\"><img decoding=\"async\" src=\"https:\/\/serbiantimes.info\/en\/wp-content\/uploads\/2025\/06\/Oko-sokolovo-SV.-SPIRIDON-TRG-KRF-1024x768.jpg\" alt=\"\" class=\"wp-image-100000187613\" srcset=\"https:\/\/serbiantimes.info\/en\/wp-content\/uploads\/2025\/06\/Oko-sokolovo-SV.-SPIRIDON-TRG-KRF-1024x768.jpg 1024w, https:\/\/serbiantimes.info\/en\/wp-content\/uploads\/2025\/06\/Oko-sokolovo-SV.-SPIRIDON-TRG-KRF-300x225.jpg 300w, https:\/\/serbiantimes.info\/en\/wp-content\/uploads\/2025\/06\/Oko-sokolovo-SV.-SPIRIDON-TRG-KRF-768x576.jpg 768w, https:\/\/serbiantimes.info\/en\/wp-content\/uploads\/2025\/06\/Oko-sokolovo-SV.-SPIRIDON-TRG-KRF-800x600.jpg 800w, https:\/\/serbiantimes.info\/en\/wp-content\/uploads\/2025\/06\/Oko-sokolovo-SV.-SPIRIDON-TRG-KRF.jpg 1200w\" sizes=\"(max-width: 1024px) 100vw, 1024px\" \/><\/figure>\n\n\n\n<figure class=\"wp-block-image size-large\"><img decoding=\"async\" src=\"https:\/\/serbiantimes.info\/en\/wp-content\/uploads\/2025\/06\/Oko-sokolovo-METEORI-2-1024x768.jpg\" alt=\"\" class=\"wp-image-100000187612\" srcset=\"https:\/\/serbiantimes.info\/en\/wp-content\/uploads\/2025\/06\/Oko-sokolovo-METEORI-2-1024x768.jpg 1024w, https:\/\/serbiantimes.info\/en\/wp-content\/uploads\/2025\/06\/Oko-sokolovo-METEORI-2-300x225.jpg 300w, https:\/\/serbiantimes.info\/en\/wp-content\/uploads\/2025\/06\/Oko-sokolovo-METEORI-2-768x576.jpg 768w, https:\/\/serbiantimes.info\/en\/wp-content\/uploads\/2025\/06\/Oko-sokolovo-METEORI-2-800x600.jpg 800w, https:\/\/serbiantimes.info\/en\/wp-content\/uploads\/2025\/06\/Oko-sokolovo-METEORI-2-1200x900.jpg 1200w, https:\/\/serbiantimes.info\/en\/wp-content\/uploads\/2025\/06\/Oko-sokolovo-METEORI-2.jpg 1440w\" sizes=\"(max-width: 1024px) 100vw, 1024px\" \/><\/figure>\n\n\n\n<figure class=\"wp-block-image size-full\"><img decoding=\"async\" src=\"https:\/\/serbiantimes.info\/en\/wp-content\/uploads\/2025\/06\/Oko-sokolovo-VIDO-2.jpg\" alt=\"\" class=\"wp-image-100000187611\" srcset=\"https:\/\/serbiantimes.info\/en\/wp-content\/uploads\/2025\/06\/Oko-sokolovo-VIDO-2.jpg 863w, https:\/\/serbiantimes.info\/en\/wp-content\/uploads\/2025\/06\/Oko-sokolovo-VIDO-2-300x219.jpg 300w, https:\/\/serbiantimes.info\/en\/wp-content\/uploads\/2025\/06\/Oko-sokolovo-VIDO-2-768x562.jpg 768w\" sizes=\"(max-width: 863px) 100vw, 863px\" \/><\/figure>\n\n\n\n<figure class=\"wp-block-image size-large\"><img decoding=\"async\" src=\"https:\/\/serbiantimes.info\/en\/wp-content\/uploads\/2025\/06\/Oko-sokolovo-ZEJTILNIK-2025-777x1024.jpg\" alt=\"\" class=\"wp-image-100000187609\" srcset=\"https:\/\/serbiantimes.info\/en\/wp-content\/uploads\/2025\/06\/Oko-sokolovo-ZEJTILNIK-2025-777x1024.jpg 777w, https:\/\/serbiantimes.info\/en\/wp-content\/uploads\/2025\/06\/Oko-sokolovo-ZEJTILNIK-2025-228x300.jpg 228w, https:\/\/serbiantimes.info\/en\/wp-content\/uploads\/2025\/06\/Oko-sokolovo-ZEJTILNIK-2025-768x1012.jpg 768w, https:\/\/serbiantimes.info\/en\/wp-content\/uploads\/2025\/06\/Oko-sokolovo-ZEJTILNIK-2025-1166x1536.jpg 1166w, https:\/\/serbiantimes.info\/en\/wp-content\/uploads\/2025\/06\/Oko-sokolovo-ZEJTILNIK-2025.jpg 1168w\" sizes=\"(max-width: 777px) 100vw, 777px\" \/><\/figure>\n\n\n\n<figure class=\"wp-block-image size-large\"><img decoding=\"async\" src=\"https:\/\/serbiantimes.info\/en\/wp-content\/uploads\/2025\/06\/Oko-sokolovo-MAUZOLEJ-VIDO-776x1024.jpg\" alt=\"\" class=\"wp-image-100000187608\" srcset=\"https:\/\/serbiantimes.info\/en\/wp-content\/uploads\/2025\/06\/Oko-sokolovo-MAUZOLEJ-VIDO-776x1024.jpg 776w, https:\/\/serbiantimes.info\/en\/wp-content\/uploads\/2025\/06\/Oko-sokolovo-MAUZOLEJ-VIDO-227x300.jpg 227w, https:\/\/serbiantimes.info\/en\/wp-content\/uploads\/2025\/06\/Oko-sokolovo-MAUZOLEJ-VIDO-768x1014.jpg 768w, https:\/\/serbiantimes.info\/en\/wp-content\/uploads\/2025\/06\/Oko-sokolovo-MAUZOLEJ-VIDO-1164x1536.jpg 1164w, https:\/\/serbiantimes.info\/en\/wp-content\/uploads\/2025\/06\/Oko-sokolovo-MAUZOLEJ-VIDO.jpg 1179w\" sizes=\"(max-width: 776px) 100vw, 776px\" \/><\/figure>\n\n\n\n<p><strong>THEY WILL LONG REMEMBER GREECE: They Visited Corfu, the Island of Vido, Zeitenlik, Monasteries in Meteora\u2026<\/strong><\/p>\n\n\n\n<p>&#8220;We visited the Fru\u0161ka Gora monasteries Kru\u0161edol, Hopovo, and Jazak, the Ru\u017eica Church and St. Petka Church at Kalemegdan, the Temple of Saint Sava in Vra\u010dar, Poganovo Monastery in Eastern Serbia, St. Nicholas Monastery in Kur\u0161umlija, Petrova Church in Novi Pazar, Sopo\u0107ani and Gradac Monasteries, old and new Pavlica in the Ra\u0161ka area, Studenica and \u017di\u010da.&#8221;<\/p>\n\n\n\n<p>&#8220;Oko Sokolovo&#8221; held concerts with the KUD Bole\u010d and KUD Abra\u0161evi\u0107 ensembles in Belgrade, AKUD Oro in Ni\u0161, and ANIP Frula in Ra\u0161ka, as well as a concert on St. Spyridon Square in the center of Corfu. <\/p>\n\n\n\n<figure class=\"wp-block-image size-large\"><img decoding=\"async\" src=\"https:\/\/serbiantimes.info\/en\/wp-content\/uploads\/2025\/06\/Oko-sokolovo-Nis2-1024x576.jpg\" alt=\"\" class=\"wp-image-100000187598\" srcset=\"https:\/\/serbiantimes.info\/en\/wp-content\/uploads\/2025\/06\/Oko-sokolovo-Nis2-1024x576.jpg 1024w, https:\/\/serbiantimes.info\/en\/wp-content\/uploads\/2025\/06\/Oko-sokolovo-Nis2-300x169.jpg 300w, https:\/\/serbiantimes.info\/en\/wp-content\/uploads\/2025\/06\/Oko-sokolovo-Nis2-768x432.jpg 768w, https:\/\/serbiantimes.info\/en\/wp-content\/uploads\/2025\/06\/Oko-sokolovo-Nis2-1200x675.jpg 1200w, https:\/\/serbiantimes.info\/en\/wp-content\/uploads\/2025\/06\/Oko-sokolovo-Nis2.jpg 1440w\" sizes=\"(max-width: 1024px) 100vw, 1024px\" \/><\/figure>\n\n\n\n<figure class=\"wp-block-image size-large\"><img decoding=\"async\" src=\"https:\/\/serbiantimes.info\/en\/wp-content\/uploads\/2025\/06\/Oko-sokolovo-Nis-1024x768.jpg\" alt=\"\" class=\"wp-image-100000187597\" srcset=\"https:\/\/serbiantimes.info\/en\/wp-content\/uploads\/2025\/06\/Oko-sokolovo-Nis-1024x768.jpg 1024w, https:\/\/serbiantimes.info\/en\/wp-content\/uploads\/2025\/06\/Oko-sokolovo-Nis-300x225.jpg 300w, https:\/\/serbiantimes.info\/en\/wp-content\/uploads\/2025\/06\/Oko-sokolovo-Nis-768x576.jpg 768w, https:\/\/serbiantimes.info\/en\/wp-content\/uploads\/2025\/06\/Oko-sokolovo-Nis-800x600.jpg 800w, https:\/\/serbiantimes.info\/en\/wp-content\/uploads\/2025\/06\/Oko-sokolovo-Nis-1200x900.jpg 1200w, https:\/\/serbiantimes.info\/en\/wp-content\/uploads\/2025\/06\/Oko-sokolovo-Nis.jpg 1440w\" sizes=\"(max-width: 1024px) 100vw, 1024px\" \/><\/figure>\n\n\n\n<p><strong>PERFORMANCE IN NI\u0160: &#8220;Oko Sokolovo&#8221; Showed Serbia How to Dance in the Diaspora<\/strong><\/p>\n\n\n\n<p>&#8220;Our singing group had the honor of singing spiritual songs from their repertoire in monasteries. The ensemble visited Gad\u017ein Han and laid flowers at the monument to Dragutin Mati\u0107 &#8216;Oko Sokolovo&#8217;, whose name they bear, as well as his birth house in the village of Kaletinac,&#8221; says Andrijani\u0107. Great attention from the ensemble members was also attracted by a visit to \u0110avolja Varo\u0161 (Devil&#8217;s Town) near Kur\u0161umlija, the only site from Serbia that was nominated as one of the world&#8217;s natural wonders, as well as the miraculous Rtanj mountain. <\/p>\n\n\n\n<figure class=\"wp-block-image size-large\"><img decoding=\"async\" src=\"https:\/\/serbiantimes.info\/en\/wp-content\/uploads\/2025\/06\/Oko-Sokolovo-DJavolja-varos-768x1024.jpg\" alt=\"\" class=\"wp-image-100000187606\" srcset=\"https:\/\/serbiantimes.info\/en\/wp-content\/uploads\/2025\/06\/Oko-Sokolovo-DJavolja-varos-768x1024.jpg 768w, https:\/\/serbiantimes.info\/en\/wp-content\/uploads\/2025\/06\/Oko-Sokolovo-DJavolja-varos-225x300.jpg 225w, https:\/\/serbiantimes.info\/en\/wp-content\/uploads\/2025\/06\/Oko-Sokolovo-DJavolja-varos-1152x1536.jpg 1152w, https:\/\/serbiantimes.info\/en\/wp-content\/uploads\/2025\/06\/Oko-Sokolovo-DJavolja-varos-1200x1600.jpg 1200w, https:\/\/serbiantimes.info\/en\/wp-content\/uploads\/2025\/06\/Oko-Sokolovo-DJavolja-varos.jpg 1440w\" sizes=\"(max-width: 768px) 100vw, 768px\" \/><\/figure>\n\n\n\n<p><strong>SERBIAN, ALMOST A WORLD WONDER: Devil&#8217;s Town <\/strong><\/p>\n\n\n\n<figure class=\"wp-block-image size-large\"><img decoding=\"async\" src=\"https:\/\/serbiantimes.info\/en\/wp-content\/uploads\/2025\/06\/Oko-sokolovo-RTANJ-2025-1024x768.jpg\" alt=\"\" class=\"wp-image-100000187607\" srcset=\"https:\/\/serbiantimes.info\/en\/wp-content\/uploads\/2025\/06\/Oko-sokolovo-RTANJ-2025-1024x768.jpg 1024w, https:\/\/serbiantimes.info\/en\/wp-content\/uploads\/2025\/06\/Oko-sokolovo-RTANJ-2025-300x225.jpg 300w, https:\/\/serbiantimes.info\/en\/wp-content\/uploads\/2025\/06\/Oko-sokolovo-RTANJ-2025-768x576.jpg 768w, https:\/\/serbiantimes.info\/en\/wp-content\/uploads\/2025\/06\/Oko-sokolovo-RTANJ-2025-800x600.jpg 800w, https:\/\/serbiantimes.info\/en\/wp-content\/uploads\/2025\/06\/Oko-sokolovo-RTANJ-2025.jpg 1200w\" sizes=\"(max-width: 1024px) 100vw, 1024px\" \/><\/figure>\n\n\n\n<p><strong>SERBIAN &#8220;PYRAMID&#8221;: Visiting Rtanj<\/strong><\/p>\n\n\n\n<p>&#8220;We visited ethno restaurants Lugarnica in Mala Remeta on Fru\u0161ka Gora, Bala\u0161evi\u0107 at the foot of Rtanj, and Poganovo restaurant, tasted a real homemade breakfast on the slopes of Fru\u0161ka Gora, had lunch in Belgrade&#8217;s oldest tavern &#8216;Znak Pitanja&#8217; (Question Mark), had dinner in the famous Ni\u0161 Mehana, and tasted monastic wine from Poganovo Monastery. <\/p>\n\n\n\n<figure class=\"wp-block-image size-large\"><img decoding=\"async\" src=\"https:\/\/serbiantimes.info\/en\/wp-content\/uploads\/2025\/06\/Oko-sokolovo-POGANOVO-1-769x1024.jpg\" alt=\"\" class=\"wp-image-100000187605\" srcset=\"https:\/\/serbiantimes.info\/en\/wp-content\/uploads\/2025\/06\/Oko-sokolovo-POGANOVO-1-769x1024.jpg 769w, https:\/\/serbiantimes.info\/en\/wp-content\/uploads\/2025\/06\/Oko-sokolovo-POGANOVO-1-225x300.jpg 225w, https:\/\/serbiantimes.info\/en\/wp-content\/uploads\/2025\/06\/Oko-sokolovo-POGANOVO-1-768x1023.jpg 768w, https:\/\/serbiantimes.info\/en\/wp-content\/uploads\/2025\/06\/Oko-sokolovo-POGANOVO-1-1153x1536.jpg 1153w, https:\/\/serbiantimes.info\/en\/wp-content\/uploads\/2025\/06\/Oko-sokolovo-POGANOVO-1-1200x1598.jpg 1200w, https:\/\/serbiantimes.info\/en\/wp-content\/uploads\/2025\/06\/Oko-sokolovo-POGANOVO-1.jpg 1440w\" sizes=\"(max-width: 769px) 100vw, 769px\" \/><\/figure>\n\n\n\n<figure class=\"wp-block-image size-large\"><img decoding=\"async\" src=\"https:\/\/serbiantimes.info\/en\/wp-content\/uploads\/2025\/06\/Oko-sokolovo-POGANOVO-2-769x1024.jpg\" alt=\"\" class=\"wp-image-100000187604\" srcset=\"https:\/\/serbiantimes.info\/en\/wp-content\/uploads\/2025\/06\/Oko-sokolovo-POGANOVO-2-769x1024.jpg 769w, https:\/\/serbiantimes.info\/en\/wp-content\/uploads\/2025\/06\/Oko-sokolovo-POGANOVO-2-225x300.jpg 225w, https:\/\/serbiantimes.info\/en\/wp-content\/uploads\/2025\/06\/Oko-sokolovo-POGANOVO-2-768x1023.jpg 768w, https:\/\/serbiantimes.info\/en\/wp-content\/uploads\/2025\/06\/Oko-sokolovo-POGANOVO-2-1153x1536.jpg 1153w, https:\/\/serbiantimes.info\/en\/wp-content\/uploads\/2025\/06\/Oko-sokolovo-POGANOVO-2-1200x1598.jpg 1200w, https:\/\/serbiantimes.info\/en\/wp-content\/uploads\/2025\/06\/Oko-sokolovo-POGANOVO-2.jpg 1440w\" sizes=\"(max-width: 769px) 100vw, 769px\" \/><\/figure>\n\n\n\n<figure class=\"wp-block-image size-large\"><img decoding=\"async\" src=\"https:\/\/serbiantimes.info\/en\/wp-content\/uploads\/2025\/06\/Oko-sokolovo-POGANOVO-3-769x1024.jpg\" alt=\"\" class=\"wp-image-100000187603\" srcset=\"https:\/\/serbiantimes.info\/en\/wp-content\/uploads\/2025\/06\/Oko-sokolovo-POGANOVO-3-769x1024.jpg 769w, https:\/\/serbiantimes.info\/en\/wp-content\/uploads\/2025\/06\/Oko-sokolovo-POGANOVO-3-225x300.jpg 225w, https:\/\/serbiantimes.info\/en\/wp-content\/uploads\/2025\/06\/Oko-sokolovo-POGANOVO-3-768x1023.jpg 768w, https:\/\/serbiantimes.info\/en\/wp-content\/uploads\/2025\/06\/Oko-sokolovo-POGANOVO-3-1153x1536.jpg 1153w, https:\/\/serbiantimes.info\/en\/wp-content\/uploads\/2025\/06\/Oko-sokolovo-POGANOVO-3-1200x1598.jpg 1200w, https:\/\/serbiantimes.info\/en\/wp-content\/uploads\/2025\/06\/Oko-sokolovo-POGANOVO-3.jpg 1440w\" sizes=\"(max-width: 769px) 100vw, 769px\" \/><\/figure>\n\n\n\n<p><strong>AT POGANOVO MONASTERY: Liturgy and Wine<\/strong><\/p>\n\n\n\n<p>&#8220;In Belgrade, we visited the city center, Princess Ljubica&#8217;s Residence and the Cathedral Church. During the trip, we also stopped by the Folk Art national costume workshop in Kraljevo,&#8221; concludes Milan Andrijani\u0107.<\/p>\n\n\n\n<p><strong>Article: <\/strong>Serbian Times <strong>Photo:<\/strong> Oko Sokolovo<\/p>\n","protected":false},"excerpt":{"rendered":"<p>The &#8220;Oko Sokolovo&#8221; (Hawk&#8217;s Eye) ensemble from Chicago organized a tour called &#8220;Paths of Serbian History and Spirituality 2025&#8221; in the past two weeks, with 32 members of the ensemble, considered the best Serbian folklore ensemble in America, embarking on the journey from the USA. During the tour of Serbia and Greece, the ensemble covered [&hellip;]<\/p>\n","protected":false},"author":8,"featured_media":100000187596,"comment_status":"open","ping_status":"open","sticky":false,"template":"","format":"standard","meta":{"newspack_featured_image_position":"","newspack_post_subtitle":"","newspack_article_summary_title":"Overview:","newspack_article_summary":"","newspack_hide_updated_date":false,"newspack_show_updated_date":false,"footnotes":""},"categories":[5],"tags":[45,7341,7340,5302,2902,2904,2948,113],"class_list":["post-181277","post","type-post","status-publish","format-standard","has-post-thumbnail","hentry","category-diaspora","tag-chicago","tag-corfu","tag-folklore","tag-krf","tag-milan-andrijanic","tag-oko-sokolovo","tag-serbian-folklore","tag-srbija","entry"],"aioseo_notices":[],"distributor_meta":false,"distributor_terms":false,"distributor_media":false,"distributor_original_site_name":"Serbiantimes.info EN","distributor_original_site_url":"https:\/\/serbiantimes.info\/en","push-errors":false,"_links":{"self":[{"href":"https:\/\/serbiantimes.info\/en\/wp-json\/wp\/v2\/posts\/181277","targetHints":{"allow":["GET"]}}],"collection":[{"href":"https:\/\/serbiantimes.info\/en\/wp-json\/wp\/v2\/posts"}],"about":[{"href":"https:\/\/serbiantimes.info\/en\/wp-json\/wp\/v2\/types\/post"}],"author":[{"embeddable":true,"href":"https:\/\/serbiantimes.info\/en\/wp-json\/wp\/v2\/users\/8"}],"replies":[{"embeddable":true,"href":"https:\/\/serbiantimes.info\/en\/wp-json\/wp\/v2\/comments?post=181277"}],"version-history":[{"count":1,"href":"https:\/\/serbiantimes.info\/en\/wp-json\/wp\/v2\/posts\/181277\/revisions"}],"predecessor-version":[{"id":181280,"href":"https:\/\/serbiantimes.info\/en\/wp-json\/wp\/v2\/posts\/181277\/revisions\/181280"}],"wp:featuredmedia":[{"embeddable":true,"href":"https:\/\/serbiantimes.info\/en\/wp-json\/"}],"wp:attachment":[{"href":"https:\/\/serbiantimes.info\/en\/wp-json\/wp\/v2\/media?parent=181277"}],"wp:term":[{"taxonomy":"category","embeddable":true,"href":"https:\/\/serbiantimes.info\/en\/wp-json\/wp\/v2\/categories?post=181277"},{"taxonomy":"post_tag","embeddable":true,"href":"https:\/\/serbiantimes.info\/en\/wp-json\/wp\/v2\/tags?post=181277"}],"curies":[{"name":"wp","href":"https:\/\/api.w.org\/{rel}","templated":true}]}}