{"id":181004,"date":"2025-06-25T22:43:45","date_gmt":"2025-06-25T20:43:45","guid":{"rendered":"https:\/\/serbiantimes.info\/en\/?p=181004"},"modified":"2025-06-25T22:43:46","modified_gmt":"2025-06-25T20:43:46","slug":"mup-and-prosecutors-office-on-veteran-arrests-pistol-and-crossbow-found-six-suspects-for-acts-against-constitutional-order","status":"publish","type":"post","link":"https:\/\/serbiantimes.info\/en\/mup-and-prosecutors-office-on-veteran-arrests-pistol-and-crossbow-found-six-suspects-for-acts-against-constitutional-order\/","title":{"rendered":"MUP AND PROSECUTOR&#8217;S OFFICE ON VETERAN ARRESTS: Pistol and crossbow found, six suspects for acts against constitutional order!"},"content":{"rendered":"\n<p><strong><em>Members of the Ministry of Internal Affairs, Criminal Police Directorate, Crime Suppression Service, Counter-Terrorism Service, and police administrations in U\u017eice, \u010ca\u010dak, and Kragujevac, in cooperation with the Security Intelligence Agency, and by order of the Higher Public Prosecutor&#8217;s Office in Belgrade, arrested six people at several locations across Serbia. They are suspected of having committed the criminal offense of preparing acts against the constitutional order and security of Serbia, in connection with the criminal offense of inciting violent change of the constitutional order.<\/em><\/strong><\/p>\n\n\n\n<p>Those arrested are I. M. (48), N. A. (47), V. K. (55), A. I. (49), S. G. (52), and B. M. (57).<\/p>\n\n\n\n<p>It is suspected that on June 21, they met in a hotel in Kraljevo with the aim of planning a violent change of government in the Republic of Serbia. They allegedly conspired to attack representatives of state institutions, physically assault police officers with the aim of disarming them, and violently break into the building of the Government of the Republic of Serbia and other institutions, as well as media houses such as Radio Television of Serbia, &#8220;Happy,&#8221; and &#8220;Informer,&#8221; all with the announcement that they would use firearms.<\/p>\n\n\n\n<p>A criminal complaint will also be filed against I. M. for the suspected criminal offense of unauthorized production, possession, carrying, and trafficking of firearms and explosive devices.<\/p>\n\n\n\n<p>In a &#8220;\u0160koda&#8221; car driven by the suspect I. M. on the way to Po\u017eega, police found a pistol with a filed serial number, a magazine containing seven rounds, and a factory box with 25 pieces of corresponding ammunition, which he illegally possessed without permits from the competent authorities.<\/p>\n\n\n\n<p>A crossbow was found with the arrested V. K.<\/p>\n\n\n\n<p>The suspects have been detained for up to 48 hours, after which they will be brought before the competent prosecutor&#8217;s office with criminal charges.<\/p>\n\n\n\n<p>Searches are currently underway at several locations in the Republic of Serbia, and in cooperation with the competent authorities, the police continue to work on this case.<\/p>\n\n\n\n<h4 class=\"wp-block-heading\">Higher Public Prosecutor&#8217;s Office released a statement after the arrests<\/h4>\n\n\n\n<p>By order of the Higher Public Prosecutor&#8217;s Office in Belgrade, a total of six individuals were arrested today on suspicion of having committed the criminal offense of preparing acts against the constitutional order and security of Serbia under Article 320, in connection with Article 309 of the Criminal Code, the HPO announced.<\/p>\n\n\n\n<p>The Higher Public Prosecutor&#8217;s Office in Belgrade, in cooperation with the Ministry of Internal Affairs of the Republic of Serbia and the Security Intelligence Agency, continues its work on uncovering all potential attempts to violently overthrow the constitutional order.<\/p>\n\n\n\n<p>&#8220;Today, in a joint action by the Higher Public Prosecutor&#8217;s Office in Belgrade, the MUP RS, and the BIA, I. M. (48), N. A. (47), V. K. (55), A. I. (49), S. G. (52), and B. M. (57) were arrested,&#8221; the Higher Public Prosecutor&#8217;s Office in Belgrade announced.<\/p>\n\n\n\n<p>As previously stated, there are grounds to suspect that the aforementioned suspects held a meeting on June 21, 2025, in a hotel in Kraljevo and planned a violent change of government in the Republic of Serbia.<\/p>\n\n\n\n<p>&#8220;Specifically, they agreed not to return home until they &#8216;killed or destroyed&#8217; representatives of state institutions, announced the use of firearms, conspired to attack police officers with the aim of disarming them, and violently invade the building of the Government of RS and other institutions, as well as media houses Radio Television of Serbia, &#8216;Happy,&#8217; and &#8216;Informer&#8217;,&#8221; the HPO statement reads.<\/p>\n\n\n\n<p>I.M. was arrested in Gugalj, on the way to Po\u017eega.<\/p>\n\n\n\n<p>As announced by the HPO in Belgrade, in the &#8220;\u0160koda&#8221; vehicle he was driving, a CZ 765 pistol with a filed serial number, with a magazine containing 7 rounds and a factory box with 25 pieces of corresponding ammunition, was found in a bag.<\/p>\n\n\n\n<p>With the criminal complaint, I.M. will also be charged with the criminal offense of unauthorized production, possession, carrying, and trafficking of firearms and explosive devices under Article 348 of the Criminal Code. A.I. was arrested in Bogova\u0111a, N.A. and B.M. were arrested in Kragujevac, V. K. in Belgrade, and S.G. in Kragujevac.<\/p>\n\n\n\n<p>The suspects will be brought for questioning at the Higher Public Prosecutor&#8217;s Office in Belgrade within 48 hours.<\/p>\n\n\n\n<h4 class=\"wp-block-heading\"><mark style=\"background-color:#FFFFFF;color:#d21414\" class=\"has-inline-color\">MORE TOPICS:<\/mark><\/h4>\n\n\n\n<p><strong><a href=\"https:\/\/serbiantimes.info\/en\/as-if-something-called-me-firefighter-srdan-found-an-untouched-icon-in-the-fiery-inferno-photo\/\" target=\"_blank\" rel=\"noopener\" title=\"\">\u201cAS IF SOMETHING CALLED ME\u201d: Firefighter Sr\u0111an found an untouched icon in the fiery inferno! (PHOTO)<\/a><\/strong><\/p>\n\n\n\n<p><strong><a href=\"https:\/\/serbiantimes.info\/en\/declaration-adopted-at-the-nato-summit-in-the-hague-members-will-allocate-5-percent-of-gdp-for-defense-and-security\/\" target=\"_blank\" rel=\"noopener\" title=\"\">DECLARATION ADOPTED AT THE NATO SUMMIT IN THE HAGUE: Members will allocate 5 percent of GDP for defense and security!<\/a><\/strong><\/p>\n\n\n\n<p><strong><a href=\"https:\/\/serbiantimes.info\/en\/life-imprisonment-for-the-killers-of-little-vanja-court-in-skopje-passed-a-verdict-for-the-crime-that-shook-the-entire-balkans\/\" target=\"_blank\" rel=\"noopener\" title=\"\">LIFE IMPRISONMENT FOR THE KILLERS OF LITTLE VANJA: Court in Skopje passed a verdict for the crime that shook the entire Balkans!<\/a><\/strong><\/p>\n\n\n\n<p><strong><a href=\"https:\/\/serbiantimes.info\/en\/kurti-continues-persecution-of-serbian-policemen-aleksandar-from-strpce-forbidden-to-return-home-his-child-is-only-15-months-old\/\" target=\"_blank\" rel=\"noopener\" title=\"\">KURTI CONTINUES PERSECUTION OF SERBIAN POLICEMEN: Aleksandar from \u0160trpce forbidden to return home, his child is only 15 months old!<\/a><\/strong><\/p>\n\n\n\n<p><strong><a href=\"https:\/\/serbiantimes.info\/en\/trump-threatened-iran-they-want-to-recover-and-we-will-not-allow-that\/\" target=\"_blank\" rel=\"noopener\" title=\"\">TRUMP THREATENED IRAN: \u201cThey want to recover, and we will not allow that!\u201d<\/a><\/strong><\/p>\n\n\n\n<p><strong>Source<\/strong>: Nova.rs; <strong>Photo<\/strong>: Shutterstock\/Nova\/Privatna arhiva\/Davor Luka\u010d\/Vreme<\/p>\n","protected":false},"excerpt":{"rendered":"<p>Members of the Ministry of Internal Affairs, Criminal Police Directorate, Crime Suppression Service, Counter-Terrorism Service, and police administrations in U\u017eice, \u010ca\u010dak, and Kragujevac, in cooperation with the Security Intelligence Agency, and by order of the Higher Public Prosecutor&#8217;s Office in Belgrade, arrested six people at several locations across Serbia. They are suspected of having committed [&hellip;]<\/p>\n","protected":false},"author":2169,"featured_media":181005,"comment_status":"open","ping_status":"open","sticky":false,"template":"","format":"standard","meta":{"newspack_featured_image_position":"","newspack_post_subtitle":"","newspack_article_summary_title":"Overview:","newspack_article_summary":"","newspack_hide_updated_date":false,"newspack_show_updated_date":false,"footnotes":""},"categories":[7],"tags":[1617,5679,478,6355,113,4837,2075,7293,5616],"class_list":["post-181004","post","type-post","status-publish","format-standard","has-post-thumbnail","hentry","category-serbia","tag-hapsenje","tag-mup-srbije","tag-policija","tag-ratni-veterani","tag-srbija","tag-studenti-u-blokadi","tag-tuzilastvo","tag-ustavni-poredak","tag-veterani","entry"],"aioseo_notices":[],"distributor_meta":false,"distributor_terms":false,"distributor_media":false,"distributor_original_site_name":"Serbiantimes.info EN","distributor_original_site_url":"https:\/\/serbiantimes.info\/en","push-errors":false,"_links":{"self":[{"href":"https:\/\/serbiantimes.info\/en\/wp-json\/wp\/v2\/posts\/181004","targetHints":{"allow":["GET"]}}],"collection":[{"href":"https:\/\/serbiantimes.info\/en\/wp-json\/wp\/v2\/posts"}],"about":[{"href":"https:\/\/serbiantimes.info\/en\/wp-json\/wp\/v2\/types\/post"}],"author":[{"embeddable":true,"href":"https:\/\/serbiantimes.info\/en\/wp-json\/wp\/v2\/users\/2169"}],"replies":[{"embeddable":true,"href":"https:\/\/serbiantimes.info\/en\/wp-json\/wp\/v2\/comments?post=181004"}],"version-history":[{"count":1,"href":"https:\/\/serbiantimes.info\/en\/wp-json\/wp\/v2\/posts\/181004\/revisions"}],"predecessor-version":[{"id":181014,"href":"https:\/\/serbiantimes.info\/en\/wp-json\/wp\/v2\/posts\/181004\/revisions\/181014"}],"wp:featuredmedia":[{"embeddable":true,"href":"https:\/\/serbiantimes.info\/en\/wp-json\/wp\/v2\/media\/181005"}],"wp:attachment":[{"href":"https:\/\/serbiantimes.info\/en\/wp-json\/wp\/v2\/media?parent=181004"}],"wp:term":[{"taxonomy":"category","embeddable":true,"href":"https:\/\/serbiantimes.info\/en\/wp-json\/wp\/v2\/categories?post=181004"},{"taxonomy":"post_tag","embeddable":true,"href":"https:\/\/serbiantimes.info\/en\/wp-json\/wp\/v2\/tags?post=181004"}],"curies":[{"name":"wp","href":"https:\/\/api.w.org\/{rel}","templated":true}]}}