{"id":180977,"date":"2025-06-25T20:06:04","date_gmt":"2025-06-25T18:06:04","guid":{"rendered":"https:\/\/serbiantimes.info\/en\/?p=180977"},"modified":"2025-06-25T20:06:05","modified_gmt":"2025-06-25T18:06:05","slug":"all-medical-reports-collected-court-to-decide-on-ratko-mladics-release-for-treatment-in-serbia","status":"publish","type":"post","link":"https:\/\/serbiantimes.info\/en\/all-medical-reports-collected-court-to-decide-on-ratko-mladics-release-for-treatment-in-serbia\/","title":{"rendered":"ALL MEDICAL REPORTS COLLECTED: Court to decide on Ratko Mladi\u0107&#8217;s release for treatment in Serbia!"},"content":{"rendered":"\n<p class=\"wp-block-paragraph\"><strong><em>All medical reports concerning the health condition of the former commander of the Main Staff of the Republika Srpska Army, General Ratko Mladi\u0107, have been collected, and a decision is pending on whether he will be allowed treatment in Serbia, his son Darko Mladi\u0107 said today.<\/em><\/strong><\/p>\n\n\n\n<p class=\"wp-block-paragraph\">&#8220;Our nephrologist visited the general in The Hague last week and examined him, but his report is not yet for public release. We also received reports from the prison doctors, but they are not public either,&#8221; Darko Mladi\u0107 said, as reported by &#8220;Srna.&#8221;<\/p>\n\n\n\n<p class=\"wp-block-paragraph\">He stated that he would be able to comment on these reports once redacted versions are published.<\/p>\n\n\n\n<p class=\"wp-block-paragraph\">&#8220;A decision on treatment in Serbia could not have been made before these reports,&#8221; the younger Mladi\u0107 stated.<\/p>\n\n\n\n<p class=\"wp-block-paragraph\">He mentioned that his mother recently visited General Mladi\u0107 in The Hague and that he is in daily contact with his family.<\/p>\n\n\n\n<p class=\"wp-block-paragraph\">&#8220;I will go to see him again soon with the children. He regularly speaks with them and they see each other via video calls, but that cannot replace personal contact,&#8221; Darko said.<\/p>\n\n\n\n<p class=\"wp-block-paragraph\">General Mladi\u0107 has neurological, cardiovascular, and urological problems that are progressively worsening and becoming more complicated.<\/p>\n\n\n\n<p class=\"wp-block-paragraph\">The defense of General Mladi\u0107 requested in early June that the International Residual Mechanism for Criminal Tribunals in The Hague grant his early conditional release on an expedited basis, due to his severe health condition.<\/p>\n\n\n\n<p class=\"wp-block-paragraph\">The submission by Dragan Iveti\u0107, General Mladi\u0107&#8217;s lead legal counsel, addressed to Judge Graciela Gatti Santana, states that despite the reluctance of the medical service of the detention unit in The Hague to provide a definitive prognosis on his health, it is undeniable that the general is approaching the end of his life.<\/p>\n\n\n\n<p class=\"wp-block-paragraph\">General Mladi\u0107 had a pacemaker implanted in a Dutch hospital last year, but his health has continued to deteriorate, and since then, his kidneys have failed.<\/p>\n\n\n\n<p class=\"wp-block-paragraph\">&#8220;Given the incurable nature of Mladi\u0107&#8217;s illness and his short life expectancy, continued detention serves no legitimate purpose and constitutes inhumane treatment and punishment,&#8221; the proposal states.<\/p>\n\n\n\n<p class=\"wp-block-paragraph\">His lawyers emphasize that, in addition to saving palliative care costs for the UN detention center, early release would allow General Mladi\u0107 to explore all medical options and spend his remaining months with his family.<\/p>\n\n\n\n<p class=\"wp-block-paragraph\">During his detention, General Mladi\u0107 has suffered two strokes and a heart attack.<\/p>\n\n\n\n<h4 class=\"wp-block-heading\"><mark style=\"background-color:#FFFFFF;color:#d21414\" class=\"has-inline-color\">MORE TOPICS:<\/mark><\/h4>\n\n\n\n<p class=\"wp-block-paragraph\"><strong><a href=\"https:\/\/serbiantimes.info\/en\/as-if-something-called-me-firefighter-srdan-found-an-untouched-icon-in-the-fiery-inferno-photo\/\" target=\"_blank\" rel=\"noopener\" title=\"\">\u201cAS IF SOMETHING CALLED ME\u201d: Firefighter Sr\u0111an found an untouched icon in the fiery inferno! (PHOTO)<\/a><\/strong><\/p>\n\n\n\n<p class=\"wp-block-paragraph\"><strong><a href=\"https:\/\/serbiantimes.info\/en\/declaration-adopted-at-the-nato-summit-in-the-hague-members-will-allocate-5-percent-of-gdp-for-defense-and-security\/\" target=\"_blank\" rel=\"noopener\" title=\"\">DECLARATION ADOPTED AT THE NATO SUMMIT IN THE HAGUE: Members will allocate 5 percent of GDP for defense and security!<\/a><\/strong><\/p>\n\n\n\n<p class=\"wp-block-paragraph\"><strong><a href=\"https:\/\/serbiantimes.info\/en\/life-imprisonment-for-the-killers-of-little-vanja-court-in-skopje-passed-a-verdict-for-the-crime-that-shook-the-entire-balkans\/\" target=\"_blank\" rel=\"noopener\" title=\"\">LIFE IMPRISONMENT FOR THE KILLERS OF LITTLE VANJA: Court in Skopje passed a verdict for the crime that shook the entire Balkans!<\/a><\/strong><\/p>\n\n\n\n<p class=\"wp-block-paragraph\"><strong><a href=\"https:\/\/serbiantimes.info\/en\/kurti-continues-persecution-of-serbian-policemen-aleksandar-from-strpce-forbidden-to-return-home-his-child-is-only-15-months-old\/\" target=\"_blank\" rel=\"noopener\" title=\"\">KURTI CONTINUES PERSECUTION OF SERBIAN POLICEMEN: Aleksandar from \u0160trpce forbidden to return home, his child is only 15 months old!<\/a><\/strong><\/p>\n\n\n\n<p class=\"wp-block-paragraph\"><strong><a href=\"https:\/\/serbiantimes.info\/en\/trump-threatened-iran-they-want-to-recover-and-we-will-not-allow-that\/\" target=\"_blank\" rel=\"noopener\" title=\"\">TRUMP THREATENED IRAN: \u201cThey want to recover, and we will not allow that!\u201d<\/a><\/strong><\/p>\n\n\n\n<p class=\"wp-block-paragraph\"><strong>Source<\/strong>: Tanjug; <strong>Photo<\/strong>: EPA<\/p>\n\n\n\n<p class=\"wp-block-paragraph\"><\/p>\n","protected":false},"excerpt":{"rendered":"<p>All medical reports concerning the health condition of the former commander of the Main Staff of the Republika Srpska Army, General Ratko Mladi\u0107, have been collected, and a decision is pending on whether he will be allowed treatment in Serbia, his son Darko Mladi\u0107 said today. &#8220;Our nephrologist visited the general in The Hague last [&hellip;]<\/p>\n","protected":false},"author":2169,"featured_media":178573,"comment_status":"open","ping_status":"open","sticky":false,"template":"","format":"standard","meta":{"newspack_featured_image_position":"","newspack_post_subtitle":"","newspack_article_summary_title":"Overview:","newspack_article_summary":"","newspack_hide_updated_date":false,"newspack_show_updated_date":false,"footnotes":""},"categories":[4],"tags":[341,1276,3357,4842,3674,592,113,2298],"class_list":["post-180977","post","type-post","status-publish","format-standard","has-post-thumbnail","hentry","category-breaking","tag-bosna-i-hercegovina","tag-lecenje","tag-medicina","tag-medunarodni-krivicni-sud-u-hagu","tag-ratko-mladic","tag-republika-srpska","tag-srbija","tag-zdravlje","entry"],"aioseo_notices":[],"aioseo_head":"\n\t\t<!-- All in One SEO 5.0.1.1 - aioseo.com -->\n\t<meta name=\"description\" content=\"All medical reports concerning the health condition of the former commander of the Main Staff of the Republika Srpska Army, General Ratko Mladi\u0107, have been collected, and a decision is pending on whether he will be allowed treatment in Serbia, his son Darko Mladi\u0107 said today. &quot;Our nephrologist visited the general in The Hague last\" \/>\n\t<meta name=\"robots\" content=\"max-image-preview:large\" \/>\n\t<meta name=\"author\" content=\"Serbian Times\"\/>\n\t<link rel=\"canonical\" href=\"https:\/\/serbiantimes.info\/en\/all-medical-reports-collected-court-to-decide-on-ratko-mladics-release-for-treatment-in-serbia\/\" \/>\n\t<meta name=\"generator\" content=\"All in One SEO (AIOSEO) 5.0.1.1\" \/>\n\t\t<meta property=\"og:locale\" content=\"en_US\" \/>\n\t\t<meta property=\"og:site_name\" content=\"Serbiantimes.info EN |\" \/>\n\t\t<meta property=\"og:type\" content=\"article\" \/>\n\t\t<meta property=\"og:title\" content=\"ALL MEDICAL REPORTS COLLECTED: Court to decide on Ratko Mladi\u0107\u2019s release for treatment in Serbia! | Serbiantimes.info EN\" \/>\n\t\t<meta property=\"og:description\" content=\"All medical reports concerning the health condition of the former commander of the Main Staff of the Republika Srpska Army, General Ratko Mladi\u0107, have been collected, and a decision is pending on whether he will be allowed treatment in Serbia, his son Darko Mladi\u0107 said today. &quot;Our nephrologist visited the general in The Hague last\" \/>\n\t\t<meta property=\"og:url\" content=\"https:\/\/serbiantimes.info\/en\/all-medical-reports-collected-court-to-decide-on-ratko-mladics-release-for-treatment-in-serbia\/\" \/>\n\t\t<meta property=\"og:image\" content=\"https:\/\/serbiantimes.info\/en\/wp-content\/uploads\/sites\/2\/2025\/05\/Ratko-Mladic.jpg\" \/>\n\t\t<meta property=\"og:image:secure_url\" content=\"https:\/\/serbiantimes.info\/en\/wp-content\/uploads\/sites\/2\/2025\/05\/Ratko-Mladic.jpg\" \/>\n\t\t<meta property=\"og:image:width\" content=\"1200\" \/>\n\t\t<meta property=\"og:image:height\" content=\"751\" \/>\n\t\t<meta property=\"article:published_time\" content=\"2025-06-25T18:06:04+00:00\" \/>\n\t\t<meta property=\"article:modified_time\" content=\"2025-06-25T18:06:05+00:00\" \/>\n\t\t<meta name=\"twitter:card\" content=\"summary_large_image\" \/>\n\t\t<meta name=\"twitter:title\" content=\"ALL MEDICAL REPORTS COLLECTED: Court to decide on Ratko Mladi\u0107\u2019s release for treatment in Serbia! | Serbiantimes.info EN\" \/>\n\t\t<meta name=\"twitter:description\" content=\"All medical reports concerning the health condition of the former commander of the Main Staff of the Republika Srpska Army, General Ratko Mladi\u0107, have been collected, and a decision is pending on whether he will be allowed treatment in Serbia, his son Darko Mladi\u0107 said today. &quot;Our nephrologist visited the general in The Hague last\" \/>\n\t\t<meta name=\"twitter:image\" content=\"https:\/\/serbiantimes.info\/en\/wp-content\/uploads\/sites\/2\/2025\/05\/Ratko-Mladic.jpg\" \/>\n\t\t<script type=\"application\/ld+json\" class=\"aioseo-schema\">\n\t\t\t{\"@context\":\"https:\\\/\\\/schema.org\",\"@graph\":[{\"@type\":\"BlogPosting\",\"@id\":\"https:\\\/\\\/serbiantimes.info\\\/en\\\/all-medical-reports-collected-court-to-decide-on-ratko-mladics-release-for-treatment-in-serbia\\\/#blogposting\",\"name\":\"ALL MEDICAL REPORTS COLLECTED: Court to decide on Ratko Mladi\\u0107\\u2019s release for treatment in Serbia! | Serbiantimes.info EN\",\"headline\":\"ALL MEDICAL REPORTS COLLECTED: Court to decide on Ratko Mladi\\u0107&#8217;s release for treatment in Serbia!\",\"author\":{\"@id\":\"https:\\\/\\\/serbiantimes.info\\\/en\\\/author\\\/serbiantimes-portal\\\/#author\"},\"publisher\":{\"@id\":\"https:\\\/\\\/serbiantimes.info\\\/en\\\/#organization\"},\"image\":{\"@type\":\"ImageObject\",\"url\":\"https:\\\/\\\/serbiantimes.info\\\/en\\\/wp-content\\\/uploads\\\/sites\\\/2\\\/2025\\\/05\\\/Ratko-Mladic.jpg\",\"width\":1200,\"height\":751},\"datePublished\":\"2025-06-25T20:06:04+02:00\",\"dateModified\":\"2025-06-25T20:06:05+02:00\",\"inLanguage\":\"en-US\",\"mainEntityOfPage\":{\"@id\":\"https:\\\/\\\/serbiantimes.info\\\/en\\\/all-medical-reports-collected-court-to-decide-on-ratko-mladics-release-for-treatment-in-serbia\\\/#webpage\"},\"isPartOf\":{\"@id\":\"https:\\\/\\\/serbiantimes.info\\\/en\\\/all-medical-reports-collected-court-to-decide-on-ratko-mladics-release-for-treatment-in-serbia\\\/#webpage\"},\"articleSection\":\"BREAKING, Bosna i Hercegovina, le\\u010denje, medicina, Me\\u0111unarodni krivi\\u010dni sud u Hagu, ratko mladi\\u0107, Republika Srpska, Srbija, zdravlje\"},{\"@type\":\"BreadcrumbList\",\"@id\":\"https:\\\/\\\/serbiantimes.info\\\/en\\\/all-medical-reports-collected-court-to-decide-on-ratko-mladics-release-for-treatment-in-serbia\\\/#breadcrumblist\",\"itemListElement\":[{\"@type\":\"ListItem\",\"@id\":\"https:\\\/\\\/serbiantimes.info\\\/en#listItem\",\"position\":1,\"name\":\"Home\",\"item\":\"https:\\\/\\\/serbiantimes.info\\\/en\",\"nextItem\":{\"@type\":\"ListItem\",\"@id\":\"https:\\\/\\\/serbiantimes.info\\\/en\\\/category\\\/breaking\\\/#listItem\",\"name\":\"BREAKING\"}},{\"@type\":\"ListItem\",\"@id\":\"https:\\\/\\\/serbiantimes.info\\\/en\\\/category\\\/breaking\\\/#listItem\",\"position\":2,\"name\":\"BREAKING\",\"item\":\"https:\\\/\\\/serbiantimes.info\\\/en\\\/category\\\/breaking\\\/\",\"nextItem\":{\"@type\":\"ListItem\",\"@id\":\"https:\\\/\\\/serbiantimes.info\\\/en\\\/all-medical-reports-collected-court-to-decide-on-ratko-mladics-release-for-treatment-in-serbia\\\/#listItem\",\"name\":\"ALL MEDICAL REPORTS COLLECTED: Court to decide on Ratko Mladi\\u0107&#8217;s release for treatment in Serbia!\"},\"previousItem\":{\"@type\":\"ListItem\",\"@id\":\"https:\\\/\\\/serbiantimes.info\\\/en#listItem\",\"name\":\"Home\"}},{\"@type\":\"ListItem\",\"@id\":\"https:\\\/\\\/serbiantimes.info\\\/en\\\/all-medical-reports-collected-court-to-decide-on-ratko-mladics-release-for-treatment-in-serbia\\\/#listItem\",\"position\":3,\"name\":\"ALL MEDICAL REPORTS COLLECTED: Court to decide on Ratko Mladi\\u0107&#8217;s release for treatment in Serbia!\",\"previousItem\":{\"@type\":\"ListItem\",\"@id\":\"https:\\\/\\\/serbiantimes.info\\\/en\\\/category\\\/breaking\\\/#listItem\",\"name\":\"BREAKING\"}}]},{\"@type\":\"Organization\",\"@id\":\"https:\\\/\\\/serbiantimes.info\\\/en\\\/#organization\",\"name\":\"Serbiantimes.info EN\",\"url\":\"https:\\\/\\\/serbiantimes.info\\\/en\\\/\",\"logo\":{\"@type\":\"ImageObject\",\"url\":\"https:\\\/\\\/serbiantimes.info\\\/en\\\/wp-content\\\/uploads\\\/sites\\\/2\\\/2024\\\/10\\\/cropped-cropped-Serbian-Times-Header-Logo-1.png\",\"@id\":\"https:\\\/\\\/serbiantimes.info\\\/en\\\/all-medical-reports-collected-court-to-decide-on-ratko-mladics-release-for-treatment-in-serbia\\\/#organizationLogo\",\"width\":480,\"height\":100},\"image\":{\"@id\":\"https:\\\/\\\/serbiantimes.info\\\/en\\\/all-medical-reports-collected-court-to-decide-on-ratko-mladics-release-for-treatment-in-serbia\\\/#organizationLogo\"}},{\"@type\":\"Person\",\"@id\":\"https:\\\/\\\/serbiantimes.info\\\/en\\\/author\\\/serbiantimes-portal\\\/#author\",\"url\":\"https:\\\/\\\/serbiantimes.info\\\/en\\\/author\\\/serbiantimes-portal\\\/\",\"name\":\"Serbian Times\",\"image\":{\"@type\":\"ImageObject\",\"@id\":\"https:\\\/\\\/serbiantimes.info\\\/en\\\/all-medical-reports-collected-court-to-decide-on-ratko-mladics-release-for-treatment-in-serbia\\\/#authorImage\",\"url\":\"https:\\\/\\\/secure.gravatar.com\\\/avatar\\\/ea76e009769270b4193e2bc7e032c096b4ae135483ec03b396fd0f520bc3dcfd?s=96&d=mm&r=g\",\"width\":96,\"height\":96,\"caption\":\"Serbian Times\"}},{\"@type\":\"WebPage\",\"@id\":\"https:\\\/\\\/serbiantimes.info\\\/en\\\/all-medical-reports-collected-court-to-decide-on-ratko-mladics-release-for-treatment-in-serbia\\\/#webpage\",\"url\":\"https:\\\/\\\/serbiantimes.info\\\/en\\\/all-medical-reports-collected-court-to-decide-on-ratko-mladics-release-for-treatment-in-serbia\\\/\",\"name\":\"ALL MEDICAL REPORTS COLLECTED: Court to decide on Ratko Mladi\\u0107\\u2019s release for treatment in Serbia! | Serbiantimes.info EN\",\"description\":\"All medical reports concerning the health condition of the former commander of the Main Staff of the Republika Srpska Army, General Ratko Mladi\\u0107, have been collected, and a decision is pending on whether he will be allowed treatment in Serbia, his son Darko Mladi\\u0107 said today. \\\"Our nephrologist visited the general in The Hague last\",\"inLanguage\":\"en-US\",\"isPartOf\":{\"@id\":\"https:\\\/\\\/serbiantimes.info\\\/en\\\/#website\"},\"breadcrumb\":{\"@id\":\"https:\\\/\\\/serbiantimes.info\\\/en\\\/all-medical-reports-collected-court-to-decide-on-ratko-mladics-release-for-treatment-in-serbia\\\/#breadcrumblist\"},\"author\":{\"@id\":\"https:\\\/\\\/serbiantimes.info\\\/en\\\/author\\\/serbiantimes-portal\\\/#author\"},\"creator\":{\"@id\":\"https:\\\/\\\/serbiantimes.info\\\/en\\\/author\\\/serbiantimes-portal\\\/#author\"},\"image\":{\"@type\":\"ImageObject\",\"url\":\"https:\\\/\\\/serbiantimes.info\\\/en\\\/wp-content\\\/uploads\\\/sites\\\/2\\\/2025\\\/05\\\/Ratko-Mladic.jpg\",\"@id\":\"https:\\\/\\\/serbiantimes.info\\\/en\\\/all-medical-reports-collected-court-to-decide-on-ratko-mladics-release-for-treatment-in-serbia\\\/#mainImage\",\"width\":1200,\"height\":751},\"primaryImageOfPage\":{\"@id\":\"https:\\\/\\\/serbiantimes.info\\\/en\\\/all-medical-reports-collected-court-to-decide-on-ratko-mladics-release-for-treatment-in-serbia\\\/#mainImage\"},\"datePublished\":\"2025-06-25T20:06:04+02:00\",\"dateModified\":\"2025-06-25T20:06:05+02:00\"},{\"@type\":\"WebSite\",\"@id\":\"https:\\\/\\\/serbiantimes.info\\\/en\\\/#website\",\"url\":\"https:\\\/\\\/serbiantimes.info\\\/en\\\/\",\"name\":\"Serbiantimes.info EN\",\"inLanguage\":\"en-US\",\"publisher\":{\"@id\":\"https:\\\/\\\/serbiantimes.info\\\/en\\\/#organization\"}}]}\n\t\t<\/script>\n\t\t<!-- All in One SEO -->\n\n","aioseo_head_json":{"title":"ALL MEDICAL REPORTS COLLECTED: Court to decide on Ratko Mladi\u0107\u2019s release for treatment in Serbia! | Serbiantimes.info EN","description":"All medical reports concerning the health condition of the former commander of the Main Staff of the Republika Srpska Army, General Ratko Mladi\u0107, have been collected, and a decision is pending on whether he will be allowed treatment in Serbia, his son Darko Mladi\u0107 said today. \"Our nephrologist visited the general in The Hague last","canonical_url":"https:\/\/serbiantimes.info\/en\/all-medical-reports-collected-court-to-decide-on-ratko-mladics-release-for-treatment-in-serbia\/","robots":"max-image-preview:large","keywords":"","webmasterTools":{"miscellaneous":""},"schema":{"@context":"https:\/\/schema.org","@graph":[{"@type":"BlogPosting","@id":"https:\/\/serbiantimes.info\/en\/all-medical-reports-collected-court-to-decide-on-ratko-mladics-release-for-treatment-in-serbia\/#blogposting","name":"ALL MEDICAL REPORTS COLLECTED: Court to decide on Ratko Mladi\u0107\u2019s release for treatment in Serbia! | Serbiantimes.info EN","headline":"ALL MEDICAL REPORTS COLLECTED: Court to decide on Ratko Mladi\u0107&#8217;s release for treatment in Serbia!","author":{"@id":"https:\/\/serbiantimes.info\/en\/author\/serbiantimes-portal\/#author"},"publisher":{"@id":"https:\/\/serbiantimes.info\/en\/#organization"},"image":{"@type":"ImageObject","url":"https:\/\/serbiantimes.info\/en\/wp-content\/uploads\/sites\/2\/2025\/05\/Ratko-Mladic.jpg","width":1200,"height":751},"datePublished":"2025-06-25T20:06:04+02:00","dateModified":"2025-06-25T20:06:05+02:00","inLanguage":"en-US","mainEntityOfPage":{"@id":"https:\/\/serbiantimes.info\/en\/all-medical-reports-collected-court-to-decide-on-ratko-mladics-release-for-treatment-in-serbia\/#webpage"},"isPartOf":{"@id":"https:\/\/serbiantimes.info\/en\/all-medical-reports-collected-court-to-decide-on-ratko-mladics-release-for-treatment-in-serbia\/#webpage"},"articleSection":"BREAKING, Bosna i Hercegovina, le\u010denje, medicina, Me\u0111unarodni krivi\u010dni sud u Hagu, ratko mladi\u0107, Republika Srpska, Srbija, zdravlje"},{"@type":"BreadcrumbList","@id":"https:\/\/serbiantimes.info\/en\/all-medical-reports-collected-court-to-decide-on-ratko-mladics-release-for-treatment-in-serbia\/#breadcrumblist","itemListElement":[{"@type":"ListItem","@id":"https:\/\/serbiantimes.info\/en#listItem","position":1,"name":"Home","item":"https:\/\/serbiantimes.info\/en","nextItem":{"@type":"ListItem","@id":"https:\/\/serbiantimes.info\/en\/category\/breaking\/#listItem","name":"BREAKING"}},{"@type":"ListItem","@id":"https:\/\/serbiantimes.info\/en\/category\/breaking\/#listItem","position":2,"name":"BREAKING","item":"https:\/\/serbiantimes.info\/en\/category\/breaking\/","nextItem":{"@type":"ListItem","@id":"https:\/\/serbiantimes.info\/en\/all-medical-reports-collected-court-to-decide-on-ratko-mladics-release-for-treatment-in-serbia\/#listItem","name":"ALL MEDICAL REPORTS COLLECTED: Court to decide on Ratko Mladi\u0107&#8217;s release for treatment in Serbia!"},"previousItem":{"@type":"ListItem","@id":"https:\/\/serbiantimes.info\/en#listItem","name":"Home"}},{"@type":"ListItem","@id":"https:\/\/serbiantimes.info\/en\/all-medical-reports-collected-court-to-decide-on-ratko-mladics-release-for-treatment-in-serbia\/#listItem","position":3,"name":"ALL MEDICAL REPORTS COLLECTED: Court to decide on Ratko Mladi\u0107&#8217;s release for treatment in Serbia!","previousItem":{"@type":"ListItem","@id":"https:\/\/serbiantimes.info\/en\/category\/breaking\/#listItem","name":"BREAKING"}}]},{"@type":"Organization","@id":"https:\/\/serbiantimes.info\/en\/#organization","name":"Serbiantimes.info EN","url":"https:\/\/serbiantimes.info\/en\/","logo":{"@type":"ImageObject","url":"https:\/\/serbiantimes.info\/en\/wp-content\/uploads\/sites\/2\/2024\/10\/cropped-cropped-Serbian-Times-Header-Logo-1.png","@id":"https:\/\/serbiantimes.info\/en\/all-medical-reports-collected-court-to-decide-on-ratko-mladics-release-for-treatment-in-serbia\/#organizationLogo","width":480,"height":100},"image":{"@id":"https:\/\/serbiantimes.info\/en\/all-medical-reports-collected-court-to-decide-on-ratko-mladics-release-for-treatment-in-serbia\/#organizationLogo"}},{"@type":"Person","@id":"https:\/\/serbiantimes.info\/en\/author\/serbiantimes-portal\/#author","url":"https:\/\/serbiantimes.info\/en\/author\/serbiantimes-portal\/","name":"Serbian Times","image":{"@type":"ImageObject","@id":"https:\/\/serbiantimes.info\/en\/all-medical-reports-collected-court-to-decide-on-ratko-mladics-release-for-treatment-in-serbia\/#authorImage","url":"https:\/\/secure.gravatar.com\/avatar\/ea76e009769270b4193e2bc7e032c096b4ae135483ec03b396fd0f520bc3dcfd?s=96&d=mm&r=g","width":96,"height":96,"caption":"Serbian Times"}},{"@type":"WebPage","@id":"https:\/\/serbiantimes.info\/en\/all-medical-reports-collected-court-to-decide-on-ratko-mladics-release-for-treatment-in-serbia\/#webpage","url":"https:\/\/serbiantimes.info\/en\/all-medical-reports-collected-court-to-decide-on-ratko-mladics-release-for-treatment-in-serbia\/","name":"ALL MEDICAL REPORTS COLLECTED: Court to decide on Ratko Mladi\u0107\u2019s release for treatment in Serbia! | Serbiantimes.info EN","description":"All medical reports concerning the health condition of the former commander of the Main Staff of the Republika Srpska Army, General Ratko Mladi\u0107, have been collected, and a decision is pending on whether he will be allowed treatment in Serbia, his son Darko Mladi\u0107 said today. \"Our nephrologist visited the general in The Hague last","inLanguage":"en-US","isPartOf":{"@id":"https:\/\/serbiantimes.info\/en\/#website"},"breadcrumb":{"@id":"https:\/\/serbiantimes.info\/en\/all-medical-reports-collected-court-to-decide-on-ratko-mladics-release-for-treatment-in-serbia\/#breadcrumblist"},"author":{"@id":"https:\/\/serbiantimes.info\/en\/author\/serbiantimes-portal\/#author"},"creator":{"@id":"https:\/\/serbiantimes.info\/en\/author\/serbiantimes-portal\/#author"},"image":{"@type":"ImageObject","url":"https:\/\/serbiantimes.info\/en\/wp-content\/uploads\/sites\/2\/2025\/05\/Ratko-Mladic.jpg","@id":"https:\/\/serbiantimes.info\/en\/all-medical-reports-collected-court-to-decide-on-ratko-mladics-release-for-treatment-in-serbia\/#mainImage","width":1200,"height":751},"primaryImageOfPage":{"@id":"https:\/\/serbiantimes.info\/en\/all-medical-reports-collected-court-to-decide-on-ratko-mladics-release-for-treatment-in-serbia\/#mainImage"},"datePublished":"2025-06-25T20:06:04+02:00","dateModified":"2025-06-25T20:06:05+02:00"},{"@type":"WebSite","@id":"https:\/\/serbiantimes.info\/en\/#website","url":"https:\/\/serbiantimes.info\/en\/","name":"Serbiantimes.info EN","inLanguage":"en-US","publisher":{"@id":"https:\/\/serbiantimes.info\/en\/#organization"}}]},"og:locale":"en_US","og:site_name":"Serbiantimes.info EN |","og:type":"article","og:title":"ALL MEDICAL REPORTS COLLECTED: Court to decide on Ratko Mladi\u0107\u2019s release for treatment in Serbia! | Serbiantimes.info EN","og:description":"All medical reports concerning the health condition of the former commander of the Main Staff of the Republika Srpska Army, General Ratko Mladi\u0107, have been collected, and a decision is pending on whether he will be allowed treatment in Serbia, his son Darko Mladi\u0107 said today. &quot;Our nephrologist visited the general in The Hague last","og:url":"https:\/\/serbiantimes.info\/en\/all-medical-reports-collected-court-to-decide-on-ratko-mladics-release-for-treatment-in-serbia\/","og:image":"https:\/\/serbiantimes.info\/en\/wp-content\/uploads\/sites\/2\/2025\/05\/Ratko-Mladic.jpg","og:image:secure_url":"https:\/\/serbiantimes.info\/en\/wp-content\/uploads\/sites\/2\/2025\/05\/Ratko-Mladic.jpg","og:image:width":1200,"og:image:height":751,"article:published_time":"2025-06-25T18:06:04+00:00","article:modified_time":"2025-06-25T18:06:05+00:00","twitter:card":"summary_large_image","twitter:title":"ALL MEDICAL REPORTS COLLECTED: Court to decide on Ratko Mladi\u0107\u2019s release for treatment in Serbia! | Serbiantimes.info EN","twitter:description":"All medical reports concerning the health condition of the former commander of the Main Staff of the Republika Srpska Army, General Ratko Mladi\u0107, have been collected, and a decision is pending on whether he will be allowed treatment in Serbia, his son Darko Mladi\u0107 said today. &quot;Our nephrologist visited the general in The Hague last","twitter:image":"https:\/\/serbiantimes.info\/en\/wp-content\/uploads\/sites\/2\/2025\/05\/Ratko-Mladic.jpg"},"aioseo_meta_data":{"post_id":"180977","title":null,"description":null,"keywords":null,"keyphrases":{"focus":{"keyphrase":"","score":0,"analysis":{"keyphraseInTitle":{"score":0,"maxScore":9,"error":1}}},"additional":[]},"primary_term":null,"canonical_url":null,"og_title":null,"og_description":null,"og_object_type":"default","og_image_type":"default","og_image_url":null,"og_image_width":null,"og_image_height":null,"og_image_custom_url":null,"og_image_custom_fields":null,"og_video":"","og_custom_url":null,"og_article_section":null,"og_article_tags":null,"twitter_use_og":false,"twitter_card":"default","twitter_image_type":"default","twitter_image_url":null,"twitter_image_custom_url":null,"twitter_image_custom_fields":null,"twitter_title":null,"twitter_description":null,"schema":{"blockGraphs":[],"customGraphs":[],"default":{"data":{"Article":[],"Course":[],"Dataset":[],"FAQPage":[],"Movie":[],"Person":[],"Product":[],"ProductReview":[],"Car":[],"Recipe":[],"Service":[],"SoftwareApplication":[],"WebPage":[]},"graphName":"BlogPosting","isEnabled":true},"graphs":[]},"schema_type":"default","schema_type_options":null,"pillar_content":false,"robots_default":true,"robots_noindex":false,"robots_noarchive":false,"robots_nosnippet":false,"robots_nofollow":false,"robots_noimageindex":false,"robots_noodp":false,"robots_notranslate":false,"robots_max_snippet":"-1","robots_max_videopreview":"-1","robots_max_imagepreview":"large","priority":null,"frequency":"default","local_seo":null,"breadcrumb_settings":null,"limit_modified_date":false,"ai":null,"created":"2025-06-25 18:06:05","updated":"2025-06-26 19:43:02","focus_keyword":null,"additional_keywords":null,"truseo_locale":null,"seo_analyzer_scan_date":null},"aioseo_breadcrumb":"<div class=\"aioseo-breadcrumbs\"><span class=\"aioseo-breadcrumb\">\n\t\t\t<a href=\"https:\/\/serbiantimes.info\/en\" title=\"Home\">Home<\/a>\n\t\t<\/span><span class=\"aioseo-breadcrumb-separator\">&raquo;<\/span><span class=\"aioseo-breadcrumb\">\n\t\t\t<a href=\"https:\/\/serbiantimes.info\/en\/category\/breaking\/\" title=\"BREAKING\">BREAKING<\/a>\n\t\t<\/span><span class=\"aioseo-breadcrumb-separator\">&raquo;<\/span><span class=\"aioseo-breadcrumb\">\n\t\t\tALL MEDICAL REPORTS COLLECTED: Court to decide on Ratko Mladi\u0107\u2019s release for treatment in Serbia!\n\t\t<\/span><\/div>","aioseo_breadcrumb_json":[{"label":"Home","link":"https:\/\/serbiantimes.info\/en"},{"label":"BREAKING","link":"https:\/\/serbiantimes.info\/en\/category\/breaking\/"},{"label":"ALL MEDICAL REPORTS COLLECTED: Court to decide on Ratko Mladi\u0107&#8217;s release for treatment in Serbia!","link":"https:\/\/serbiantimes.info\/en\/all-medical-reports-collected-court-to-decide-on-ratko-mladics-release-for-treatment-in-serbia\/"}],"distributor_meta":false,"distributor_terms":false,"distributor_media":false,"distributor_original_site_name":"Serbiantimes.info EN","distributor_original_site_url":"https:\/\/serbiantimes.info\/en","push-errors":false,"_links":{"self":[{"href":"https:\/\/serbiantimes.info\/en\/wp-json\/wp\/v2\/posts\/180977","targetHints":{"allow":["GET"]}}],"collection":[{"href":"https:\/\/serbiantimes.info\/en\/wp-json\/wp\/v2\/posts"}],"about":[{"href":"https:\/\/serbiantimes.info\/en\/wp-json\/wp\/v2\/types\/post"}],"author":[{"embeddable":true,"href":"https:\/\/serbiantimes.info\/en\/wp-json\/wp\/v2\/users\/2169"}],"replies":[{"embeddable":true,"href":"https:\/\/serbiantimes.info\/en\/wp-json\/wp\/v2\/comments?post=180977"}],"version-history":[{"count":1,"href":"https:\/\/serbiantimes.info\/en\/wp-json\/wp\/v2\/posts\/180977\/revisions"}],"predecessor-version":[{"id":180996,"href":"https:\/\/serbiantimes.info\/en\/wp-json\/wp\/v2\/posts\/180977\/revisions\/180996"}],"wp:featuredmedia":[{"embeddable":true,"href":"https:\/\/serbiantimes.info\/en\/wp-json\/wp\/v2\/media\/178573"}],"wp:attachment":[{"href":"https:\/\/serbiantimes.info\/en\/wp-json\/wp\/v2\/media?parent=180977"}],"wp:term":[{"taxonomy":"category","embeddable":true,"href":"https:\/\/serbiantimes.info\/en\/wp-json\/wp\/v2\/categories?post=180977"},{"taxonomy":"post_tag","embeddable":true,"href":"https:\/\/serbiantimes.info\/en\/wp-json\/wp\/v2\/tags?post=180977"}],"curies":[{"name":"wp","href":"https:\/\/api.w.org\/{rel}","templated":true}]}}