{"id":180945,"date":"2025-06-25T17:58:13","date_gmt":"2025-06-25T15:58:13","guid":{"rendered":"https:\/\/serbiantimes.info\/en\/?p=180945"},"modified":"2025-06-25T17:58:14","modified_gmt":"2025-06-25T15:58:14","slug":"as-if-something-called-me-firefighter-srdan-found-an-untouched-icon-in-the-fiery-inferno-photo","status":"publish","type":"post","link":"https:\/\/serbiantimes.info\/en\/as-if-something-called-me-firefighter-srdan-found-an-untouched-icon-in-the-fiery-inferno-photo\/","title":{"rendered":"&#8220;AS IF SOMETHING CALLED ME&#8221;: Firefighter Sr\u0111an found an untouched icon in the fiery inferno! (PHOTO)"},"content":{"rendered":"\n<p>Everything burned in the fire that engulfed the area between Donja Vre\u017eina and Mal\u010da on June 15. A wild landfill and grass were burning. However, in the midst of the scorched earth, while the fire was still burning, firefighters came across a box-like object. Although he never does this, and in such situations, they focus on saving lives, the leader of the fire group in the Ni\u0161 Fire and Rescue Brigade, Sr\u0111an Mihajlovi\u0107, bent down and picked it up. Only then did he realize it was an icon of the Most Holy Theotokos. It remained completely untouched, even though everything around it was engulfed in flames.<\/p>\n\n\n\n<p>&#8220;We received a report about a dry vegetation fire at a location between Donja Vre\u017eina and Mal\u010da. We immediately set off \u2013 two professional firefighters from the brigade and two members of the &#8216;Sin\u0111eli\u0107&#8217; Volunteer Fire Department. Upon arrival, we determined that dry grass, low vegetation, and a wild landfill were burning,&#8221; Mihajlovi\u0107 begins his story.<\/p>\n\n\n\n<p>He says they began to localize the fire.<\/p>\n\n\n\n<p>&#8220;My colleague was pulling the hose, water was flowing, we were fighting the fire\u2026 And at that moment, something caught my eye. I saw a box, turned it over, and saw the icon of the Most Holy Theotokos. Undamaged, in the middle of the scorched earth. It was as if something called me. I can&#8217;t describe that feeling to you \u2013 joy, happiness, and disbelief all alternated within me,&#8221; Mihajlovi\u0107 explains.<\/p>\n\n\n\n<p>He adds that after hundreds of fires and rescue operations he had, this was the first time he touched an object.<\/p>\n\n\n\n<p>&#8220;We never turn over objects. We are concentrated on the fire. We just pass by objects, maybe glance at them. This time I had a feeling I had to pick up that object.&#8221;<\/p>\n\n\n\n<p>The icon is now in the premises of the Fire and Rescue Brigade.<\/p>\n\n\n\n<figure class=\"wp-block-image size-full\"><img loading=\"lazy\" decoding=\"async\" width=\"790\" height=\"444\" src=\"http:\/\/serbiantimes.info\/wp-content\/uploads\/sites\/2\/2025\/06\/image-22.png\" alt=\"\" class=\"wp-image-180946\" srcset=\"https:\/\/serbiantimes.info\/en\/wp-content\/uploads\/sites\/2\/2025\/06\/image-22.png 790w, https:\/\/serbiantimes.info\/en\/wp-content\/uploads\/sites\/2\/2025\/06\/image-22-300x169.png 300w, https:\/\/serbiantimes.info\/en\/wp-content\/uploads\/sites\/2\/2025\/06\/image-22-768x432.png 768w, https:\/\/serbiantimes.info\/en\/wp-content\/uploads\/sites\/2\/2025\/06\/image-22-400x225.png 400w\" sizes=\"auto, (max-width: 790px) 100vw, 790px\" \/><\/figure>\n\n\n\n<p>&#8220;It will stay with us. To watch over us firefighters. To protect us,&#8221; said the firefighter from Ni\u0161.<\/p>\n\n\n\n<p>The Commander of the Fire and Rescue Brigade in Ni\u0161, Marko Radovanovi\u0107, emphasized that such moments are remembered forever.<\/p>\n\n\n\n<p>&#8220;Every intervention of ours has its own story. Unfortunately, in the field, we mostly encounter fire victims. This is an event that touched all of us. An icon measuring 10 by 20 centimeters, completely untouched in the middle of a fire, that sight cannot but evoke emotions in you. It truly is a miracle, because it happened at a moment when a huge area was engulfed in fire, and my colleague still noticed that small icon.&#8221;<\/p>\n\n\n\n<p>Radovanovi\u0107 took the opportunity to appeal to citizens to be careful, especially during the summer months.<\/p>\n\n\n\n<p>&#8220;We are now entering the summer period, when temperatures are high and the risk of fire is great. Burning plant remains, leaves, and branches in open spaces is prohibited by law. Fines are high \u2013 from 10,000 dinars for individuals, up to one million for legal entities. The ban also applies to starting fires in forests and within 200 meters of a forest.&#8221;<\/p>\n\n\n\n<p>He also reminded them of the obligation to report fires.<\/p>\n\n\n\n<p>&#8220;Citizens are obliged to report every fire to the number 193. If they are able, they can try to react safely until the crew arrives.&#8221;<\/p>\n\n\n\n<h4 class=\"wp-block-heading\"><mark style=\"background-color:#FFFFFF;color:#d21414\" class=\"has-inline-color\">MORE TOPICS:<\/mark><\/h4>\n\n\n\n<p><strong><a href=\"https:\/\/serbiantimes.info\/en\/institutions-again-did-not-do-their-job-professors-leave-the-intersection-in-front-of-the-government-after-17-days\/\" target=\"_blank\" rel=\"noopener\" title=\"\">\u201cINSTITUTIONS AGAIN DID NOT DO THEIR JOB\u201d: Professors leave the intersection in front of the Government after 17 days!<\/a><\/strong><\/p>\n\n\n\n<p><strong><a href=\"https:\/\/serbiantimes.info\/en\/rod-blagojevic-on-dodik-one-of-the-few-european-leaders-who-openly-supported-trump\/\" target=\"_blank\" rel=\"noopener\" title=\"\">ROD BLAGOJEVI\u0106 ON DODIK: \u201cOne of the few European leaders who openly supported Trump!\u201d<\/a><\/strong><\/p>\n\n\n\n<p><strong><a href=\"https:\/\/serbiantimes.info\/en\/mup-withdrew-the-decision-on-expulsion-doctor-arien-stojanovic-ivkovic-stays-in-serbia\/\" target=\"_blank\" rel=\"noopener\" title=\"\">MUP WITHDREW THE DECISION ON EXPULSION: Doctor Arien Stojanovi\u0107 Ivkovi\u0107 stays in Serbia!<\/a><\/strong><\/p>\n\n\n\n<p><strong><a href=\"https:\/\/serbiantimes.info\/en\/students-in-blockade-sent-an-ultimatum-to-the-government-they-demand-the-fulfillment-of-two-requests-by-vidovdan-photo\/\" target=\"_blank\" rel=\"noopener\" title=\"\">STUDENTS IN BLOCKADE SENT AN ULTIMATUM TO THE GOVERNMENT: They demand the fulfillment of two requests by Vidovdan! (PHOTO)<\/a><\/strong><\/p>\n\n\n\n<p><strong><a href=\"https:\/\/serbiantimes.info\/en\/arrested-student-of-the-faculty-of-physics-stefan-tomic-is-accused-of-terrorism-and-subversion-of-the-state-order-video\/\" target=\"_blank\" rel=\"noopener\" title=\"\">ARRESTED STUDENT OF THE FACULTY OF PHYSICS: \u201cStefan Tomi\u0107 is accused of terrorism and subversion of the state order\u201d (VIDEO)<\/a><\/strong><\/p>\n\n\n\n<p><strong><strong>Source<\/strong>:\u00a0<\/strong>Blic, <strong>Photo:<\/strong> Violeta Mili\u0107evi\u0107 \/ Ustupljene fotografije<\/p>\n\n\n\n<p><\/p>\n","protected":false},"excerpt":{"rendered":"<p>Everything burned in the fire that engulfed the area between Donja Vre\u017eina and Mal\u010da on June 15. A wild landfill and grass were burning. However, in the midst of the scorched earth, while the fire was still burning, firefighters came across a box-like object. Although he never does this, and in such situations, they focus [&hellip;]<\/p>\n","protected":false},"author":2169,"featured_media":180947,"comment_status":"open","ping_status":"open","sticky":false,"template":"","format":"standard","meta":{"newspack_featured_image_position":"","newspack_post_subtitle":"","newspack_article_summary_title":"Overview:","newspack_article_summary":"","newspack_hide_updated_date":false,"newspack_show_updated_date":false,"footnotes":""},"categories":[7],"tags":[7289,1060,2853,113,7290,1157],"class_list":["post-180945","post","type-post","status-publish","format-standard","has-post-thumbnail","hentry","category-serbia","tag-ikona","tag-nis","tag-pozar","tag-srbija","tag-srdjan-mihajlovic","tag-vatrogasci","entry"],"aioseo_notices":[],"distributor_meta":false,"distributor_terms":false,"distributor_media":false,"distributor_original_site_name":"Serbiantimes.info EN","distributor_original_site_url":"https:\/\/serbiantimes.info\/en","push-errors":false,"_links":{"self":[{"href":"https:\/\/serbiantimes.info\/en\/wp-json\/wp\/v2\/posts\/180945","targetHints":{"allow":["GET"]}}],"collection":[{"href":"https:\/\/serbiantimes.info\/en\/wp-json\/wp\/v2\/posts"}],"about":[{"href":"https:\/\/serbiantimes.info\/en\/wp-json\/wp\/v2\/types\/post"}],"author":[{"embeddable":true,"href":"https:\/\/serbiantimes.info\/en\/wp-json\/wp\/v2\/users\/2169"}],"replies":[{"embeddable":true,"href":"https:\/\/serbiantimes.info\/en\/wp-json\/wp\/v2\/comments?post=180945"}],"version-history":[{"count":2,"href":"https:\/\/serbiantimes.info\/en\/wp-json\/wp\/v2\/posts\/180945\/revisions"}],"predecessor-version":[{"id":180974,"href":"https:\/\/serbiantimes.info\/en\/wp-json\/wp\/v2\/posts\/180945\/revisions\/180974"}],"wp:featuredmedia":[{"embeddable":true,"href":"https:\/\/serbiantimes.info\/en\/wp-json\/wp\/v2\/media\/180947"}],"wp:attachment":[{"href":"https:\/\/serbiantimes.info\/en\/wp-json\/wp\/v2\/media?parent=180945"}],"wp:term":[{"taxonomy":"category","embeddable":true,"href":"https:\/\/serbiantimes.info\/en\/wp-json\/wp\/v2\/categories?post=180945"},{"taxonomy":"post_tag","embeddable":true,"href":"https:\/\/serbiantimes.info\/en\/wp-json\/wp\/v2\/tags?post=180945"}],"curies":[{"name":"wp","href":"https:\/\/api.w.org\/{rel}","templated":true}]}}