{"id":180700,"date":"2025-06-23T11:27:06","date_gmt":"2025-06-23T09:27:06","guid":{"rendered":"https:\/\/serbiantimes.info\/en\/?p=180700"},"modified":"2025-06-23T11:27:07","modified_gmt":"2025-06-23T09:27:07","slug":"terror-in-gracanica-serbian-family-receives-threats-due-to-the-restoration-of-a-memorial-plaque-to-the-suffering-girl-video","status":"publish","type":"post","link":"https:\/\/serbiantimes.info\/en\/terror-in-gracanica-serbian-family-receives-threats-due-to-the-restoration-of-a-memorial-plaque-to-the-suffering-girl-video\/","title":{"rendered":"TERROR IN GRA\u010cANICA: Serbian family receives threats due to the restoration of a memorial plaque to the suffering girl! (VIDEO)"},"content":{"rendered":"\n<p><strong><em>Members of the Peri\u0107 family in Gra\u010danica stated that they received insults and threats from an unknown Albanian, because they intended to reinforce the memorial plaque with a photograph of their daughter Biljana, who died on the main road.<\/em><\/strong><\/p>\n\n\n\n<p>The memorial plaque, erected 30 years ago in memory of their tragically deceased daughter Biljana, was removed some time ago by an Albanian who bought the property next to the Peri\u0107 family and became their neighbor.<\/p>\n\n\n\n<p>After the reaction of the police and the public, the Albanian neighbor tried to return the monument, however, the Peri\u0107 family reacted because it was an improvised return of the memorial plaque.<\/p>\n\n\n\n<p>Today, they tried to reinforce the base of the memorial plaque but experienced inconveniences.<\/p>\n\n\n\n<script type=\"text\/javascript\" src=\"\/\/services.brid.tv\/player\/build\/brid.min.js\"><\/script><div id=\"videoBox-2155175\" class=\"brid\" itemprop=\"video\" itemscope itemtype=\"http:\/\/schema.org\/VideoObject\"><\/div><script type=\"text\/javascript\"> $bp(\"videoBox-2155175\", {\"id\":\"34612\",\"width\":\"600\",\"height\":\"343\",\"video\":\"2155175\",\"autoplay\":0,\"shared\":true});<\/script>\n\n\n\n<p>&#8220;We came to return the memorial plaque that was torn down, and our neighbors, who are now preventing us from putting up the plaque, got involved. An unknown person came and threatened that he was from the KLA, he showed us a KLA ID. He threatened to demolish, he threatened with all sorts of things. The police were there, they told us to wait until tomorrow, that we can put it up,&#8221; said Aleksandar Peri\u0107, the brother of the deceased girl.<\/p>\n\n\n\n<p>The mother, Du\u0161ica Peri\u0107, conveyed that the unknown Albanian, with threats, said &#8220;this is not Belgrade, but Kosovo, that it is not Milo\u0161evi\u0107.&#8221;<\/p>\n\n\n\n<p>&#8220;He said all sorts of things and threatened. We plan to return the plaque, to fight with all means we can since this is road land, he could not have bought this. He bought from the gate, he shouldn&#8217;t have bought this either. We will see what happens next, tomorrow is Monday, to see what we can do,&#8221; said Aleksandar Peri\u0107.<\/p>\n\n\n\n<p>Touching the memorial plaque is considered desecration of the place where their daughter died by the Peri\u0107 family, and they announce a lawsuit against the new owner of the neighboring property, invoking the Constitution and the Law on the Protection and Advancement of Community Rights, which includes the protection of roadside monuments.<\/p>\n\n\n\n<h4 class=\"wp-block-heading\"><mark style=\"background-color:#FFFFFF;color:#d21414\" class=\"has-inline-color\">MORE TOPICS:<\/mark><\/h4>\n\n\n\n<p><strong><a href=\"https:\/\/serbiantimes.info\/en\/no-exodus-from-faculties-only-85-students-in-belgrade-withdrew-from-studies-since-the-beginning-of-blockades\/\" target=\"_blank\" rel=\"noopener\" title=\"\">NO EXODUS FROM FACULTIES: Only 85 students in Belgrade withdrew from studies since the beginning of blockades!<\/a><\/strong><\/p>\n\n\n\n<p><strong><a href=\"https:\/\/serbiantimes.info\/en\/brussels-reacted-to-american-strikes-on-iran-european-union-leaders-called-for-restraint-and-return-to-negotiating-table\/\" target=\"_blank\" rel=\"noopener\" title=\"\">BRUSSELS REACTED TO AMERICAN STRIKES ON IRAN: European Union leaders called for restraint and return to negotiating table!<\/a><\/strong><\/p>\n\n\n\n<p><strong><a href=\"https:\/\/serbiantimes.info\/en\/how-the-americans-outsmarted-the-iranians-us-planes-allegedly-first-headed-for-guam-then-disappeared-from-radar-and-appeared-over-iranian-skies-video\/\" target=\"_blank\" rel=\"noopener\" title=\"\">HOW THE AMERICANS OUTSMARTED THE IRANIANS: US Planes Allegedly First Headed for Guam, Then Disappeared from Radar and Appeared Over Iranian Skies! (VIDEO)<\/a><\/strong><\/p>\n\n\n\n<p><strong><strong>Source<\/strong><\/strong>: RTS; <strong>Photo<\/strong>: Printscreen RTS<\/p>\n","protected":false},"excerpt":{"rendered":"<p>Members of the Peri\u0107 family in Gra\u010danica stated that they received insults and threats from an unknown Albanian, because they intended to reinforce the memorial plaque with a photograph of their daughter Biljana, who died on the main road. The memorial plaque, erected 30 years ago in memory of their tragically deceased daughter Biljana, was [&hellip;]<\/p>\n","protected":false},"author":2169,"featured_media":180701,"comment_status":"open","ping_status":"open","sticky":false,"template":"","format":"standard","meta":{"newspack_featured_image_position":"","newspack_post_subtitle":"","newspack_article_summary_title":"Overview:","newspack_article_summary":"","newspack_hide_updated_date":false,"newspack_show_updated_date":false,"footnotes":""},"categories":[7],"tags":[3021,108,109,1199,3269,3677,113],"class_list":["post-180700","post","type-post","status-publish","format-standard","has-post-thumbnail","hentry","category-serbia","tag-gracanica","tag-kosovo","tag-kosovo-i-metohija","tag-nasilje-nad-srbima","tag-srbi-i-albanci","tag-srbi-na-kosovu","tag-srbija","entry"],"aioseo_notices":[],"distributor_meta":false,"distributor_terms":false,"distributor_media":false,"distributor_original_site_name":"Serbiantimes.info EN","distributor_original_site_url":"https:\/\/serbiantimes.info\/en","push-errors":false,"_links":{"self":[{"href":"https:\/\/serbiantimes.info\/en\/wp-json\/wp\/v2\/posts\/180700","targetHints":{"allow":["GET"]}}],"collection":[{"href":"https:\/\/serbiantimes.info\/en\/wp-json\/wp\/v2\/posts"}],"about":[{"href":"https:\/\/serbiantimes.info\/en\/wp-json\/wp\/v2\/types\/post"}],"author":[{"embeddable":true,"href":"https:\/\/serbiantimes.info\/en\/wp-json\/wp\/v2\/users\/2169"}],"replies":[{"embeddable":true,"href":"https:\/\/serbiantimes.info\/en\/wp-json\/wp\/v2\/comments?post=180700"}],"version-history":[{"count":1,"href":"https:\/\/serbiantimes.info\/en\/wp-json\/wp\/v2\/posts\/180700\/revisions"}],"predecessor-version":[{"id":180712,"href":"https:\/\/serbiantimes.info\/en\/wp-json\/wp\/v2\/posts\/180700\/revisions\/180712"}],"wp:featuredmedia":[{"embeddable":true,"href":"https:\/\/serbiantimes.info\/en\/wp-json\/wp\/v2\/media\/180701"}],"wp:attachment":[{"href":"https:\/\/serbiantimes.info\/en\/wp-json\/wp\/v2\/media?parent=180700"}],"wp:term":[{"taxonomy":"category","embeddable":true,"href":"https:\/\/serbiantimes.info\/en\/wp-json\/wp\/v2\/categories?post=180700"},{"taxonomy":"post_tag","embeddable":true,"href":"https:\/\/serbiantimes.info\/en\/wp-json\/wp\/v2\/tags?post=180700"}],"curies":[{"name":"wp","href":"https:\/\/api.w.org\/{rel}","templated":true}]}}