{"id":180663,"date":"2025-06-22T21:04:51","date_gmt":"2025-06-22T19:04:51","guid":{"rendered":"https:\/\/serbiantimes.info\/en\/?p=180663"},"modified":"2025-06-22T21:04:52","modified_gmt":"2025-06-22T19:04:52","slug":"he-did-not-want-to-submit-to-them-pristina-court-rendered-verdict-in-case-of-oliver-ivanovics-murder","status":"publish","type":"post","link":"https:\/\/serbiantimes.info\/en\/he-did-not-want-to-submit-to-them-pristina-court-rendered-verdict-in-case-of-oliver-ivanovics-murder\/","title":{"rendered":"\u201cHE DID NOT WANT TO SUBMIT TO THEM\u201d: Pristina court rendered verdict in case of Oliver Ivanovi\u0107\u2019s murder!"},"content":{"rendered":"\n<p><strong><em>The court found Milan Radoi\u010di\u0107 responsible for the murder of Oliver Ivanovi\u0107, while four accused were sentenced to over 22 years in prison. The Basic Court states that the former deputy leader of the Serb List led an organized criminal group that organized the murder on January 16, 2018, in North Mitrovica and took actions to destroy evidence to obstruct the investigation. The group had a clear structure, criminal and political influence, operated with the support of the state of Serbia, and blackmailed political rivals, including Ivanovi\u0107, who refused to submit to their demands.<\/em><\/strong><\/p>\n\n\n\n<p>The Basic Court in Pristina compiled a complete written verdict against Nedeljko Spasojevi\u0107, Marko Ro\u0161i\u0107, Dragi\u0161a Markovi\u0107, and \u017darko Jovanovi\u0107, accused of the murder of Serbian politician Oliver Ivanovi\u0107, who were jointly sentenced to over 22 years in prison on June 28, 2024, reports &#8220;Zakletva za pravdu,&#8221; transmitted by KoSSev.<\/p>\n\n\n\n<p>The verdict, which &#8220;Zakletva za pravdu&#8221; had access to and which was signed by the presiding judge Valon Kurtaj, states that the accused were part of an organized criminal group that had been operating for a long time in the north of Kosovo, led by Milan Radoi\u010di\u0107 and Zvonko Veselinovi\u0107, who are wanted by the judicial authorities in Kosovo. Radoi\u010di\u0107 is also accused in the case of the terrorist attack in Banjska.<\/p>\n\n\n\n<p>&#8220;Based on these proven facts, the existence of this organized criminal group has been proven; that it had an organizational structure headed by Milan Radoi\u010di\u0107; and that this criminal group, in addition to control in the criminal sphere, also had control in political life. Involvement in party structures\u2026 and preventing any political rivalry, even to the murder of the now deceased I., since he did not submit to the demands of this group to also politically join this group and withdraw from the election campaign as a unique party, which is a demand of the state structures of Serbia,&#8221; the verdict states.<\/p>\n\n\n\n<p>It further states that this group organized not only the murder of politician Oliver Ivanovi\u0107 but also the destruction of evidence to sabotage the investigations of the authorities of the Republic of Kosovo.<\/p>\n\n\n\n<h4 class=\"wp-block-heading\"><mark style=\"background-color:#FFFFFF;color:#d21414\" class=\"has-inline-color\">MORE TOPICS:<\/mark><\/h4>\n\n\n\n<p><strong><a href=\"https:\/\/serbiantimes.info\/en\/no-exodus-from-faculties-only-85-students-in-belgrade-withdrew-from-studies-since-the-beginning-of-blockades\/\" target=\"_blank\" rel=\"noopener\" title=\"\">NO EXODUS FROM FACULTIES: Only 85 students in Belgrade withdrew from studies since the beginning of blockades!<\/a><\/strong><\/p>\n\n\n\n<p><strong><a href=\"https:\/\/serbiantimes.info\/en\/brutal-revenge-of-iran-destroyed-parts-of-tel-aviv-and-haifa-terrifying-footage-of-destroyed-neighborhoods-video\/\" target=\"_blank\" rel=\"noopener\" title=\"\">BRUTAL REVENGE OF IRAN: Destroyed parts of Tel Aviv and Haifa, terrifying footage of destroyed neighborhoods! (VIDEO)<\/a><\/strong><\/p>\n\n\n\n<p><strong><a href=\"https:\/\/serbiantimes.info\/en\/no-radiation-after-bombs-iranians-claim-fordow-not-destroyed-first-iaea-report-supports-this\/\" target=\"_blank\" rel=\"noopener\" title=\"\">NO RADIATION AFTER BOMBS: Iranians claim Fordow not destroyed, first IAEA report supports this!<\/a><\/strong><\/p>\n\n\n\n<p><strong><strong>Source<\/strong>:\u00a0<\/strong>Kossev\u00a0<strong>Photo<\/strong>:Profimedia\/Video<\/p>\n","protected":false},"excerpt":{"rendered":"<p>The court found Milan Radoi\u010di\u0107 responsible for the murder of Oliver Ivanovi\u0107, while four accused were sentenced to over 22 years in prison. The Basic Court states that the former deputy leader of the Serb List led an organized criminal group that organized the murder on January 16, 2018, in North Mitrovica and took actions [&hellip;]<\/p>\n","protected":false},"author":2169,"featured_media":180664,"comment_status":"open","ping_status":"open","sticky":false,"template":"","format":"standard","meta":{"newspack_featured_image_position":"","newspack_post_subtitle":"","newspack_article_summary_title":"Overview:","newspack_article_summary":"","newspack_hide_updated_date":false,"newspack_show_updated_date":false,"footnotes":""},"categories":[7],"tags":[108,1624,7235,7167,7236,1453],"class_list":["post-180663","post","type-post","status-publish","format-standard","has-post-thumbnail","hentry","category-serbia","tag-kosovo","tag-kosovska-mitrovica","tag-lazna-drzava-kosovo","tag-milan-radoicic","tag-oliver-ivanovic","tag-pristina","entry"],"aioseo_notices":[],"distributor_meta":false,"distributor_terms":false,"distributor_media":false,"distributor_original_site_name":"Serbiantimes.info EN","distributor_original_site_url":"https:\/\/serbiantimes.info\/en","push-errors":false,"_links":{"self":[{"href":"https:\/\/serbiantimes.info\/en\/wp-json\/wp\/v2\/posts\/180663","targetHints":{"allow":["GET"]}}],"collection":[{"href":"https:\/\/serbiantimes.info\/en\/wp-json\/wp\/v2\/posts"}],"about":[{"href":"https:\/\/serbiantimes.info\/en\/wp-json\/wp\/v2\/types\/post"}],"author":[{"embeddable":true,"href":"https:\/\/serbiantimes.info\/en\/wp-json\/wp\/v2\/users\/2169"}],"replies":[{"embeddable":true,"href":"https:\/\/serbiantimes.info\/en\/wp-json\/wp\/v2\/comments?post=180663"}],"version-history":[{"count":1,"href":"https:\/\/serbiantimes.info\/en\/wp-json\/wp\/v2\/posts\/180663\/revisions"}],"predecessor-version":[{"id":180680,"href":"https:\/\/serbiantimes.info\/en\/wp-json\/wp\/v2\/posts\/180663\/revisions\/180680"}],"wp:featuredmedia":[{"embeddable":true,"href":"https:\/\/serbiantimes.info\/en\/wp-json\/wp\/v2\/media\/180664"}],"wp:attachment":[{"href":"https:\/\/serbiantimes.info\/en\/wp-json\/wp\/v2\/media?parent=180663"}],"wp:term":[{"taxonomy":"category","embeddable":true,"href":"https:\/\/serbiantimes.info\/en\/wp-json\/wp\/v2\/categories?post=180663"},{"taxonomy":"post_tag","embeddable":true,"href":"https:\/\/serbiantimes.info\/en\/wp-json\/wp\/v2\/tags?post=180663"}],"curies":[{"name":"wp","href":"https:\/\/api.w.org\/{rel}","templated":true}]}}