{"id":179962,"date":"2025-06-13T14:31:23","date_gmt":"2025-06-13T12:31:23","guid":{"rendered":"https:\/\/serbiantimes.info\/en\/?p=179962"},"modified":"2025-06-13T14:34:00","modified_gmt":"2025-06-13T12:34:00","slug":"shameful-decision-by-the-court-in-pristina-display-of-serbian-flag-and-symbols-banned-in-gracanica-for-vidovdan-celebration","status":"publish","type":"post","link":"https:\/\/serbiantimes.info\/en\/shameful-decision-by-the-court-in-pristina-display-of-serbian-flag-and-symbols-banned-in-gracanica-for-vidovdan-celebration\/","title":{"rendered":"SHAMEFUL DECISION BY THE COURT IN PRI\u0160TINA: Display of Serbian flag and symbols banned in Gra\u010danica for Vidovdan celebration!"},"content":{"rendered":"\n<p class=\"wp-block-paragraph\"><strong><em>The ruling by the so-called Basic Court in Pri\u0161tina to ban the display of the Serbian flag and Serbian symbols in Gra\u010danica for the celebration of the greatest Serbian holiday \u2013 Vidovdan, is directly aimed against the Serbian people and shows the anti-Serb and fascist face of Albin Kurti&#8217;s regime, announced the Director of the Office for Kosovo and Metohija, Petar Petkovi\u0107.<\/em><\/strong><\/p>\n\n\n\n<p class=\"wp-block-paragraph\">-While Albanian extremists daily spray graffiti of the terrorist KLA on Serbian houses, children&#8217;s playgrounds, and schools and wave flags of this criminal organization, and Albin Kurti displays the flag of the so-called Greater Albania at his rallies, the authorities in Pri\u0161tina are bothered by the Serbian flag and the peaceful celebration of Vidovdan. Every year, Kurti&#8217;s phalanxes intensify repression against Serbs, especially on the eve of Vidovdan, and carry out an open hunt for everything Serbian, through fabricated arrests and lynchings of pilgrims, and now they are dealing with Serbian national symbols with the aim of eradicating Serbian traces in Kosovo and Metohija, as well as covering up their own failures in the political field and further raising tensions \u2013 Petkovi\u0107 emphasized and added:<\/p>\n\n\n\n<p class=\"wp-block-paragraph\">-As the Serbian people say \u2013 everything is seen on Vidovdan \u2013 so too is the criminal and anti-Serb face of Albin Kurti&#8217;s regime most clearly seen, and the Office for Kosovo and Metohija will inform all international representatives about this latest escalatory move and demand their decisive reaction, because nowhere in the world is the display of national flags and symbols forbidden, especially for holidays, except in Albin Kurti&#8217;s provisional state.<\/p>\n\n\n\n<p class=\"wp-block-paragraph\">With such moves, Kurti only wants to raise tensions, create unrest, and intimidate the Serbian people, notes the director of the Office for Kosovo and Metohija.<\/p>\n\n\n\n<p class=\"wp-block-paragraph\">-This is a dangerous and systemic institutional disenfranchisement of the Serbian people in Kosovo and Metohija, but whatever repression Kurti implements, he cannot remove the Serbian tricolor from the heart of every honest Serb in Kosovo and Metohija \u2013 Petkovi\u0107 underlined.<\/p>\n\n\n\n<h4 class=\"wp-block-heading\"><mark style=\"background-color:#FFFFFF;color:#d21414\" class=\"has-inline-color\">MORE TOPICS:<\/mark><\/h4>\n\n\n\n<p class=\"wp-block-paragraph\"><strong><a href=\"https:\/\/serbiantimes.info\/en\/israel-attacked-iran-nuclear-program-locations-targeted-by-airstrikes-state-of-emergency-in-both-countries-video\/\" target=\"_blank\" rel=\"noopener\" title=\"\">ISRAEL ATTACKED IRAN! Nuclear Program Locations Targeted by Airstrikes! State of Emergency in Both Countries! (VIDEO)<\/a><\/strong><\/p>\n\n\n\n<p class=\"wp-block-paragraph\"><strong><a href=\"https:\/\/serbiantimes.info\/en\/vucic-for-bbc-on-kushners-project-for-the-general-staff-it-is-important-that-we-overcome-the-burden-from-1999\/\" target=\"_blank\" rel=\"noopener\" title=\"\">VU\u010cI\u0106 FOR BBC ON KUSHNER\u2019S PROJECT FOR THE GENERAL STAFF: \u201cIt is important that we overcome the burden from 1999.\u201d<\/a><\/strong><\/p>\n\n\n\n<p class=\"wp-block-paragraph\"><strong><a href=\"https:\/\/serbiantimes.info\/en\/bravo-adriana-serbian-athlete-won-silver-at-the-diamond-league-meeting-in-oslo\/\" target=\"_blank\" rel=\"noopener\" title=\"\">BRAVO, ADRIANA! Serbian athlete won silver at the Diamond League meeting in Oslo!<\/a><\/strong><\/p>\n\n\n\n<p class=\"wp-block-paragraph\"><strong><strong>Source<\/strong>:&nbsp;<\/strong>Kurir, <strong>Photo:<\/strong> Pixabay<\/p>\n\n\n\n<p class=\"wp-block-paragraph\"><\/p>\n","protected":false},"excerpt":{"rendered":"<p>The ruling by the so-called Basic Court in Pri\u0161tina to ban the display of the Serbian flag and Serbian symbols in Gra\u010danica for the celebration of the greatest Serbian holiday \u2013 Vidovdan, is directly aimed against the Serbian people and shows the anti-Serb and fascist face of Albin Kurti&#8217;s regime, announced the Director of the [&hellip;]<\/p>\n","protected":false},"author":2169,"featured_media":179963,"comment_status":"open","ping_status":"open","sticky":false,"template":"","format":"standard","meta":{"newspack_featured_image_position":"","newspack_post_subtitle":"","newspack_article_summary_title":"Overview:","newspack_article_summary":"","newspack_hide_updated_date":false,"newspack_show_updated_date":false,"footnotes":""},"categories":[7],"tags":[107,7070,1453,242,113,2051,259,7071],"class_list":["post-179962","post","type-post","status-publish","format-standard","has-post-thumbnail","hentry","category-serbia","tag-kim","tag-preduda","tag-pristina","tag-srbi-na-kim","tag-srbija","tag-srpska-zastava","tag-sud","tag-vidovdan","entry"],"aioseo_notices":[],"aioseo_head":"\n\t\t<!-- All in One SEO 5.0.1.1 - aioseo.com -->\n\t<meta name=\"description\" content=\"The ruling by the so-called Basic Court in Pri\u0161tina to ban the display of the Serbian flag and Serbian symbols in Gra\u010danica for the celebration of the greatest Serbian holiday \u2013 Vidovdan, is directly aimed against the Serbian people and shows the anti-Serb and fascist face of Albin Kurti&#039;s regime, announced the Director of the\" \/>\n\t<meta name=\"robots\" content=\"max-image-preview:large\" \/>\n\t<meta name=\"author\" content=\"Serbian Times\"\/>\n\t<link rel=\"canonical\" href=\"https:\/\/serbiantimes.info\/en\/shameful-decision-by-the-court-in-pristina-display-of-serbian-flag-and-symbols-banned-in-gracanica-for-vidovdan-celebration\/\" \/>\n\t<meta name=\"generator\" content=\"All in One SEO (AIOSEO) 5.0.1.1\" \/>\n\t\t<meta property=\"og:locale\" content=\"en_US\" \/>\n\t\t<meta property=\"og:site_name\" content=\"Serbiantimes.info EN |\" \/>\n\t\t<meta property=\"og:type\" content=\"article\" \/>\n\t\t<meta property=\"og:title\" content=\"SHAMEFUL DECISION BY THE COURT IN PRI\u0160TINA: Display of Serbian flag and symbols banned in Gra\u010danica for Vidovdan celebration! | Serbiantimes.info EN\" \/>\n\t\t<meta property=\"og:description\" content=\"The ruling by the so-called Basic Court in Pri\u0161tina to ban the display of the Serbian flag and Serbian symbols in Gra\u010danica for the celebration of the greatest Serbian holiday \u2013 Vidovdan, is directly aimed against the Serbian people and shows the anti-Serb and fascist face of Albin Kurti&#039;s regime, announced the Director of the\" \/>\n\t\t<meta property=\"og:url\" content=\"https:\/\/serbiantimes.info\/en\/shameful-decision-by-the-court-in-pristina-display-of-serbian-flag-and-symbols-banned-in-gracanica-for-vidovdan-celebration\/\" \/>\n\t\t<meta property=\"og:image\" content=\"https:\/\/serbiantimes.info\/en\/wp-content\/uploads\/sites\/2\/2025\/06\/flag-g46226bf1f_1280.jpg\" \/>\n\t\t<meta property=\"og:image:secure_url\" content=\"https:\/\/serbiantimes.info\/en\/wp-content\/uploads\/sites\/2\/2025\/06\/flag-g46226bf1f_1280.jpg\" \/>\n\t\t<meta property=\"og:image:width\" content=\"1200\" \/>\n\t\t<meta property=\"og:image:height\" content=\"750\" \/>\n\t\t<meta property=\"article:published_time\" content=\"2025-06-13T12:31:23+00:00\" \/>\n\t\t<meta property=\"article:modified_time\" content=\"2025-06-13T12:34:00+00:00\" \/>\n\t\t<meta name=\"twitter:card\" content=\"summary_large_image\" \/>\n\t\t<meta name=\"twitter:title\" content=\"SHAMEFUL DECISION BY THE COURT IN PRI\u0160TINA: Display of Serbian flag and symbols banned in Gra\u010danica for Vidovdan celebration! | Serbiantimes.info EN\" \/>\n\t\t<meta name=\"twitter:description\" content=\"The ruling by the so-called Basic Court in Pri\u0161tina to ban the display of the Serbian flag and Serbian symbols in Gra\u010danica for the celebration of the greatest Serbian holiday \u2013 Vidovdan, is directly aimed against the Serbian people and shows the anti-Serb and fascist face of Albin Kurti&#039;s regime, announced the Director of the\" \/>\n\t\t<meta name=\"twitter:image\" content=\"https:\/\/serbiantimes.info\/en\/wp-content\/uploads\/sites\/2\/2025\/06\/flag-g46226bf1f_1280.jpg\" \/>\n\t\t<script type=\"application\/ld+json\" class=\"aioseo-schema\">\n\t\t\t{\"@context\":\"https:\\\/\\\/schema.org\",\"@graph\":[{\"@type\":\"BlogPosting\",\"@id\":\"https:\\\/\\\/serbiantimes.info\\\/en\\\/shameful-decision-by-the-court-in-pristina-display-of-serbian-flag-and-symbols-banned-in-gracanica-for-vidovdan-celebration\\\/#blogposting\",\"name\":\"SHAMEFUL DECISION BY THE COURT IN PRI\\u0160TINA: Display of Serbian flag and symbols banned in Gra\\u010danica for Vidovdan celebration! | Serbiantimes.info EN\",\"headline\":\"SHAMEFUL DECISION BY THE COURT IN PRI\\u0160TINA: Display of Serbian flag and symbols banned in Gra\\u010danica for Vidovdan celebration!\",\"author\":{\"@id\":\"https:\\\/\\\/serbiantimes.info\\\/en\\\/author\\\/serbiantimes-portal\\\/#author\"},\"publisher\":{\"@id\":\"https:\\\/\\\/serbiantimes.info\\\/en\\\/#organization\"},\"image\":{\"@type\":\"ImageObject\",\"url\":\"https:\\\/\\\/serbiantimes.info\\\/en\\\/wp-content\\\/uploads\\\/sites\\\/2\\\/2025\\\/06\\\/flag-g46226bf1f_1280.jpg\",\"width\":1200,\"height\":750},\"datePublished\":\"2025-06-13T14:31:23+02:00\",\"dateModified\":\"2025-06-13T14:34:00+02:00\",\"inLanguage\":\"en-US\",\"mainEntityOfPage\":{\"@id\":\"https:\\\/\\\/serbiantimes.info\\\/en\\\/shameful-decision-by-the-court-in-pristina-display-of-serbian-flag-and-symbols-banned-in-gracanica-for-vidovdan-celebration\\\/#webpage\"},\"isPartOf\":{\"@id\":\"https:\\\/\\\/serbiantimes.info\\\/en\\\/shameful-decision-by-the-court-in-pristina-display-of-serbian-flag-and-symbols-banned-in-gracanica-for-vidovdan-celebration\\\/#webpage\"},\"articleSection\":\"SERBIA, KiM, preduda, Pri\\u0161tina, Srbi na KiM, Srbija, Srpska zastava, sud, Vidovdan\"},{\"@type\":\"BreadcrumbList\",\"@id\":\"https:\\\/\\\/serbiantimes.info\\\/en\\\/shameful-decision-by-the-court-in-pristina-display-of-serbian-flag-and-symbols-banned-in-gracanica-for-vidovdan-celebration\\\/#breadcrumblist\",\"itemListElement\":[{\"@type\":\"ListItem\",\"@id\":\"https:\\\/\\\/serbiantimes.info\\\/en#listItem\",\"position\":1,\"name\":\"Home\",\"item\":\"https:\\\/\\\/serbiantimes.info\\\/en\",\"nextItem\":{\"@type\":\"ListItem\",\"@id\":\"https:\\\/\\\/serbiantimes.info\\\/en\\\/category\\\/serbia\\\/#listItem\",\"name\":\"SERBIA\"}},{\"@type\":\"ListItem\",\"@id\":\"https:\\\/\\\/serbiantimes.info\\\/en\\\/category\\\/serbia\\\/#listItem\",\"position\":2,\"name\":\"SERBIA\",\"item\":\"https:\\\/\\\/serbiantimes.info\\\/en\\\/category\\\/serbia\\\/\",\"nextItem\":{\"@type\":\"ListItem\",\"@id\":\"https:\\\/\\\/serbiantimes.info\\\/en\\\/shameful-decision-by-the-court-in-pristina-display-of-serbian-flag-and-symbols-banned-in-gracanica-for-vidovdan-celebration\\\/#listItem\",\"name\":\"SHAMEFUL DECISION BY THE COURT IN PRI\\u0160TINA: Display of Serbian flag and symbols banned in Gra\\u010danica for Vidovdan celebration!\"},\"previousItem\":{\"@type\":\"ListItem\",\"@id\":\"https:\\\/\\\/serbiantimes.info\\\/en#listItem\",\"name\":\"Home\"}},{\"@type\":\"ListItem\",\"@id\":\"https:\\\/\\\/serbiantimes.info\\\/en\\\/shameful-decision-by-the-court-in-pristina-display-of-serbian-flag-and-symbols-banned-in-gracanica-for-vidovdan-celebration\\\/#listItem\",\"position\":3,\"name\":\"SHAMEFUL DECISION BY THE COURT IN PRI\\u0160TINA: Display of Serbian flag and symbols banned in Gra\\u010danica for Vidovdan celebration!\",\"previousItem\":{\"@type\":\"ListItem\",\"@id\":\"https:\\\/\\\/serbiantimes.info\\\/en\\\/category\\\/serbia\\\/#listItem\",\"name\":\"SERBIA\"}}]},{\"@type\":\"Organization\",\"@id\":\"https:\\\/\\\/serbiantimes.info\\\/en\\\/#organization\",\"name\":\"Serbiantimes.info EN\",\"url\":\"https:\\\/\\\/serbiantimes.info\\\/en\\\/\",\"logo\":{\"@type\":\"ImageObject\",\"url\":\"https:\\\/\\\/serbiantimes.info\\\/en\\\/wp-content\\\/uploads\\\/sites\\\/2\\\/2024\\\/10\\\/cropped-cropped-Serbian-Times-Header-Logo-1.png\",\"@id\":\"https:\\\/\\\/serbiantimes.info\\\/en\\\/shameful-decision-by-the-court-in-pristina-display-of-serbian-flag-and-symbols-banned-in-gracanica-for-vidovdan-celebration\\\/#organizationLogo\",\"width\":480,\"height\":100},\"image\":{\"@id\":\"https:\\\/\\\/serbiantimes.info\\\/en\\\/shameful-decision-by-the-court-in-pristina-display-of-serbian-flag-and-symbols-banned-in-gracanica-for-vidovdan-celebration\\\/#organizationLogo\"}},{\"@type\":\"Person\",\"@id\":\"https:\\\/\\\/serbiantimes.info\\\/en\\\/author\\\/serbiantimes-portal\\\/#author\",\"url\":\"https:\\\/\\\/serbiantimes.info\\\/en\\\/author\\\/serbiantimes-portal\\\/\",\"name\":\"Serbian Times\",\"image\":{\"@type\":\"ImageObject\",\"@id\":\"https:\\\/\\\/serbiantimes.info\\\/en\\\/shameful-decision-by-the-court-in-pristina-display-of-serbian-flag-and-symbols-banned-in-gracanica-for-vidovdan-celebration\\\/#authorImage\",\"url\":\"https:\\\/\\\/secure.gravatar.com\\\/avatar\\\/ea76e009769270b4193e2bc7e032c096b4ae135483ec03b396fd0f520bc3dcfd?s=96&d=mm&r=g\",\"width\":96,\"height\":96,\"caption\":\"Serbian Times\"}},{\"@type\":\"WebPage\",\"@id\":\"https:\\\/\\\/serbiantimes.info\\\/en\\\/shameful-decision-by-the-court-in-pristina-display-of-serbian-flag-and-symbols-banned-in-gracanica-for-vidovdan-celebration\\\/#webpage\",\"url\":\"https:\\\/\\\/serbiantimes.info\\\/en\\\/shameful-decision-by-the-court-in-pristina-display-of-serbian-flag-and-symbols-banned-in-gracanica-for-vidovdan-celebration\\\/\",\"name\":\"SHAMEFUL DECISION BY THE COURT IN PRI\\u0160TINA: Display of Serbian flag and symbols banned in Gra\\u010danica for Vidovdan celebration! | Serbiantimes.info EN\",\"description\":\"The ruling by the so-called Basic Court in Pri\\u0161tina to ban the display of the Serbian flag and Serbian symbols in Gra\\u010danica for the celebration of the greatest Serbian holiday \\u2013 Vidovdan, is directly aimed against the Serbian people and shows the anti-Serb and fascist face of Albin Kurti's regime, announced the Director of the\",\"inLanguage\":\"en-US\",\"isPartOf\":{\"@id\":\"https:\\\/\\\/serbiantimes.info\\\/en\\\/#website\"},\"breadcrumb\":{\"@id\":\"https:\\\/\\\/serbiantimes.info\\\/en\\\/shameful-decision-by-the-court-in-pristina-display-of-serbian-flag-and-symbols-banned-in-gracanica-for-vidovdan-celebration\\\/#breadcrumblist\"},\"author\":{\"@id\":\"https:\\\/\\\/serbiantimes.info\\\/en\\\/author\\\/serbiantimes-portal\\\/#author\"},\"creator\":{\"@id\":\"https:\\\/\\\/serbiantimes.info\\\/en\\\/author\\\/serbiantimes-portal\\\/#author\"},\"image\":{\"@type\":\"ImageObject\",\"url\":\"https:\\\/\\\/serbiantimes.info\\\/en\\\/wp-content\\\/uploads\\\/sites\\\/2\\\/2025\\\/06\\\/flag-g46226bf1f_1280.jpg\",\"@id\":\"https:\\\/\\\/serbiantimes.info\\\/en\\\/shameful-decision-by-the-court-in-pristina-display-of-serbian-flag-and-symbols-banned-in-gracanica-for-vidovdan-celebration\\\/#mainImage\",\"width\":1200,\"height\":750},\"primaryImageOfPage\":{\"@id\":\"https:\\\/\\\/serbiantimes.info\\\/en\\\/shameful-decision-by-the-court-in-pristina-display-of-serbian-flag-and-symbols-banned-in-gracanica-for-vidovdan-celebration\\\/#mainImage\"},\"datePublished\":\"2025-06-13T14:31:23+02:00\",\"dateModified\":\"2025-06-13T14:34:00+02:00\"},{\"@type\":\"WebSite\",\"@id\":\"https:\\\/\\\/serbiantimes.info\\\/en\\\/#website\",\"url\":\"https:\\\/\\\/serbiantimes.info\\\/en\\\/\",\"name\":\"Serbiantimes.info EN\",\"inLanguage\":\"en-US\",\"publisher\":{\"@id\":\"https:\\\/\\\/serbiantimes.info\\\/en\\\/#organization\"}}]}\n\t\t<\/script>\n\t\t<!-- All in One SEO -->\n\n","aioseo_head_json":{"title":"SHAMEFUL DECISION BY THE COURT IN PRI\u0160TINA: Display of Serbian flag and symbols banned in Gra\u010danica for Vidovdan celebration! | Serbiantimes.info EN","description":"The ruling by the so-called Basic Court in Pri\u0161tina to ban the display of the Serbian flag and Serbian symbols in Gra\u010danica for the celebration of the greatest Serbian holiday \u2013 Vidovdan, is directly aimed against the Serbian people and shows the anti-Serb and fascist face of Albin Kurti's regime, announced the Director of the","canonical_url":"https:\/\/serbiantimes.info\/en\/shameful-decision-by-the-court-in-pristina-display-of-serbian-flag-and-symbols-banned-in-gracanica-for-vidovdan-celebration\/","robots":"max-image-preview:large","keywords":"","webmasterTools":{"miscellaneous":""},"schema":{"@context":"https:\/\/schema.org","@graph":[{"@type":"BlogPosting","@id":"https:\/\/serbiantimes.info\/en\/shameful-decision-by-the-court-in-pristina-display-of-serbian-flag-and-symbols-banned-in-gracanica-for-vidovdan-celebration\/#blogposting","name":"SHAMEFUL DECISION BY THE COURT IN PRI\u0160TINA: Display of Serbian flag and symbols banned in Gra\u010danica for Vidovdan celebration! | Serbiantimes.info EN","headline":"SHAMEFUL DECISION BY THE COURT IN PRI\u0160TINA: Display of Serbian flag and symbols banned in Gra\u010danica for Vidovdan celebration!","author":{"@id":"https:\/\/serbiantimes.info\/en\/author\/serbiantimes-portal\/#author"},"publisher":{"@id":"https:\/\/serbiantimes.info\/en\/#organization"},"image":{"@type":"ImageObject","url":"https:\/\/serbiantimes.info\/en\/wp-content\/uploads\/sites\/2\/2025\/06\/flag-g46226bf1f_1280.jpg","width":1200,"height":750},"datePublished":"2025-06-13T14:31:23+02:00","dateModified":"2025-06-13T14:34:00+02:00","inLanguage":"en-US","mainEntityOfPage":{"@id":"https:\/\/serbiantimes.info\/en\/shameful-decision-by-the-court-in-pristina-display-of-serbian-flag-and-symbols-banned-in-gracanica-for-vidovdan-celebration\/#webpage"},"isPartOf":{"@id":"https:\/\/serbiantimes.info\/en\/shameful-decision-by-the-court-in-pristina-display-of-serbian-flag-and-symbols-banned-in-gracanica-for-vidovdan-celebration\/#webpage"},"articleSection":"SERBIA, KiM, preduda, Pri\u0161tina, Srbi na KiM, Srbija, Srpska zastava, sud, Vidovdan"},{"@type":"BreadcrumbList","@id":"https:\/\/serbiantimes.info\/en\/shameful-decision-by-the-court-in-pristina-display-of-serbian-flag-and-symbols-banned-in-gracanica-for-vidovdan-celebration\/#breadcrumblist","itemListElement":[{"@type":"ListItem","@id":"https:\/\/serbiantimes.info\/en#listItem","position":1,"name":"Home","item":"https:\/\/serbiantimes.info\/en","nextItem":{"@type":"ListItem","@id":"https:\/\/serbiantimes.info\/en\/category\/serbia\/#listItem","name":"SERBIA"}},{"@type":"ListItem","@id":"https:\/\/serbiantimes.info\/en\/category\/serbia\/#listItem","position":2,"name":"SERBIA","item":"https:\/\/serbiantimes.info\/en\/category\/serbia\/","nextItem":{"@type":"ListItem","@id":"https:\/\/serbiantimes.info\/en\/shameful-decision-by-the-court-in-pristina-display-of-serbian-flag-and-symbols-banned-in-gracanica-for-vidovdan-celebration\/#listItem","name":"SHAMEFUL DECISION BY THE COURT IN PRI\u0160TINA: Display of Serbian flag and symbols banned in Gra\u010danica for Vidovdan celebration!"},"previousItem":{"@type":"ListItem","@id":"https:\/\/serbiantimes.info\/en#listItem","name":"Home"}},{"@type":"ListItem","@id":"https:\/\/serbiantimes.info\/en\/shameful-decision-by-the-court-in-pristina-display-of-serbian-flag-and-symbols-banned-in-gracanica-for-vidovdan-celebration\/#listItem","position":3,"name":"SHAMEFUL DECISION BY THE COURT IN PRI\u0160TINA: Display of Serbian flag and symbols banned in Gra\u010danica for Vidovdan celebration!","previousItem":{"@type":"ListItem","@id":"https:\/\/serbiantimes.info\/en\/category\/serbia\/#listItem","name":"SERBIA"}}]},{"@type":"Organization","@id":"https:\/\/serbiantimes.info\/en\/#organization","name":"Serbiantimes.info EN","url":"https:\/\/serbiantimes.info\/en\/","logo":{"@type":"ImageObject","url":"https:\/\/serbiantimes.info\/en\/wp-content\/uploads\/sites\/2\/2024\/10\/cropped-cropped-Serbian-Times-Header-Logo-1.png","@id":"https:\/\/serbiantimes.info\/en\/shameful-decision-by-the-court-in-pristina-display-of-serbian-flag-and-symbols-banned-in-gracanica-for-vidovdan-celebration\/#organizationLogo","width":480,"height":100},"image":{"@id":"https:\/\/serbiantimes.info\/en\/shameful-decision-by-the-court-in-pristina-display-of-serbian-flag-and-symbols-banned-in-gracanica-for-vidovdan-celebration\/#organizationLogo"}},{"@type":"Person","@id":"https:\/\/serbiantimes.info\/en\/author\/serbiantimes-portal\/#author","url":"https:\/\/serbiantimes.info\/en\/author\/serbiantimes-portal\/","name":"Serbian Times","image":{"@type":"ImageObject","@id":"https:\/\/serbiantimes.info\/en\/shameful-decision-by-the-court-in-pristina-display-of-serbian-flag-and-symbols-banned-in-gracanica-for-vidovdan-celebration\/#authorImage","url":"https:\/\/secure.gravatar.com\/avatar\/ea76e009769270b4193e2bc7e032c096b4ae135483ec03b396fd0f520bc3dcfd?s=96&d=mm&r=g","width":96,"height":96,"caption":"Serbian Times"}},{"@type":"WebPage","@id":"https:\/\/serbiantimes.info\/en\/shameful-decision-by-the-court-in-pristina-display-of-serbian-flag-and-symbols-banned-in-gracanica-for-vidovdan-celebration\/#webpage","url":"https:\/\/serbiantimes.info\/en\/shameful-decision-by-the-court-in-pristina-display-of-serbian-flag-and-symbols-banned-in-gracanica-for-vidovdan-celebration\/","name":"SHAMEFUL DECISION BY THE COURT IN PRI\u0160TINA: Display of Serbian flag and symbols banned in Gra\u010danica for Vidovdan celebration! | Serbiantimes.info EN","description":"The ruling by the so-called Basic Court in Pri\u0161tina to ban the display of the Serbian flag and Serbian symbols in Gra\u010danica for the celebration of the greatest Serbian holiday \u2013 Vidovdan, is directly aimed against the Serbian people and shows the anti-Serb and fascist face of Albin Kurti's regime, announced the Director of the","inLanguage":"en-US","isPartOf":{"@id":"https:\/\/serbiantimes.info\/en\/#website"},"breadcrumb":{"@id":"https:\/\/serbiantimes.info\/en\/shameful-decision-by-the-court-in-pristina-display-of-serbian-flag-and-symbols-banned-in-gracanica-for-vidovdan-celebration\/#breadcrumblist"},"author":{"@id":"https:\/\/serbiantimes.info\/en\/author\/serbiantimes-portal\/#author"},"creator":{"@id":"https:\/\/serbiantimes.info\/en\/author\/serbiantimes-portal\/#author"},"image":{"@type":"ImageObject","url":"https:\/\/serbiantimes.info\/en\/wp-content\/uploads\/sites\/2\/2025\/06\/flag-g46226bf1f_1280.jpg","@id":"https:\/\/serbiantimes.info\/en\/shameful-decision-by-the-court-in-pristina-display-of-serbian-flag-and-symbols-banned-in-gracanica-for-vidovdan-celebration\/#mainImage","width":1200,"height":750},"primaryImageOfPage":{"@id":"https:\/\/serbiantimes.info\/en\/shameful-decision-by-the-court-in-pristina-display-of-serbian-flag-and-symbols-banned-in-gracanica-for-vidovdan-celebration\/#mainImage"},"datePublished":"2025-06-13T14:31:23+02:00","dateModified":"2025-06-13T14:34:00+02:00"},{"@type":"WebSite","@id":"https:\/\/serbiantimes.info\/en\/#website","url":"https:\/\/serbiantimes.info\/en\/","name":"Serbiantimes.info EN","inLanguage":"en-US","publisher":{"@id":"https:\/\/serbiantimes.info\/en\/#organization"}}]},"og:locale":"en_US","og:site_name":"Serbiantimes.info EN |","og:type":"article","og:title":"SHAMEFUL DECISION BY THE COURT IN PRI\u0160TINA: Display of Serbian flag and symbols banned in Gra\u010danica for Vidovdan celebration! | Serbiantimes.info EN","og:description":"The ruling by the so-called Basic Court in Pri\u0161tina to ban the display of the Serbian flag and Serbian symbols in Gra\u010danica for the celebration of the greatest Serbian holiday \u2013 Vidovdan, is directly aimed against the Serbian people and shows the anti-Serb and fascist face of Albin Kurti's regime, announced the Director of the","og:url":"https:\/\/serbiantimes.info\/en\/shameful-decision-by-the-court-in-pristina-display-of-serbian-flag-and-symbols-banned-in-gracanica-for-vidovdan-celebration\/","og:image":"https:\/\/serbiantimes.info\/en\/wp-content\/uploads\/sites\/2\/2025\/06\/flag-g46226bf1f_1280.jpg","og:image:secure_url":"https:\/\/serbiantimes.info\/en\/wp-content\/uploads\/sites\/2\/2025\/06\/flag-g46226bf1f_1280.jpg","og:image:width":1200,"og:image:height":750,"article:published_time":"2025-06-13T12:31:23+00:00","article:modified_time":"2025-06-13T12:34:00+00:00","twitter:card":"summary_large_image","twitter:title":"SHAMEFUL DECISION BY THE COURT IN PRI\u0160TINA: Display of Serbian flag and symbols banned in Gra\u010danica for Vidovdan celebration! | Serbiantimes.info EN","twitter:description":"The ruling by the so-called Basic Court in Pri\u0161tina to ban the display of the Serbian flag and Serbian symbols in Gra\u010danica for the celebration of the greatest Serbian holiday \u2013 Vidovdan, is directly aimed against the Serbian people and shows the anti-Serb and fascist face of Albin Kurti's regime, announced the Director of the","twitter:image":"https:\/\/serbiantimes.info\/en\/wp-content\/uploads\/sites\/2\/2025\/06\/flag-g46226bf1f_1280.jpg"},"aioseo_meta_data":{"post_id":"179962","title":null,"description":null,"keywords":null,"keyphrases":{"focus":{"keyphrase":"","score":0,"analysis":{"keyphraseInTitle":{"score":0,"maxScore":9,"error":1}}},"additional":[]},"primary_term":null,"canonical_url":null,"og_title":null,"og_description":null,"og_object_type":"default","og_image_type":"default","og_image_url":null,"og_image_width":null,"og_image_height":null,"og_image_custom_url":null,"og_image_custom_fields":null,"og_video":"","og_custom_url":null,"og_article_section":null,"og_article_tags":null,"twitter_use_og":false,"twitter_card":"default","twitter_image_type":"default","twitter_image_url":null,"twitter_image_custom_url":null,"twitter_image_custom_fields":null,"twitter_title":null,"twitter_description":null,"schema":{"blockGraphs":[],"customGraphs":[],"default":{"data":{"Article":[],"Course":[],"Dataset":[],"FAQPage":[],"Movie":[],"Person":[],"Product":[],"ProductReview":[],"Car":[],"Recipe":[],"Service":[],"SoftwareApplication":[],"WebPage":[]},"graphName":"BlogPosting","isEnabled":true},"graphs":[]},"schema_type":"default","schema_type_options":null,"pillar_content":false,"robots_default":true,"robots_noindex":false,"robots_noarchive":false,"robots_nosnippet":false,"robots_nofollow":false,"robots_noimageindex":false,"robots_noodp":false,"robots_notranslate":false,"robots_max_snippet":"-1","robots_max_videopreview":"-1","robots_max_imagepreview":"large","priority":null,"frequency":"default","local_seo":null,"breadcrumb_settings":null,"limit_modified_date":false,"ai":null,"created":"2025-06-13 12:31:24","updated":"2025-06-26 19:24:19","focus_keyword":null,"additional_keywords":null,"truseo_locale":null,"seo_analyzer_scan_date":null},"aioseo_breadcrumb":"<div class=\"aioseo-breadcrumbs\"><span class=\"aioseo-breadcrumb\">\n\t\t\t<a href=\"https:\/\/serbiantimes.info\/en\" title=\"Home\">Home<\/a>\n\t\t<\/span><span class=\"aioseo-breadcrumb-separator\">&raquo;<\/span><span class=\"aioseo-breadcrumb\">\n\t\t\t<a href=\"https:\/\/serbiantimes.info\/en\/category\/serbia\/\" title=\"SERBIA\">SERBIA<\/a>\n\t\t<\/span><span class=\"aioseo-breadcrumb-separator\">&raquo;<\/span><span class=\"aioseo-breadcrumb\">\n\t\t\tSHAMEFUL DECISION BY THE COURT IN PRI\u0160TINA: Display of Serbian flag and symbols banned in Gra\u010danica for Vidovdan celebration!\n\t\t<\/span><\/div>","aioseo_breadcrumb_json":[{"label":"Home","link":"https:\/\/serbiantimes.info\/en"},{"label":"SERBIA","link":"https:\/\/serbiantimes.info\/en\/category\/serbia\/"},{"label":"SHAMEFUL DECISION BY THE COURT IN PRI\u0160TINA: Display of Serbian flag and symbols banned in Gra\u010danica for Vidovdan celebration!","link":"https:\/\/serbiantimes.info\/en\/shameful-decision-by-the-court-in-pristina-display-of-serbian-flag-and-symbols-banned-in-gracanica-for-vidovdan-celebration\/"}],"distributor_meta":false,"distributor_terms":false,"distributor_media":false,"distributor_original_site_name":"Serbiantimes.info EN","distributor_original_site_url":"https:\/\/serbiantimes.info\/en","push-errors":false,"_links":{"self":[{"href":"https:\/\/serbiantimes.info\/en\/wp-json\/wp\/v2\/posts\/179962","targetHints":{"allow":["GET"]}}],"collection":[{"href":"https:\/\/serbiantimes.info\/en\/wp-json\/wp\/v2\/posts"}],"about":[{"href":"https:\/\/serbiantimes.info\/en\/wp-json\/wp\/v2\/types\/post"}],"author":[{"embeddable":true,"href":"https:\/\/serbiantimes.info\/en\/wp-json\/wp\/v2\/users\/2169"}],"replies":[{"embeddable":true,"href":"https:\/\/serbiantimes.info\/en\/wp-json\/wp\/v2\/comments?post=179962"}],"version-history":[{"count":2,"href":"https:\/\/serbiantimes.info\/en\/wp-json\/wp\/v2\/posts\/179962\/revisions"}],"predecessor-version":[{"id":179987,"href":"https:\/\/serbiantimes.info\/en\/wp-json\/wp\/v2\/posts\/179962\/revisions\/179987"}],"wp:featuredmedia":[{"embeddable":true,"href":"https:\/\/serbiantimes.info\/en\/wp-json\/wp\/v2\/media\/179963"}],"wp:attachment":[{"href":"https:\/\/serbiantimes.info\/en\/wp-json\/wp\/v2\/media?parent=179962"}],"wp:term":[{"taxonomy":"category","embeddable":true,"href":"https:\/\/serbiantimes.info\/en\/wp-json\/wp\/v2\/categories?post=179962"},{"taxonomy":"post_tag","embeddable":true,"href":"https:\/\/serbiantimes.info\/en\/wp-json\/wp\/v2\/tags?post=179962"}],"curies":[{"name":"wp","href":"https:\/\/api.w.org\/{rel}","templated":true}]}}