{"id":179431,"date":"2025-06-06T15:28:50","date_gmt":"2025-06-06T13:28:50","guid":{"rendered":"https:\/\/serbiantimes.info\/en\/?p=179431"},"modified":"2025-06-06T15:28:52","modified_gmt":"2025-06-06T13:28:52","slug":"nazi-symbol-removed-from-nis-fortress-i-could-not-allow-the-swastika-to-stand-on-the-stambol-gate","status":"publish","type":"post","link":"https:\/\/serbiantimes.info\/en\/nazi-symbol-removed-from-nis-fortress-i-could-not-allow-the-swastika-to-stand-on-the-stambol-gate\/","title":{"rendered":"NAZI SYMBOL REMOVED FROM NI\u0160 FORTRESS: &#8220;I could not allow the swastika to stand on the Stambol gate!&#8221;"},"content":{"rendered":"\n<p><strong><em>Vladimir Jovanovi\u0107, vice-president of the City Board of the People&#8217;s Movement of Serbia (NPS), is one of the citizens of Ni\u0161 who removed the banner with the inscription &#8220;Better \u0106aci than Nazi&#8221; from the Ni\u0161 Fortress. He told N1 that he could not allow a swastika to stand on the Stambol gate of the fortress, considering all that the people of Ni\u0161 have endured throughout history.<\/em><\/strong><\/p>\n\n\n\n<p>&#8220;If we know how much this city suffered from the Nazis, we know what they did to the citizens of Ni\u0161, calling the citizens of Ni\u0161 Nazis \u2013 it&#8217;s really not right. Putting a swastika on the fortress, the citizens didn&#8217;t even understand it. Next to me was a citizen who commented on how the city allowed it. She thought the city allowed it,&#8221; Jovanovi\u0107 told N1.<\/p>\n\n\n\n<p>He emphasized that he had to react and remove the banner since there was no communal police present.<\/p>\n\n\n\n<p>&#8220;I and a few other people took down that banner and liberated the fortress again. Such signs must not be placed on the Ni\u0161 Fortress. I don&#8217;t know where the banner is now, my will was to take it down, now I don&#8217;t know where it is,&#8221; he added.<\/p>\n\n\n\n<p>When it was noted that many citizens rushed to remove the banner, Jovanovi\u0107 says that Du\u0161an An\u0111elkovi\u0107 from Kreni-promeni, students, as well as citizens who were at the foot of the fortress and protested what they saw, were also there.<\/p>\n\n\n\n<p>The People&#8217;s Movement of Serbia says they assume the banner is the work of the Serbian Progressive Party or a movement founded by President Aleksandar Vu\u010di\u0107.<\/p>\n\n\n\n<h4 class=\"wp-block-heading\"><mark style=\"background-color:#FFFFFF;color:#d21414\" class=\"has-inline-color\">MORE TOPICS:<\/mark><\/h4>\n\n\n\n<p><strong><a href=\"https:\/\/serbiantimes.info\/en\/nazi-symbol-on-stambol-gate-scandalous-banner-with-swastika-appears-on-nis-fortress-video\/\" target=\"_blank\" rel=\"noopener\" title=\"\">NAZI SYMBOL ON STAMBOL GATE: Scandalous banner with swastika appears on Ni\u0161 fortress! (VIDEO)<\/a><\/strong><\/p>\n\n\n\n<p><strong><a href=\"https:\/\/serbiantimes.info\/en\/perpetrators-of-worse-crimes-not-arrested-for-years-students-in-blockade-react-to-detention-of-18-individuals\/\" target=\"_blank\" rel=\"noopener\" title=\"\">\u201cPERPETRATORS OF WORSE CRIMES NOT ARRESTED FOR YEARS\u201d: Students in blockade react to detention of 18 individuals!<\/a><\/strong><\/p>\n\n\n\n<p><strong><a href=\"https:\/\/serbiantimes.info\/en\/white-house-and-nasa-react-to-musks-tweets-donald-trump-tries-to-ease-tensions-with-billionaire\/\" target=\"_blank\" rel=\"noopener\" title=\"\">WHITE HOUSE AND NASA REACT TO MUSK\u2019S TWEETS: Donald Trump tries to ease tensions with billionaire!<\/a><\/strong><\/p>\n\n\n\n<p><strong><a href=\"https:\/\/serbiantimes.info\/en\/culture-pays-the-price-for-supporting-students-theaters-and-festivals-left-without-funds\/\" target=\"_blank\" rel=\"noopener\" title=\"\">CULTURE PAYS THE PRICE FOR SUPPORTING STUDENTS: Theaters and festivals left without funds!<\/a><\/strong><\/p>\n\n\n\n<p><strong><a href=\"https:\/\/serbiantimes.info\/en\/rektor-djokic-univerzitet-je-izdrzao-okupaciju-dva-svetska-rata-vanredna-stanja-ali-nikada-nije-bio-izlozen-ovakvom-sistemskom-urusavanju\/\" target=\"_blank\" rel=\"noopener\" title=\"\">RECTOR DJOKIC: University endured occupation, two world wars, states of emergency, but never such systemic collapse!<\/a><\/strong><\/p>\n\n\n\n<p><strong>Source<\/strong>: N1; <strong>Photo<\/strong>: Printscreen Instagram @kreni.promeni<\/p>\n","protected":false},"excerpt":{"rendered":"<p>Vladimir Jovanovi\u0107, vice-president of the City Board of the People&#8217;s Movement of Serbia (NPS), is one of the citizens of Ni\u0161 who removed the banner with the inscription &#8220;Better \u0106aci than Nazi&#8221; from the Ni\u0161 Fortress. He told N1 that he could not allow a swastika to stand on the Stambol gate of the fortress, [&hellip;]<\/p>\n","protected":false},"author":2169,"featured_media":179386,"comment_status":"open","ping_status":"open","sticky":false,"template":"","format":"standard","meta":{"newspack_featured_image_position":"","newspack_post_subtitle":"","newspack_article_summary_title":"Overview:","newspack_article_summary":"","newspack_hide_updated_date":false,"newspack_show_updated_date":false,"footnotes":""},"categories":[7],"tags":[1909,1911,6938,6929,113,6939,6931],"class_list":["post-179431","post","type-post","status-publish","format-standard","has-post-thumbnail","hentry","category-serbia","tag-kukasti-krst","tag-nacizam","tag-nis-3","tag-niska-tvrdava","tag-srbija","tag-stambol-kapija","tag-svastika","entry"],"aioseo_notices":[],"distributor_meta":false,"distributor_terms":false,"distributor_media":false,"distributor_original_site_name":"Serbiantimes.info EN","distributor_original_site_url":"https:\/\/serbiantimes.info\/en","push-errors":false,"_links":{"self":[{"href":"https:\/\/serbiantimes.info\/en\/wp-json\/wp\/v2\/posts\/179431","targetHints":{"allow":["GET"]}}],"collection":[{"href":"https:\/\/serbiantimes.info\/en\/wp-json\/wp\/v2\/posts"}],"about":[{"href":"https:\/\/serbiantimes.info\/en\/wp-json\/wp\/v2\/types\/post"}],"author":[{"embeddable":true,"href":"https:\/\/serbiantimes.info\/en\/wp-json\/wp\/v2\/users\/2169"}],"replies":[{"embeddable":true,"href":"https:\/\/serbiantimes.info\/en\/wp-json\/wp\/v2\/comments?post=179431"}],"version-history":[{"count":1,"href":"https:\/\/serbiantimes.info\/en\/wp-json\/wp\/v2\/posts\/179431\/revisions"}],"predecessor-version":[{"id":179434,"href":"https:\/\/serbiantimes.info\/en\/wp-json\/wp\/v2\/posts\/179431\/revisions\/179434"}],"wp:featuredmedia":[{"embeddable":true,"href":"https:\/\/serbiantimes.info\/en\/wp-json\/wp\/v2\/media\/179386"}],"wp:attachment":[{"href":"https:\/\/serbiantimes.info\/en\/wp-json\/wp\/v2\/media?parent=179431"}],"wp:term":[{"taxonomy":"category","embeddable":true,"href":"https:\/\/serbiantimes.info\/en\/wp-json\/wp\/v2\/categories?post=179431"},{"taxonomy":"post_tag","embeddable":true,"href":"https:\/\/serbiantimes.info\/en\/wp-json\/wp\/v2\/tags?post=179431"}],"curies":[{"name":"wp","href":"https:\/\/api.w.org\/{rel}","templated":true}]}}