{"id":179175,"date":"2025-06-04T09:00:00","date_gmt":"2025-06-04T07:00:00","guid":{"rendered":"https:\/\/serbiantimes.info\/en\/?p=179175"},"modified":"2025-06-04T14:02:40","modified_gmt":"2025-06-04T12:02:40","slug":"another-success-for-our-students-three-medals-for-serbia-at-the-mathematical-olympiad-in-uzbekistan","status":"publish","type":"post","link":"https:\/\/serbiantimes.info\/en\/another-success-for-our-students-three-medals-for-serbia-at-the-mathematical-olympiad-in-uzbekistan\/","title":{"rendered":"ANOTHER SUCCESS FOR OUR STUDENTS: Three medals for Serbia at the Mathematical Olympiad in Uzbekistan!"},"content":{"rendered":"\n<p><strong><em>Three students from the Faculty of Mathematics in Belgrade, Milo\u0161 Mili\u0107ev, Jovan Arizanovi\u0107, and Mihailo Jan\u010devi\u0107, have returned from the Mathematical Student Olympiad in Uzbekistan with an impressive three medals.<\/em><\/strong><\/p>\n\n\n\n<p>Mili\u0107ev won silver, while Arizanovi\u0107 and Jan\u010devi\u0107 secured bronze. The trio also achieved an excellent sixth place in the team standings, right behind mathematical powerhouses such as China, South Korea, Japan, Russia, and the USA.<\/p>\n\n\n\n<p>This was the third student Olympiad organized by Uzbekistan, and last week it hosted 212 competitors from 16 countries. The Serbian team was led by the once-renowned competitor, now Professor Teodor Fon Burg.<\/p>\n\n\n\n<p>Serbia also had another representative at this mathematical event, Professor Vesna Todor\u010devi\u0107, who was a member of the Organizing Committee and the international Olympic jury.<\/p>\n\n\n\n<h4 class=\"wp-block-heading\"><mark style=\"background-color:#FFFFFF;color:#d21414\" class=\"has-inline-color\">MORE TOPICS:<\/mark><\/h4>\n\n\n\n<p><strong><a href=\"https:\/\/serbiantimes.info\/en\/parents-outraged-demand-accountability-kindergarten-teacher-and-sns-councillor-in-kragujevac-left-two-preschoolers-in-locked-classroom\/\" target=\"_blank\" rel=\"noopener\" title=\"\">PARENTS OUTRAGED, DEMAND ACCOUNTABILITY: Kindergarten teacher and SNS councillor in Kragujevac left two preschoolers in locked classroom!<\/a><\/strong><\/p>\n\n\n\n<p><strong><a href=\"https:\/\/serbiantimes.info\/en\/ceiling-collapses-in-cultural-center-near-jagodina-children-were-supposed-to-have-a-rehearsal-photo\/\" target=\"_blank\" rel=\"noopener\" title=\"\">CEILING COLLAPSES IN CULTURAL CENTER NEAR JAGODINA: Children were supposed to have a rehearsal! (PHOTO)<\/a><\/strong><\/p>\n\n\n\n<p><strong><a href=\"https:\/\/serbiantimes.info\/en\/joska-broz-died-josip-broz-titos-grandson-dead-at-78\/\" target=\"_blank\" rel=\"noopener\" title=\"\">JO\u0160KA BROZ DIED: Josip Broz Tito\u2019s Grandson dead at 78!<\/a><\/strong><\/p>\n\n\n\n<p><strong><a href=\"https:\/\/serbiantimes.info\/en\/when-serbs-mow-a-meadow-in-the-middle-of-chicago-mowers-from-krajina-herzegovina-bosnia-and-dalmatia-preserve-tradition-sending-champion-to-rajac-next-year-photo-video\/\" target=\"_blank\" rel=\"noopener\" title=\"\">WHEN SERBS MOW A MEADOW IN THE MIDDLE OF CHICAGO: Mowers from Krajina, Herzegovina, Bosnia, and Dalmatia preserve tradition, sending champion to Rajac next year! (PHOTO, VIDEO)<\/a><\/strong><\/p>\n\n\n\n<p><strong><a href=\"https:\/\/serbiantimes.info\/en\/we-want-to-win-golds-for-serbia-american-student-athletes-of-serbian-descent-establish-their-own-association-in-chicago-video\/\" target=\"_blank\" rel=\"noopener\" title=\"\">\u201cWE WANT TO WIN GOLDS FOR SERBIA!\u201d: American student-athletes of Serbian descent establish their own association in Chicago! (VIDEO)<\/a><\/strong><\/p>\n\n\n\n<p><strong>Source:\u00a0<\/strong>Nova.rs, <strong>Photo:<\/strong> Privatna arhiva<\/p>\n","protected":false},"excerpt":{"rendered":"<p>Three students from the Faculty of Mathematics in Belgrade, Milo\u0161 Mili\u0107ev, Jovan Arizanovi\u0107, and Mihailo Jan\u010devi\u0107, have returned from the Mathematical Student Olympiad in Uzbekistan with an impressive three medals. Mili\u0107ev won silver, while Arizanovi\u0107 and Jan\u010devi\u0107 secured bronze. The trio also achieved an excellent sixth place in the team standings, right behind mathematical powerhouses [&hellip;]<\/p>\n","protected":false},"author":2169,"featured_media":179176,"comment_status":"open","ping_status":"open","sticky":false,"template":"","format":"standard","meta":{"newspack_featured_image_position":"","newspack_post_subtitle":"","newspack_article_summary_title":"Overview:","newspack_article_summary":"","newspack_hide_updated_date":false,"newspack_show_updated_date":false,"footnotes":""},"categories":[7],"tags":[6876,6310,6877,113,2490,619,6878],"class_list":["post-179175","post","type-post","status-publish","format-standard","has-post-thumbnail","hentry","category-serbia","tag-bronza","tag-matematicka-olimpijada","tag-matematicki-fakultet","tag-srbija","tag-studenti","tag-takmicenje","tag-uzbekistan","entry"],"aioseo_notices":[],"distributor_meta":false,"distributor_terms":false,"distributor_media":false,"distributor_original_site_name":"Serbiantimes.info EN","distributor_original_site_url":"https:\/\/serbiantimes.info\/en","push-errors":false,"_links":{"self":[{"href":"https:\/\/serbiantimes.info\/en\/wp-json\/wp\/v2\/posts\/179175","targetHints":{"allow":["GET"]}}],"collection":[{"href":"https:\/\/serbiantimes.info\/en\/wp-json\/wp\/v2\/posts"}],"about":[{"href":"https:\/\/serbiantimes.info\/en\/wp-json\/wp\/v2\/types\/post"}],"author":[{"embeddable":true,"href":"https:\/\/serbiantimes.info\/en\/wp-json\/wp\/v2\/users\/2169"}],"replies":[{"embeddable":true,"href":"https:\/\/serbiantimes.info\/en\/wp-json\/wp\/v2\/comments?post=179175"}],"version-history":[{"count":1,"href":"https:\/\/serbiantimes.info\/en\/wp-json\/wp\/v2\/posts\/179175\/revisions"}],"predecessor-version":[{"id":179210,"href":"https:\/\/serbiantimes.info\/en\/wp-json\/wp\/v2\/posts\/179175\/revisions\/179210"}],"wp:featuredmedia":[{"embeddable":true,"href":"https:\/\/serbiantimes.info\/en\/wp-json\/wp\/v2\/media\/179176"}],"wp:attachment":[{"href":"https:\/\/serbiantimes.info\/en\/wp-json\/wp\/v2\/media?parent=179175"}],"wp:term":[{"taxonomy":"category","embeddable":true,"href":"https:\/\/serbiantimes.info\/en\/wp-json\/wp\/v2\/categories?post=179175"},{"taxonomy":"post_tag","embeddable":true,"href":"https:\/\/serbiantimes.info\/en\/wp-json\/wp\/v2\/tags?post=179175"}],"curies":[{"name":"wp","href":"https:\/\/api.w.org\/{rel}","templated":true}]}}