{"id":178882,"date":"2025-05-31T15:08:12","date_gmt":"2025-05-31T13:08:12","guid":{"rendered":"https:\/\/serbiantimes.info\/en\/?p=178882"},"modified":"2025-05-31T15:08:12","modified_gmt":"2025-05-31T13:08:12","slug":"bravo-girls-serbian-wrestlers-win-9-medals-at-european-championship","status":"publish","type":"post","link":"https:\/\/serbiantimes.info\/en\/bravo-girls-serbian-wrestlers-win-9-medals-at-european-championship\/","title":{"rendered":"BRAVO, GIRLS! Serbian Wrestlers Win 9 Medals at European Championship!"},"content":{"rendered":"\n<p><strong><em>Serbian female wrestlers achieved great success in Pore\u010d, where the European Beach Wrestling Championship was held over the past two days, winning a total of nine medals.<\/em><\/strong><\/p>\n\n\n\n<p>Our U20 team won silver, while the Serbian national teams for U17 and U15 categories earned bronze.<\/p>\n\n\n\n<p>In the U20 women&#8217;s competition, Ma\u0161a Perovi\u0107 and Evelin Ujhelji reached the silver medal, while Milica Sekulovi\u0107 won bronze.<\/p>\n\n\n\n<p>Our U15 team also won three medals.<\/p>\n\n\n\n<p>Fani \u0160o\u0161 became the European champion, Nikoleta Sabo was second, and Nevena \u017divojinovi\u0107 was third.<\/p>\n\n\n\n<p>Serbian U17 female wrestlers also won three medals, as Inrigo \u0110eri and Gabrijela Berkec took silver, and Ivana Gaji\u0107 secured bronze.<\/p>\n\n\n\n<p>&#8220;The impressions are truly phenomenal. The girls fought like lions in fierce competition and deserve all congratulations. Ukrainian wrestlers dominated this championship, but our competitors managed to defeat them in some matches. The result gains even more significance when considering that beach wrestling could soon become an Olympic sport, and it&#8217;s interesting that it will already be part of the program for the Youth Olympics in Dakar in 2026,&#8221; stated Dalibor Perovi\u0107, coach of our women&#8217;s selections.<\/p>\n\n\n\n<h4 class=\"wp-block-heading\"><mark style=\"background-color:#FFFFFF;color:#d21414\" class=\"has-inline-color\">MORE TOPICS:<\/mark><\/h4>\n\n\n\n<p><strong><a href=\"https:\/\/serbiantimes.info\/en\/attack-on-medijana-president-man-approached-duric-and-hit-him-police-intervened\/\" target=\"_blank\" rel=\"noopener\" title=\"\">ATTACK ON MEDIJANA PRESIDENT: Man approached \u0110uri\u0107 and hit him, police intervened!<\/a><\/strong><\/p>\n\n\n\n<p><strong><a href=\"https:\/\/serbiantimes.info\/en\/students-in-the-heart-of-macva-large-protest-begins-in-sabac-veterans-cyclists-and-bikers-arrive\/\" target=\"_blank\" rel=\"noopener\" title=\"\">STUDENTS IN THE HEART OF MA\u010cVA: Large protest begins in \u0160abac, veterans, cyclists and bikers arrive!<\/a><\/strong><\/p>\n\n\n\n<p><strong><a href=\"https:\/\/serbiantimes.info\/en\/love-greater-than-the-ocean-federico-decided-to-leave-everything-in-mexico-to-live-with-marija-in-uzice\/\" target=\"_blank\" rel=\"noopener\" title=\"\">LOVE GREATER THAN THE OCEAN: Federico decided to leave everything in Mexico to live with Marija in U\u017eice!<\/a><\/strong><\/p>\n\n\n\n<p><strong><a href=\"https:\/\/serbiantimes.info\/en\/first-serbian-woman-with-a-pen-in-hand-three-forgotten-lives-of-the-incredible-eustahija-arsic-photo\/\" target=\"_blank\" rel=\"noopener\" title=\"\">FIRST SERBIAN WOMAN WITH A PEN IN HAND: Three forgotten lives of the incredible Eustahija Arsi\u0107! (PHOTO)<\/a><\/strong><\/p>\n\n\n\n<p><strong><a href=\"https:\/\/serbiantimes.info\/en\/the-only-serbian-general-of-the-red-army-lenin-personally-thanked-him-and-stalin-was-the-death-of-him-photo\/\" target=\"_blank\" rel=\"noopener\" title=\"\">THE ONLY SERBIAN GENERAL OF THE RED ARMY: Lenin personally thanked him, and Stalin was the death of him! (PHOTO)<\/a><\/strong><\/p>\n\n\n\n<p><strong><strong>Source<\/strong>:\u00a0<\/strong>B92, <strong>Photo: <\/strong>Rva\u010dki savez Srbije<\/p>\n","protected":false},"excerpt":{"rendered":"<p>Serbian female wrestlers achieved great success in Pore\u010d, where the European Beach Wrestling Championship was held over the past two days, winning a total of nine medals. Our U20 team won silver, while the Serbian national teams for U17 and U15 categories earned bronze. In the U20 women&#8217;s competition, Ma\u0161a Perovi\u0107 and Evelin Ujhelji reached [&hellip;]<\/p>\n","protected":false},"author":2169,"featured_media":178883,"comment_status":"open","ping_status":"open","sticky":false,"template":"","format":"standard","meta":{"newspack_featured_image_position":"","newspack_post_subtitle":"","newspack_article_summary_title":"Overview:","newspack_article_summary":"","newspack_hide_updated_date":false,"newspack_show_updated_date":false,"footnotes":""},"categories":[10],"tags":[2391,615,6786,91,113,6787],"class_list":["post-178882","post","type-post","status-publish","format-standard","has-post-thumbnail","hentry","category-sport","tag-evropsko-prvenstvo","tag-medalje","tag-porec","tag-sport","tag-srbija","tag-srpske-rvacice","entry"],"aioseo_notices":[],"distributor_meta":false,"distributor_terms":false,"distributor_media":false,"distributor_original_site_name":"Serbiantimes.info EN","distributor_original_site_url":"https:\/\/serbiantimes.info\/en","push-errors":false,"_links":{"self":[{"href":"https:\/\/serbiantimes.info\/en\/wp-json\/wp\/v2\/posts\/178882","targetHints":{"allow":["GET"]}}],"collection":[{"href":"https:\/\/serbiantimes.info\/en\/wp-json\/wp\/v2\/posts"}],"about":[{"href":"https:\/\/serbiantimes.info\/en\/wp-json\/wp\/v2\/types\/post"}],"author":[{"embeddable":true,"href":"https:\/\/serbiantimes.info\/en\/wp-json\/wp\/v2\/users\/2169"}],"replies":[{"embeddable":true,"href":"https:\/\/serbiantimes.info\/en\/wp-json\/wp\/v2\/comments?post=178882"}],"version-history":[{"count":1,"href":"https:\/\/serbiantimes.info\/en\/wp-json\/wp\/v2\/posts\/178882\/revisions"}],"predecessor-version":[{"id":178901,"href":"https:\/\/serbiantimes.info\/en\/wp-json\/wp\/v2\/posts\/178882\/revisions\/178901"}],"wp:featuredmedia":[{"embeddable":true,"href":"https:\/\/serbiantimes.info\/en\/wp-json\/wp\/v2\/media\/178883"}],"wp:attachment":[{"href":"https:\/\/serbiantimes.info\/en\/wp-json\/wp\/v2\/media?parent=178882"}],"wp:term":[{"taxonomy":"category","embeddable":true,"href":"https:\/\/serbiantimes.info\/en\/wp-json\/wp\/v2\/categories?post=178882"},{"taxonomy":"post_tag","embeddable":true,"href":"https:\/\/serbiantimes.info\/en\/wp-json\/wp\/v2\/tags?post=178882"}],"curies":[{"name":"wp","href":"https:\/\/api.w.org\/{rel}","templated":true}]}}