{"id":178870,"date":"2025-05-31T14:46:29","date_gmt":"2025-05-31T12:46:29","guid":{"rendered":"https:\/\/serbiantimes.info\/en\/?p=178870"},"modified":"2025-05-31T15:25:37","modified_gmt":"2025-05-31T13:25:37","slug":"students-in-the-heart-of-macva-large-protest-begins-in-sabac-veterans-cyclists-and-bikers-arrive","status":"publish","type":"post","link":"https:\/\/serbiantimes.info\/en\/students-in-the-heart-of-macva-large-protest-begins-in-sabac-veterans-cyclists-and-bikers-arrive\/","title":{"rendered":"STUDENTS IN THE HEART OF MA\u010cVA: Large protest begins in \u0160abac, veterans, cyclists and bikers arrive!"},"content":{"rendered":"\n<p><strong><em>A protest titled &#8220;Shall we go to \u0160abac to protest? Yes, we shall!&#8221; organized by students in \u0160abac has begun at the Square of \u0160abac Victims. The gathering started at 11:52 AM with a tribute to those who died in Novi Sad, writes Danas.<\/em><\/strong><\/p>\n\n\n\n<p>According to the protest plan and map published by the students on their Instagram profiles, after a 16-minute silence, war veterans will lay wreaths at the monument to the victims.<\/p>\n\n\n\n<p>The main protest program begins at 4 PM with speeches at the square.<\/p>\n\n\n\n<p>A concert by bands is announced for 6:30 PM.<\/p>\n\n\n\n<p>In addition to starting with a 16-minute silence for those who died in Novi Sad, the protest will also end in this manner \u2013 from 11:52 PM to 12:08 AM.<\/p>\n\n\n\n<h4 class=\"wp-block-heading\"><mark style=\"background-color:#FFFFFF;color:#d21414\" class=\"has-inline-color\">MORE TOPICS:<\/mark><\/h4>\n\n\n\n<p><strong><a href=\"https:\/\/serbiantimes.info\/en\/shameful-attack-on-orthodoxy-egypt-seizes-worlds-oldest-monastery-from-greek-church\/\" target=\"_blank\" rel=\"noopener\" title=\"\">SHAMEFUL ATTACK ON ORTHODOXY: Egypt seizes world\u2019s oldest monastery from Greek church!<\/a><\/strong><\/p>\n\n\n\n<p><strong><a href=\"https:\/\/serbiantimes.info\/en\/love-greater-than-the-ocean-federico-decided-to-leave-everything-in-mexico-to-live-with-marija-in-uzice\/\" target=\"_blank\" rel=\"noopener\" title=\"\">LOVE GREATER THAN THE OCEAN: Federico decided to leave everything in Mexico to live with Marija in U\u017eice!<\/a><\/strong><\/p>\n\n\n\n<p><strong><a href=\"https:\/\/serbiantimes.info\/en\/first-serbian-woman-with-a-pen-in-hand-three-forgotten-lives-of-the-incredible-eustahija-arsic-photo\/\" target=\"_blank\" rel=\"noopener\" title=\"\">FIRST SERBIAN WOMAN WITH A PEN IN HAND: Three forgotten lives of the incredible Eustahija Arsi\u0107! (PHOTO)<\/a><\/strong><\/p>\n\n\n\n<p><strong><a href=\"https:\/\/serbiantimes.info\/en\/the-only-serbian-general-of-the-red-army-lenin-personally-thanked-him-and-stalin-was-the-death-of-him-photo\/\" target=\"_blank\" rel=\"noopener\" title=\"\">THE ONLY SERBIAN GENERAL OF THE RED ARMY: Lenin personally thanked him, and Stalin was the death of him! (PHOTO)<\/a><\/strong><\/p>\n\n\n\n<p><strong>Source: <\/strong>Nedeljnik<strong> Photo: <\/strong>\u0160aba\u010dke novosti<\/p>\n\n\n\n<p><\/p>\n","protected":false},"excerpt":{"rendered":"<p>A protest titled &#8220;Shall we go to \u0160abac to protest? Yes, we shall!&#8221; organized by students in \u0160abac has begun at the Square of \u0160abac Victims. The gathering started at 11:52 AM with a tribute to those who died in Novi Sad, writes Danas. According to the protest plan and map published by the students [&hellip;]<\/p>\n","protected":false},"author":2169,"featured_media":100000184632,"comment_status":"open","ping_status":"open","sticky":false,"template":"","format":"standard","meta":{"newspack_featured_image_position":"","newspack_post_subtitle":"","newspack_article_summary_title":"Overview:","newspack_article_summary":"","newspack_hide_updated_date":false,"newspack_show_updated_date":false,"footnotes":""},"categories":[7],"tags":[642,2883,2490,4837,5616],"class_list":["post-178870","post","type-post","status-publish","format-standard","has-post-thumbnail","hentry","category-serbia","tag-protest","tag-sabac-2","tag-studenti","tag-studenti-u-blokadi","tag-veterani","entry"],"aioseo_notices":[],"distributor_meta":false,"distributor_terms":false,"distributor_media":false,"distributor_original_site_name":"Serbiantimes.info EN","distributor_original_site_url":"https:\/\/serbiantimes.info\/en","push-errors":false,"_links":{"self":[{"href":"https:\/\/serbiantimes.info\/en\/wp-json\/wp\/v2\/posts\/178870","targetHints":{"allow":["GET"]}}],"collection":[{"href":"https:\/\/serbiantimes.info\/en\/wp-json\/wp\/v2\/posts"}],"about":[{"href":"https:\/\/serbiantimes.info\/en\/wp-json\/wp\/v2\/types\/post"}],"author":[{"embeddable":true,"href":"https:\/\/serbiantimes.info\/en\/wp-json\/wp\/v2\/users\/2169"}],"replies":[{"embeddable":true,"href":"https:\/\/serbiantimes.info\/en\/wp-json\/wp\/v2\/comments?post=178870"}],"version-history":[{"count":1,"href":"https:\/\/serbiantimes.info\/en\/wp-json\/wp\/v2\/posts\/178870\/revisions"}],"predecessor-version":[{"id":178874,"href":"https:\/\/serbiantimes.info\/en\/wp-json\/wp\/v2\/posts\/178870\/revisions\/178874"}],"wp:featuredmedia":[{"embeddable":true,"href":"https:\/\/serbiantimes.info\/en\/wp-json\/"}],"wp:attachment":[{"href":"https:\/\/serbiantimes.info\/en\/wp-json\/wp\/v2\/media?parent=178870"}],"wp:term":[{"taxonomy":"category","embeddable":true,"href":"https:\/\/serbiantimes.info\/en\/wp-json\/wp\/v2\/categories?post=178870"},{"taxonomy":"post_tag","embeddable":true,"href":"https:\/\/serbiantimes.info\/en\/wp-json\/wp\/v2\/tags?post=178870"}],"curies":[{"name":"wp","href":"https:\/\/api.w.org\/{rel}","templated":true}]}}