{"id":178806,"date":"2025-05-30T11:57:29","date_gmt":"2025-05-30T09:57:29","guid":{"rendered":"https:\/\/serbiantimes.info\/en\/?p=178806"},"modified":"2025-05-30T11:57:30","modified_gmt":"2025-05-30T09:57:30","slug":"serbian-rowers-in-european-championship-final-heres-when-mackovic-and-pimenov-will-compete-for-medals","status":"publish","type":"post","link":"https:\/\/serbiantimes.info\/en\/serbian-rowers-in-european-championship-final-heres-when-mackovic-and-pimenov-will-compete-for-medals\/","title":{"rendered":"SERBIAN ROWERS IN EUROPEAN CHAMPIONSHIP FINAL: Here&#8217;s when Ma\u010dkovi\u0107 and Pimenov will compete for medals!"},"content":{"rendered":"\n<p><strong><em>Martin Ma\u010dkovi\u0107 and Nikolaj Pimenov have qualified for the men&#8217;s double sculls final.<\/em><\/strong><\/p>\n\n\n\n<p>Our rowers secured third place in their semifinal race with a time of 6:06.50!<\/p>\n\n\n\n<p>The final is scheduled for Saturday, May 31st, at 11:40 AM.<\/p>\n\n\n\n<p>The European Rowing Championships are being held from May 29th to June 1st in Plovdiv, Bulgaria.<\/p>\n\n\n\n<p>Looking for more news on Rowing? In our Water Sports section, you&#8217;ll find all the latest and most important information, as well as many interesting facts. Whether you&#8217;re a sports fanatic or just curious about the clubs and competitors you support, you&#8217;ll find the answers to all your questions on B92.sport. Football, basketball, tennis, Novak \u0110okovi\u0107, Nikola Joki\u0107, Partizan, Crvena zvezda are just some of the topics we write about daily.<\/p>\n\n\n\n<h4 class=\"wp-block-heading\"><mark style=\"background-color:#FFFFFF;color:#d21414\" class=\"has-inline-color\">MORE TOPICS:<\/mark><\/h4>\n\n\n\n<p><strong><a href=\"https:\/\/serbiantimes.info\/en\/explosion-in-krusik-incident-in-the-primer-plant-of-the-valjevo-arms-factory-injuries-reported\/\" target=\"_blank\" rel=\"noopener\" title=\"\">EXPLOSION IN KRU\u0160IK: Incident in the primer plant of the Valjevo arms factory, injuries reported!<\/a><\/strong><\/p>\n\n\n\n<p><strong><a href=\"https:\/\/serbiantimes.info\/en\/shameful-attack-on-orthodoxy-egypt-seizes-worlds-oldest-monastery-from-greek-church\/\" target=\"_blank\" rel=\"noopener\" title=\"\">SHAMEFUL ATTACK ON ORTHODOXY: Egypt seizes world\u2019s oldest monastery from Greek church!<\/a><\/strong><\/p>\n\n\n\n<p><strong><a href=\"https:\/\/serbiantimes.info\/en\/love-greater-than-the-ocean-federico-decided-to-leave-everything-in-mexico-to-live-with-marija-in-uzice\/\" target=\"_blank\" rel=\"noopener\" title=\"\">LOVE GREATER THAN THE OCEAN: Federico decided to leave everything in Mexico to live with Marija in U\u017eice!<\/a><\/strong><\/p>\n\n\n\n<p><strong><a href=\"https:\/\/serbiantimes.info\/en\/first-serbian-woman-with-a-pen-in-hand-three-forgotten-lives-of-the-incredible-eustahija-arsic-photo\/\" target=\"_blank\" rel=\"noopener\" title=\"\">FIRST SERBIAN WOMAN WITH A PEN IN HAND: Three forgotten lives of the incredible Eustahija Arsi\u0107! (PHOTO)<\/a><\/strong><\/p>\n\n\n\n<p><strong><a href=\"https:\/\/serbiantimes.info\/en\/the-only-serbian-general-of-the-red-army-lenin-personally-thanked-him-and-stalin-was-the-death-of-him-photo\/\" target=\"_blank\" rel=\"noopener\" title=\"\">THE ONLY SERBIAN GENERAL OF THE RED ARMY: Lenin personally thanked him, and Stalin was the death of him! (PHOTO)<\/a><\/strong><\/p>\n\n\n\n<p><strong>Source<\/strong>: B92, <strong>Photo<\/strong>:<\/p>\n","protected":false},"excerpt":{"rendered":"<p>Martin Ma\u010dkovi\u0107 and Nikolaj Pimenov have qualified for the men&#8217;s double sculls final. Our rowers secured third place in their semifinal race with a time of 6:06.50! The final is scheduled for Saturday, May 31st, at 11:40 AM. The European Rowing Championships are being held from May 29th to June 1st in Plovdiv, Bulgaria. Looking [&hellip;]<\/p>\n","protected":false},"author":2169,"featured_media":178807,"comment_status":"open","ping_status":"open","sticky":false,"template":"","format":"standard","meta":{"newspack_featured_image_position":"","newspack_post_subtitle":"","newspack_article_summary_title":"Overview:","newspack_article_summary":"","newspack_hide_updated_date":false,"newspack_show_updated_date":false,"footnotes":""},"categories":[10],"tags":[2391,6775,6776,91,113,6777,6778],"class_list":["post-178806","post","type-post","status-publish","format-standard","has-post-thumbnail","hentry","category-sport","tag-evropsko-prvenstvo","tag-martin-mackovic","tag-nikolaj-pimenov","tag-sport","tag-srbija","tag-veslaci","tag-veslanje","entry"],"aioseo_notices":[],"distributor_meta":false,"distributor_terms":false,"distributor_media":false,"distributor_original_site_name":"Serbiantimes.info EN","distributor_original_site_url":"https:\/\/serbiantimes.info\/en","push-errors":false,"_links":{"self":[{"href":"https:\/\/serbiantimes.info\/en\/wp-json\/wp\/v2\/posts\/178806","targetHints":{"allow":["GET"]}}],"collection":[{"href":"https:\/\/serbiantimes.info\/en\/wp-json\/wp\/v2\/posts"}],"about":[{"href":"https:\/\/serbiantimes.info\/en\/wp-json\/wp\/v2\/types\/post"}],"author":[{"embeddable":true,"href":"https:\/\/serbiantimes.info\/en\/wp-json\/wp\/v2\/users\/2169"}],"replies":[{"embeddable":true,"href":"https:\/\/serbiantimes.info\/en\/wp-json\/wp\/v2\/comments?post=178806"}],"version-history":[{"count":1,"href":"https:\/\/serbiantimes.info\/en\/wp-json\/wp\/v2\/posts\/178806\/revisions"}],"predecessor-version":[{"id":178808,"href":"https:\/\/serbiantimes.info\/en\/wp-json\/wp\/v2\/posts\/178806\/revisions\/178808"}],"wp:featuredmedia":[{"embeddable":true,"href":"https:\/\/serbiantimes.info\/en\/wp-json\/wp\/v2\/media\/178807"}],"wp:attachment":[{"href":"https:\/\/serbiantimes.info\/en\/wp-json\/wp\/v2\/media?parent=178806"}],"wp:term":[{"taxonomy":"category","embeddable":true,"href":"https:\/\/serbiantimes.info\/en\/wp-json\/wp\/v2\/categories?post=178806"},{"taxonomy":"post_tag","embeddable":true,"href":"https:\/\/serbiantimes.info\/en\/wp-json\/wp\/v2\/tags?post=178806"}],"curies":[{"name":"wp","href":"https:\/\/api.w.org\/{rel}","templated":true}]}}