{"id":178262,"date":"2025-05-22T21:12:19","date_gmt":"2025-05-22T19:12:19","guid":{"rendered":"https:\/\/serbiantimes.info\/en\/?p=178262"},"modified":"2025-05-22T21:12:20","modified_gmt":"2025-05-22T19:12:20","slug":"no-question-of-dismissal-dacic-reveals-novi-sad-police-chief-transferred-to-new-duty","status":"publish","type":"post","link":"https:\/\/serbiantimes.info\/en\/no-question-of-dismissal-dacic-reveals-novi-sad-police-chief-transferred-to-new-duty\/","title":{"rendered":"&#8220;NO QUESTION OF DISMISSAL&#8221;: Da\u010di\u0107 Reveals Novi Sad Police Chief Transferred to New Duty!"},"content":{"rendered":"\n<p>&#8220;NO QUESTION OF DISMISSAL&#8221;: Da\u010di\u0107 Reveals Novi Sad Police Chief Transferred to New Duty!<\/p>\n\n\n\n<p>Minister of Internal Affairs Ivica Da\u010di\u0107 announced that Goran Radonji\u0107, the former head of the Police Administration in Novi Sad, has been assigned to the position of Assistant Chief of the Command Operations Center at the Ministry&#8217;s headquarters.<\/p>\n\n\n\n<p>&#8220;Regarding various false and malicious interpretations and attacks on the Ministry of Internal Affairs and the police, I want to say that within the Police Directorate, specifically after the appointment of the police director, a series of changes in the organizational structure and personnel solutions in certain administrations have occurred and are occurring,&#8221; Minister Da\u010di\u0107 stated, as conveyed in a Ministry of Internal Affairs press release.<\/p>\n\n\n\n<p>Da\u010di\u0107 further specified that changes occurred in three regional police administrations, as well as in one administration at the Ministry&#8217;s headquarters and the Internal Control Sector.<\/p>\n\n\n\n<p>Regarding Novi Sad, the minister said that, in accordance with an earlier agreement, the former head of the Police Administration in that city has been assigned to the position of Assistant Chief of the Command Operations Center at the Police Directorate&#8217;s headquarters in Belgrade.<\/p>\n\n\n\n<h4 class=\"wp-block-heading\"><mark style=\"background-color:#FFFFFF;color:#d21414\" class=\"has-inline-color\">FIND OUT MORE: <\/mark><\/h4>\n\n\n\n<iframe loading=\"lazy\" src=\"https:\/\/www.facebook.com\/plugins\/post.php?href=https%3A%2F%2Fwww.facebook.com%2Fserbiantimes%2Fposts%2Fpfbid02tvNwamtb5BB4x4ZNRWkZjdV4CVAkrwxDNyNAMH6qrcrxQpPyT1VZGZiA97pdsf5hl&#038;show_text=true&#038;width=500\" width=\"500\" height=\"673\" style=\"border:none;overflow:hidden\" scrolling=\"no\" frameborder=\"0\" allowfullscreen=\"true\" allow=\"autoplay; clipboard-write; encrypted-media; picture-in-picture; web-share\"><\/iframe>\n\n\n\n<h2 class=\"wp-block-heading\">No Dismissal, But a New Role<\/h2>\n\n\n\n<p>&#8220;There is absolutely no talk of any dismissal, and especially not of a dismissal after certain events and interventions concerning individual participants in gatherings,&#8221; Minister Da\u010di\u0107 emphasized.<\/p>\n\n\n\n<p>He stated that today all opposition leaders are allegedly lamenting the supposed dismissal of Goran Radonji\u0107, despite having called for his removal from day one, while Da\u010di\u0107 himself, it was noted, had always defended him from their attacks until now.<\/p>\n\n\n\n<p>&#8220;This shows how hypocritical their accusations are. This is not about any dismissals. This is about taking on a new position located here in Belgrade at the headquarters of the Ministry of Internal Affairs, specifically the Police Directorate,&#8221; Minister Da\u010di\u0107 said.<\/p>\n\n\n\n<h4 class=\"wp-block-heading\"><mark style=\"background-color:#FFFFFF;color:#d21414\" class=\"has-inline-color\">MORE TOPICS:<\/mark><\/h4>\n\n\n\n<p><strong><a href=\"https:\/\/serbiantimes.info\/en\/bad-news-for-biden-former-president-diagnosed-with-progressive-prostate-cancer-spread-to-bones\/\" target=\"_blank\" rel=\"noopener\" title=\"\">BAD NEWS FOR BIDEN: Former president diagnosed with progressive prostate cancer, spread to bones!<\/a><\/strong><\/p>\n\n\n\n<p><a href=\"https:\/\/serbiantimes.info\/en\/horror-in-arilje-abuser-beat-and-threw-his-ex-from-the-balcony-then-pushed-a-neighbor-down-the-stairs\/\" target=\"_blank\" rel=\"noopener\" title=\"\"><strong>HORROR IN ARILJE: Abuser beat and threw his ex from the balcony, then pushed a neighbor down the stairs!<\/strong><\/a><\/p>\n\n\n\n<p><strong><a href=\"https:\/\/serbiantimes.info\/en\/oklahoma-dashed-denvers-dreams-jokic-and-the-nuggets-remain-without-the-western-conference-finals-defeated-in-game-7-video\/\" target=\"_blank\" rel=\"noopener\" title=\"\">OKLAHOMA DASHED DENVER\u2019S DREAMS: Joki\u0107 and the Nuggets remain without the Western Conference Finals, defeated in game 7! (VIDEO)<\/a><\/strong><\/p>\n\n\n\n<p><strong><a href=\"https:\/\/serbiantimes.info\/en\/mysterious-miss-v-how-a-wealthy-canadian-woman-ended-up-fighting-for-serbia-in-wwi-photo\/\" target=\"_blank\" rel=\"noopener\" title=\"\">MYSTERIOUS MISS V: How a wealthy Canadian woman ended up fighting for Serbia in WWI! (PHOTO)<\/a><\/strong><\/p>\n\n\n\n<p><strong><a href=\"https:\/\/serbiantimes.info\/en\/wonderful-roman-bridge-on-golija-30000-eggs-were-needed-to-build-this-monument-photo\/\" target=\"_blank\" rel=\"noopener\" title=\"\">WONDERFUL ROMAN BRIDGE ON GOLIJA: 30,000 eggs were needed to build this monument! (PHOTO)<\/a><\/strong><\/p>\n\n\n\n<p><strong>Source<\/strong><strong>:&nbsp;<\/strong>N1, <strong>Foto: <\/strong>Milos Tesic \/ ATAImages<\/p>\n","protected":false},"excerpt":{"rendered":"<p>&#8220;NO QUESTION OF DISMISSAL&#8221;: Da\u010di\u0107 Reveals Novi Sad Police Chief Transferred to New Duty! Minister of Internal Affairs Ivica Da\u010di\u0107 announced that Goran Radonji\u0107, the former head of the Police Administration in Novi Sad, has been assigned to the position of Assistant Chief of the Command Operations Center at the Ministry&#8217;s headquarters. &#8220;Regarding various false [&hellip;]<\/p>\n","protected":false},"author":2169,"featured_media":178263,"comment_status":"open","ping_status":"open","sticky":false,"template":"","format":"standard","meta":{"newspack_featured_image_position":"","newspack_post_subtitle":"","newspack_article_summary_title":"Overview:","newspack_article_summary":"","newspack_hide_updated_date":false,"newspack_show_updated_date":false,"footnotes":""},"categories":[7],"tags":[6642,2822,477,6643,806,113],"class_list":["post-178262","post","type-post","status-publish","format-standard","has-post-thumbnail","hentry","category-serbia","tag-goran-radonjic","tag-ivica-dacic","tag-mup","tag-nacelnik-policije","tag-novi-sad","tag-srbija","entry"],"aioseo_notices":[],"distributor_meta":false,"distributor_terms":false,"distributor_media":false,"distributor_original_site_name":"Serbiantimes.info EN","distributor_original_site_url":"https:\/\/serbiantimes.info\/en","push-errors":false,"_links":{"self":[{"href":"https:\/\/serbiantimes.info\/en\/wp-json\/wp\/v2\/posts\/178262","targetHints":{"allow":["GET"]}}],"collection":[{"href":"https:\/\/serbiantimes.info\/en\/wp-json\/wp\/v2\/posts"}],"about":[{"href":"https:\/\/serbiantimes.info\/en\/wp-json\/wp\/v2\/types\/post"}],"author":[{"embeddable":true,"href":"https:\/\/serbiantimes.info\/en\/wp-json\/wp\/v2\/users\/2169"}],"replies":[{"embeddable":true,"href":"https:\/\/serbiantimes.info\/en\/wp-json\/wp\/v2\/comments?post=178262"}],"version-history":[{"count":2,"href":"https:\/\/serbiantimes.info\/en\/wp-json\/wp\/v2\/posts\/178262\/revisions"}],"predecessor-version":[{"id":178284,"href":"https:\/\/serbiantimes.info\/en\/wp-json\/wp\/v2\/posts\/178262\/revisions\/178284"}],"wp:featuredmedia":[{"embeddable":true,"href":"https:\/\/serbiantimes.info\/en\/wp-json\/wp\/v2\/media\/178263"}],"wp:attachment":[{"href":"https:\/\/serbiantimes.info\/en\/wp-json\/wp\/v2\/media?parent=178262"}],"wp:term":[{"taxonomy":"category","embeddable":true,"href":"https:\/\/serbiantimes.info\/en\/wp-json\/wp\/v2\/categories?post=178262"},{"taxonomy":"post_tag","embeddable":true,"href":"https:\/\/serbiantimes.info\/en\/wp-json\/wp\/v2\/tags?post=178262"}],"curies":[{"name":"wp","href":"https:\/\/api.w.org\/{rel}","templated":true}]}}