{"id":178190,"date":"2025-05-22T01:58:58","date_gmt":"2025-05-21T23:58:58","guid":{"rendered":"https:\/\/serbiantimes.info\/en\/?p=178190"},"modified":"2025-05-22T01:58:59","modified_gmt":"2025-05-21T23:58:59","slug":"serbian-orthodox-church-launches-podcast-priests-discuss-color-revolution-in-first-episode-video","status":"publish","type":"post","link":"https:\/\/serbiantimes.info\/en\/serbian-orthodox-church-launches-podcast-priests-discuss-color-revolution-in-first-episode-video\/","title":{"rendered":"SERBIAN ORTHODOX CHURCH LAUNCHES PODCAST: Priests Discuss &#8220;Colored Revolution&#8221; in First Episode! (VIDEO)"},"content":{"rendered":"\n<p>The Archdiocese of Belgrade-Karlovci of the Serbian Orthodox Church (SPC) has launched a podcast, with its first episode titled &#8220;Color Revolution or Media Attacks on the Church,&#8221; now available on YouTube.<\/p>\n\n\n\n<p>The podcasts will feature lay experts in various fields of science and social life, alongside priests and theologians, the SPC Information Service announced.<\/p>\n\n\n\n<p>In the first episode, guests of Rev. Stevan Jovanovi\u0107 include protopresbyter-stavrophor Velibor D\u017eomi\u0107, a professor at the Faculty of Law in Kragujevac, and Vladimir Vuleti\u0107, a professor at the Faculty of Philosophy in Belgrade.<\/p>\n\n\n\n<figure class=\"wp-block-embed is-type-video is-provider-youtube wp-block-embed-youtube wp-embed-aspect-16-9 wp-has-aspect-ratio\"><div class=\"wp-block-embed__wrapper\">\n<iframe loading=\"lazy\" title=\"\u041e\u0431\u043e\u0458\u0435\u043d\u0430 \u0440\u0435\u0432\u043e\u043b\u0443\u0446\u0438\u0458\u0430 - \u0438\u043b\u0438 \u043c\u0435\u0434\u0438\u0458\u0441\u043a\u0438 \u043d\u0430\u043f\u0430\u0434\u0438 \u043d\u0430 \u0426\u0440\u043a\u0432\u0443\" width=\"500\" height=\"281\" src=\"https:\/\/www.youtube.com\/embed\/ZM7EfEbO-1w?feature=oembed\" frameborder=\"0\" allow=\"accelerometer; autoplay; clipboard-write; encrypted-media; gyroscope; picture-in-picture; web-share\" referrerpolicy=\"strict-origin-when-cross-origin\" allowfullscreen><\/iframe>\n<\/div><\/figure>\n\n\n\n<p>The podcast was launched, it states, to advance the Church&#8217;s mission through &#8220;various forms of media creativity to preserve a way of life based on Christ&#8217;s teaching.&#8221;<\/p>\n\n\n\n<p>This is necessitated, as stated, by &#8220;the dynamics of events within the Serbian people across their entire living space, as well as in society in general, alongside the revision of not only historical facts but also democratic institutions and representative democracy by relics from totalitarian systems of the last century, along with technical and technological changes, the imposition of cancel culture, gender, and similar ideologies and political practices.&#8221;<\/p>\n\n\n\n<h4 class=\"wp-block-heading\"><mark style=\"background-color:#FFFFFF;color:#d21414\" class=\"has-inline-color\">MORE TOPICS:<\/mark><\/h4>\n\n\n\n<p><strong><a href=\"https:\/\/serbiantimes.info\/en\/bad-news-for-biden-former-president-diagnosed-with-progressive-prostate-cancer-spread-to-bones\/\" target=\"_blank\" rel=\"noopener\" title=\"\">BAD NEWS FOR BIDEN: Former president diagnosed with progressive prostate cancer, spread to bones!<\/a><\/strong><\/p>\n\n\n\n<p><a href=\"https:\/\/serbiantimes.info\/en\/horror-in-arilje-abuser-beat-and-threw-his-ex-from-the-balcony-then-pushed-a-neighbor-down-the-stairs\/\" target=\"_blank\" rel=\"noopener\" title=\"\"><strong>HORROR IN ARILJE: Abuser beat and threw his ex from the balcony, then pushed a neighbor down the stairs!<\/strong><\/a><\/p>\n\n\n\n<p><strong><a href=\"https:\/\/serbiantimes.info\/en\/oklahoma-dashed-denvers-dreams-jokic-and-the-nuggets-remain-without-the-western-conference-finals-defeated-in-game-7-video\/\" target=\"_blank\" rel=\"noopener\" title=\"\">OKLAHOMA DASHED DENVER\u2019S DREAMS: Joki\u0107 and the Nuggets remain without the Western Conference Finals, defeated in game 7! (VIDEO)<\/a><\/strong><\/p>\n\n\n\n<p><strong><a href=\"https:\/\/serbiantimes.info\/en\/mysterious-miss-v-how-a-wealthy-canadian-woman-ended-up-fighting-for-serbia-in-wwi-photo\/\" target=\"_blank\" rel=\"noopener\" title=\"\">MYSTERIOUS MISS V: How a wealthy Canadian woman ended up fighting for Serbia in WWI! (PHOTO)<\/a><\/strong><\/p>\n\n\n\n<p><strong><a href=\"https:\/\/serbiantimes.info\/en\/wonderful-roman-bridge-on-golija-30000-eggs-were-needed-to-build-this-monument-photo\/\" target=\"_blank\" rel=\"noopener\" title=\"\">WONDERFUL ROMAN BRIDGE ON GOLIJA: 30,000 eggs were needed to build this monument! (PHOTO)<\/a><\/strong><\/p>\n\n\n\n<p><strong>Izvor<\/strong><strong>:\u00a0<\/strong>Nova.rs, <strong>Foto:<\/strong> Printscreen Youtube<\/p>\n\n\n\n<p><\/p>\n","protected":false},"excerpt":{"rendered":"<p>The Archdiocese of Belgrade-Karlovci of the Serbian Orthodox Church (SPC) has launched a podcast, with its first episode titled &#8220;Color Revolution or Media Attacks on the Church,&#8221; now available on YouTube. The podcasts will feature lay experts in various fields of science and social life, alongside priests and theologians, the SPC Information Service announced. In [&hellip;]<\/p>\n","protected":false},"author":2169,"featured_media":178191,"comment_status":"open","ping_status":"open","sticky":false,"template":"","format":"standard","meta":{"newspack_featured_image_position":"","newspack_post_subtitle":"","newspack_article_summary_title":"Overview:","newspack_article_summary":"","newspack_hide_updated_date":false,"newspack_show_updated_date":false,"footnotes":""},"categories":[7],"tags":[5318,876,674,401,113,2243,2490,15],"class_list":["post-178190","post","type-post","status-publish","format-standard","has-post-thumbnail","hentry","category-serbia","tag-obojena-revolucija","tag-politika","tag-protesti","tag-spc","tag-srbija","tag-srpska-pravoslavna-crkva","tag-studenti","tag-video","entry"],"aioseo_notices":[],"distributor_meta":false,"distributor_terms":false,"distributor_media":false,"distributor_original_site_name":"Serbiantimes.info EN","distributor_original_site_url":"https:\/\/serbiantimes.info\/en","push-errors":false,"_links":{"self":[{"href":"https:\/\/serbiantimes.info\/en\/wp-json\/wp\/v2\/posts\/178190","targetHints":{"allow":["GET"]}}],"collection":[{"href":"https:\/\/serbiantimes.info\/en\/wp-json\/wp\/v2\/posts"}],"about":[{"href":"https:\/\/serbiantimes.info\/en\/wp-json\/wp\/v2\/types\/post"}],"author":[{"embeddable":true,"href":"https:\/\/serbiantimes.info\/en\/wp-json\/wp\/v2\/users\/2169"}],"replies":[{"embeddable":true,"href":"https:\/\/serbiantimes.info\/en\/wp-json\/wp\/v2\/comments?post=178190"}],"version-history":[{"count":2,"href":"https:\/\/serbiantimes.info\/en\/wp-json\/wp\/v2\/posts\/178190\/revisions"}],"predecessor-version":[{"id":178218,"href":"https:\/\/serbiantimes.info\/en\/wp-json\/wp\/v2\/posts\/178190\/revisions\/178218"}],"wp:featuredmedia":[{"embeddable":true,"href":"https:\/\/serbiantimes.info\/en\/wp-json\/wp\/v2\/media\/178191"}],"wp:attachment":[{"href":"https:\/\/serbiantimes.info\/en\/wp-json\/wp\/v2\/media?parent=178190"}],"wp:term":[{"taxonomy":"category","embeddable":true,"href":"https:\/\/serbiantimes.info\/en\/wp-json\/wp\/v2\/categories?post=178190"},{"taxonomy":"post_tag","embeddable":true,"href":"https:\/\/serbiantimes.info\/en\/wp-json\/wp\/v2\/tags?post=178190"}],"curies":[{"name":"wp","href":"https:\/\/api.w.org\/{rel}","templated":true}]}}