{"id":177914,"date":"2025-05-17T21:36:58","date_gmt":"2025-05-17T19:36:58","guid":{"rendered":"https:\/\/serbiantimes.info\/en\/?p=177914"},"modified":"2025-05-17T22:01:46","modified_gmt":"2025-05-17T20:01:46","slug":"gathering-symbolizes-unity-major-student-protest-begins-in-subotica-this-is-the-main-message","status":"publish","type":"post","link":"https:\/\/serbiantimes.info\/en\/gathering-symbolizes-unity-major-student-protest-begins-in-subotica-this-is-the-main-message\/","title":{"rendered":"GATHERING SYMBOLIZES UNITY: Major Student Protest Begins in Subotica, This is the Main Message!"},"content":{"rendered":"\n<p><strong><em>Under the slogan &#8220;The North Calls,&#8221; a protest gathering of students in blockade from various parts of Serbia will be held in Subotica today. They arrived in the north of the country last night and spent the night at the blockaded faculties and higher education institutions in Subotica.<\/em><\/strong><\/p>\n\n\n\n<p>Students are expected to arrive from the faculties to the city center around 2 PM, marking the beginning of events that will last for the next 12 hours at several city locations.<\/p>\n\n\n\n<p>The protest in Subotica should symbolize the unity of the citizens of Serbia in the fight for freedom and justice, without divisions based on nationality, religion, or race, the organizers announced.<\/p>\n\n\n\n<p>An exhibition of banners from the protests will be set up in Ferenc Raichle Park, where actors from three Subotica theaters, with the support of colleagues from other cultural institutions, will have their &#8220;Cool Tour&#8221; point. An exhibition titled &#8220;All Victims of the System&#8221; will be opened in the Square of the Victims of Fascism, while a humanitarian photo shoot with a large model of a pump will be held near Emperor Jovan Nenad Square.<\/p>\n\n\n\n<p>Speakers on the main stage in the center of Subotica are announced for around 7 PM this evening, after which there will be 16 minutes of silence in memory of the victims in Novi Sad.<\/p>\n\n\n\n<p>Following that, there will be noise, then a concert by &#8220;Beogradski sindikat&#8221; at 11 PM, fireworks at midnight, and a DJ performance until 2 AM.<\/p>\n\n\n\n<p>Streets in the wider city center will be blocked by tractors during the gathering of students and citizens.<\/p>\n\n\n\n<p><strong>SOURCE: <\/strong>RTS, <strong>Photo: <\/strong>FONET \/ r.tomic<\/p>\n\n\n\n<h3 class=\"wp-block-heading\">MORE TOPICS:<\/h3>\n\n\n\n<p><strong><a href=\"https:\/\/serbiantimes.info\/en\/vucic-threatens-students-from-nis-no-more-of-your-demands-im-not-interested-thats-the-end-of-the-story-video\/\" title=\"\">VU\u010cI\u0106 THREATENS STUDENTS FROM NI\u0160: \u201cNo More of Your Demands, I\u2019m Not Interested, That\u2019s the End of the Story!\u201d (VIDEO)<\/a><\/strong><\/p>\n\n\n\n<p><strong><a href=\"https:\/\/serbiantimes.info\/en\/citizens-wont-give-up-beaches-investor-of-belgrade-waterfront-gave-up-on-construction-in-montenegro-after-major-protests\/\" title=\"\">CITIZENS WON\u2019T GIVE UP BEACHES: Investor of \u2018Belgrade Waterfront\u2019 Gave Up on Construction in Montenegro After Major Protests!<\/a><\/strong><\/p>\n\n\n\n<p><strong><a href=\"https:\/\/serbiantimes.info\/en\/unusual-crime-in-slovenia-melania-trump-statue-stolen-thieves-cut-and-take-away-american-artists-work\/\" title=\"\">UNUSUAL CRIME IN SLOVENIA: Melania Trump Statue Stolen, Thieves Cut and Take Away American Artist\u2019s Work!<\/a><\/strong><\/p>\n\n\n\n<p><strong><a href=\"https:\/\/serbiantimes.info\/en\/talks-in-istanbul-concluded-ukraine-and-russia-will-exchange-1000-prisoners-each-photo\/\" title=\"\">TALKS IN ISTANBUL CONCLUDED: Ukraine and Russia Will Exchange 1,000 Prisoners Each! (PHOTO)<\/a><\/strong><\/p>\n\n\n\n<p><strong><a href=\"https:\/\/serbiantimes.info\/en\/bishop-grigorije-underwent-surgery-in-belgrade-his-office-announces-his-condition\/\" title=\"\">BISHOP GRIGORIJE UNDERWENT SURGERY IN BELGRADE: His Office Announces His Condition!<\/a><\/strong><\/p>\n\n\n\n<p><strong><a href=\"https:\/\/serbiantimes.info\/en\/im-going-to-f-his-mother-now-clash-between-police-and-serbian-presidents-security-on-the-way-to-nis-video\/\" title=\"\">\u201cI\u2019M GOING TO F* HIS MOTHER NOW!\u201d: Clash Between Police and Serbian President\u2019s Security on the Way to Ni\u0161! (VIDEO)**<\/a><\/strong><\/p>\n\n\n\n<p><strong><a href=\"https:\/\/serbiantimes.info\/en\/that-is-our-ideal-vucic-announces-in-nis-that-he-will-build-cacilends-everywhere-in-serbia\/\" title=\"\">\u201cTHAT IS OUR IDEAL\u201d: Vu\u010di\u0107 Announces in Ni\u0161 That He Will Build \u201c\u0106acilends\u201d Everywhere in Serbia<\/a><\/strong><\/p>\n","protected":false},"excerpt":{"rendered":"<p>Under the slogan &#8220;The North Calls,&#8221; a protest gathering of students in blockade from various parts of Serbia will be held in Subotica today. They arrived in the north of the country last night and spent the night at the blockaded faculties and higher education institutions in Subotica. Students are expected to arrive from the [&hellip;]<\/p>\n","protected":false},"author":8,"featured_media":100000183165,"comment_status":"open","ping_status":"open","sticky":false,"template":"","format":"standard","meta":{"newspack_featured_image_position":"","newspack_post_subtitle":"","newspack_article_summary_title":"Overview:","newspack_article_summary":"","newspack_hide_updated_date":false,"newspack_show_updated_date":false,"footnotes":""},"categories":[7],"tags":[642,1633,4517],"class_list":["post-177914","post","type-post","status-publish","format-standard","has-post-thumbnail","hentry","category-serbia","tag-protest","tag-students","tag-subotica","entry"],"aioseo_notices":[],"distributor_meta":false,"distributor_terms":false,"distributor_media":false,"distributor_original_site_name":"Serbiantimes.info EN","distributor_original_site_url":"https:\/\/serbiantimes.info\/en","push-errors":false,"_links":{"self":[{"href":"https:\/\/serbiantimes.info\/en\/wp-json\/wp\/v2\/posts\/177914","targetHints":{"allow":["GET"]}}],"collection":[{"href":"https:\/\/serbiantimes.info\/en\/wp-json\/wp\/v2\/posts"}],"about":[{"href":"https:\/\/serbiantimes.info\/en\/wp-json\/wp\/v2\/types\/post"}],"author":[{"embeddable":true,"href":"https:\/\/serbiantimes.info\/en\/wp-json\/wp\/v2\/users\/8"}],"replies":[{"embeddable":true,"href":"https:\/\/serbiantimes.info\/en\/wp-json\/wp\/v2\/comments?post=177914"}],"version-history":[{"count":2,"href":"https:\/\/serbiantimes.info\/en\/wp-json\/wp\/v2\/posts\/177914\/revisions"}],"predecessor-version":[{"id":177934,"href":"https:\/\/serbiantimes.info\/en\/wp-json\/wp\/v2\/posts\/177914\/revisions\/177934"}],"wp:featuredmedia":[{"embeddable":true,"href":"https:\/\/serbiantimes.info\/en\/wp-json\/"}],"wp:attachment":[{"href":"https:\/\/serbiantimes.info\/en\/wp-json\/wp\/v2\/media?parent=177914"}],"wp:term":[{"taxonomy":"category","embeddable":true,"href":"https:\/\/serbiantimes.info\/en\/wp-json\/wp\/v2\/categories?post=177914"},{"taxonomy":"post_tag","embeddable":true,"href":"https:\/\/serbiantimes.info\/en\/wp-json\/wp\/v2\/tags?post=177914"}],"curies":[{"name":"wp","href":"https:\/\/api.w.org\/{rel}","templated":true}]}}