{"id":177903,"date":"2025-05-17T21:25:15","date_gmt":"2025-05-17T19:25:15","guid":{"rendered":"https:\/\/serbiantimes.info\/en\/?p=177903"},"modified":"2025-05-17T22:01:02","modified_gmt":"2025-05-17T20:01:02","slug":"eu-condemns-pristina-calls-on-kosovo-authorities-to-stop-closing-serbian-institutions","status":"publish","type":"post","link":"https:\/\/serbiantimes.info\/en\/eu-condemns-pristina-calls-on-kosovo-authorities-to-stop-closing-serbian-institutions\/","title":{"rendered":"EU CONDEMNS PRISTINA: Calls on Kosovo Authorities to Stop Closing Serbian Institutions!"},"content":{"rendered":"\n<p><strong><em>The European Union today condemned the unilateral actions of the Kosovo authorities against public services in the north of Kosovo and called on them to stop these actions, to show restraint, and to avoid measures that contribute to the escalation of tensions.<\/em><\/strong><\/p>\n\n\n\n<p>After the Kosovo police entered the water supply facility in Zubin Potok and the building of the branch of the Serbian National Employment Service in North Mitrovica, the EU spokesperson stated that &#8220;unilateral and uncoordinated actions undermine efforts to build trust between communities.&#8221;<\/p>\n\n\n\n<p>&#8220;Recent operations by Kosovo police, searches and closures of public services in Kosovo could increase tensions, negatively affect the daily lives of local communities and undermine Kosovo&#8217;s international standing. We call on outgoing Prime Minister Albin Kurti and the Kosovo authorities to stop these closures, to show restraint and to avoid escalatory measures,&#8221; the EU spokesperson said in a written statement. It added that the EU is &#8220;particularly concerned&#8221; about operations targeting the Ibar Water Company in North Mitrovica and the water supply and public utility company in Zubin Potok, which provide essential public services to communities living in the north of Kosovo.<\/p>\n\n\n\n<p><strong>Kosovo police today blocked the entrance to the building of the branch of the Serbian National Employment Service in North Mitrovica and removed the signs with names above the entrance to the building and the Serbian flag. Yesterday, Kosovo police entered the water supply facility in Zubin Potok and conducted a search, and before that, they closed the premises of the Institution for Sports, Youth and Specialized Services in North Mitrovica.<\/strong><\/p>\n\n\n\n<p>The EU spokesperson also stated that both Kosovo and Serbia are called upon to engage constructively, without further delay or preconditions, in the implementation of the Agreement on the Road to Normalization and its Implementation Annex, as well as other agreements reached in the dialogue<sup><\/sup> under the auspices of the EU.<\/p>\n\n\n\n<p>&#8220;This includes the establishment of the Association of Serb-majority Municipalities. The normalization of relations is a key condition on the European path for both sides,&#8221; the EU spokesperson&#8217;s statement said.<\/p>\n\n\n\n<p><strong>Source: <\/strong>N1, <strong>Photo:<\/strong> Pixabay<\/p>\n\n\n\n<h3 class=\"wp-block-heading\">MORE TOPICS:<\/h3>\n\n\n\n<p><strong><a href=\"https:\/\/serbiantimes.info\/en\/vucic-threatens-students-from-nis-no-more-of-your-demands-im-not-interested-thats-the-end-of-the-story-video\/\" title=\"\">VU\u010cI\u0106 THREATENS STUDENTS FROM NI\u0160: \u201cNo More of Your Demands, I\u2019m Not Interested, That\u2019s the End of the Story!\u201d (VIDEO)<\/a><\/strong><\/p>\n\n\n\n<p><strong><a href=\"https:\/\/serbiantimes.info\/en\/citizens-wont-give-up-beaches-investor-of-belgrade-waterfront-gave-up-on-construction-in-montenegro-after-major-protests\/\" title=\"\">CITIZENS WON\u2019T GIVE UP BEACHES: Investor of \u2018Belgrade Waterfront\u2019 Gave Up on Construction in Montenegro After Major Protests!<\/a><\/strong><\/p>\n\n\n\n<p><strong><a href=\"https:\/\/serbiantimes.info\/en\/unusual-crime-in-slovenia-melania-trump-statue-stolen-thieves-cut-and-take-away-american-artists-work\/\" title=\"\">UNUSUAL CRIME IN SLOVENIA: Melania Trump Statue Stolen, Thieves Cut and Take Away American Artist\u2019s Work!<\/a><\/strong><\/p>\n\n\n\n<p><strong><a href=\"https:\/\/serbiantimes.info\/en\/talks-in-istanbul-concluded-ukraine-and-russia-will-exchange-1000-prisoners-each-photo\/\" title=\"\">TALKS IN ISTANBUL CONCLUDED: Ukraine and Russia Will Exchange 1,000 Prisoners Each! (PHOTO)<\/a><\/strong><\/p>\n\n\n\n<p><strong><a href=\"https:\/\/serbiantimes.info\/en\/bishop-grigorije-underwent-surgery-in-belgrade-his-office-announces-his-condition\/\" title=\"\">BISHOP GRIGORIJE UNDERWENT SURGERY IN BELGRADE: His Office Announces His Condition!<\/a><\/strong><\/p>\n\n\n\n<p><strong><a href=\"https:\/\/serbiantimes.info\/en\/im-going-to-f-his-mother-now-clash-between-police-and-serbian-presidents-security-on-the-way-to-nis-video\/\" title=\"\">\u201cI\u2019M GOING TO F* HIS MOTHER NOW!\u201d: Clash Between Police and Serbian President\u2019s Security on the Way to Ni\u0161! (VIDEO)**<\/a><\/strong><\/p>\n\n\n\n<p><strong><a href=\"https:\/\/serbiantimes.info\/en\/that-is-our-ideal-vucic-announces-in-nis-that-he-will-build-cacilends-everywhere-in-serbia\/\" title=\"\">\u201cTHAT IS OUR IDEAL\u201d: Vu\u010di\u0107 Announces in Ni\u0161 That He Will Build \u201c\u0106acilends\u201d Everywhere in Serbia<\/a><\/strong><\/p>\n","protected":false},"excerpt":{"rendered":"<p>The European Union today condemned the unilateral actions of the Kosovo authorities against public services in the north of Kosovo and called on them to stop these actions, to show restraint, and to avoid measures that contribute to the escalation of tensions. After the Kosovo police entered the water supply facility in Zubin Potok and [&hellip;]<\/p>\n","protected":false},"author":8,"featured_media":177140,"comment_status":"open","ping_status":"open","sticky":false,"template":"","format":"standard","meta":{"newspack_featured_image_position":"","newspack_post_subtitle":"","newspack_article_summary_title":"Overview:","newspack_article_summary":"","newspack_hide_updated_date":false,"newspack_show_updated_date":false,"footnotes":""},"categories":[7],"tags":[3206,370,109,6589],"class_list":["post-177903","post","type-post","status-publish","format-standard","has-post-thumbnail","hentry","category-serbia","tag-a-european-christmas","tag-european-union","tag-kosovo-i-metohija","tag-pristina-2","entry"],"aioseo_notices":[],"distributor_meta":false,"distributor_terms":false,"distributor_media":false,"distributor_original_site_name":"Serbiantimes.info EN","distributor_original_site_url":"https:\/\/serbiantimes.info\/en","push-errors":false,"_links":{"self":[{"href":"https:\/\/serbiantimes.info\/en\/wp-json\/wp\/v2\/posts\/177903","targetHints":{"allow":["GET"]}}],"collection":[{"href":"https:\/\/serbiantimes.info\/en\/wp-json\/wp\/v2\/posts"}],"about":[{"href":"https:\/\/serbiantimes.info\/en\/wp-json\/wp\/v2\/types\/post"}],"author":[{"embeddable":true,"href":"https:\/\/serbiantimes.info\/en\/wp-json\/wp\/v2\/users\/8"}],"replies":[{"embeddable":true,"href":"https:\/\/serbiantimes.info\/en\/wp-json\/wp\/v2\/comments?post=177903"}],"version-history":[{"count":2,"href":"https:\/\/serbiantimes.info\/en\/wp-json\/wp\/v2\/posts\/177903\/revisions"}],"predecessor-version":[{"id":177932,"href":"https:\/\/serbiantimes.info\/en\/wp-json\/wp\/v2\/posts\/177903\/revisions\/177932"}],"wp:featuredmedia":[{"embeddable":true,"href":"https:\/\/serbiantimes.info\/en\/wp-json\/wp\/v2\/media\/177140"}],"wp:attachment":[{"href":"https:\/\/serbiantimes.info\/en\/wp-json\/wp\/v2\/media?parent=177903"}],"wp:term":[{"taxonomy":"category","embeddable":true,"href":"https:\/\/serbiantimes.info\/en\/wp-json\/wp\/v2\/categories?post=177903"},{"taxonomy":"post_tag","embeddable":true,"href":"https:\/\/serbiantimes.info\/en\/wp-json\/wp\/v2\/tags?post=177903"}],"curies":[{"name":"wp","href":"https:\/\/api.w.org\/{rel}","templated":true}]}}