{"id":177827,"date":"2025-05-16T19:30:40","date_gmt":"2025-05-16T17:30:40","guid":{"rendered":"https:\/\/serbiantimes.info\/en\/?p=177827"},"modified":"2025-05-16T19:30:41","modified_gmt":"2025-05-16T17:30:41","slug":"tension-in-kosovska-mitrovica-police-raid-serbian-national-employment-service-premises-video","status":"publish","type":"post","link":"https:\/\/serbiantimes.info\/en\/tension-in-kosovska-mitrovica-police-raid-serbian-national-employment-service-premises-video\/","title":{"rendered":"TENSION IN KOSOVSKA MITROVICA: Police raid Serbian National Employment Service premises! (VIDEO)"},"content":{"rendered":"\n<p>While a protest was being held against the confiscation of the sports hall from Serbian children and youth, the Kosovo Police and plainclothes inspectors raided the premises of the National Employment Service of the Republic of Serbia in the northern part of Kosovska Mitrovica.<\/p>\n\n\n\n<p>As Euronews Serbia&#8217;s reporter states, at the time of the raid, employees of the institution were in the building. Along with the police and inspectors, municipal workers operating within the Kosovo system entered the premises and immediately changed the lock on the entrance door.<\/p>\n\n\n\n<blockquote class=\"twitter-tweet\"><p lang=\"und\" dir=\"ltr\">UKLONJENA SRPSKA ZASTAVA I TABLE NACIONALNE SLU\u017dBE ZA ZAPO\u0160LJAVANJE SRBIJE SA OBJEKTA U SEVERNOJ MITROVICI <br><br>U objektu su pripadnici Kosovske policije i inspekcije op\u0161tine Severna <a href=\"https:\/\/twitter.com\/hashtag\/Mitrovica?src=hash&amp;ref_src=twsrc%5Etfw\">#Mitrovica<\/a> <a href=\"https:\/\/twitter.com\/hashtag\/Kosovo?src=hash&amp;ref_src=twsrc%5Etfw\">#Kosovo<\/a> <a href=\"https:\/\/t.co\/oXRTbfJGWD\">pic.twitter.com\/oXRTbfJGWD<\/a><\/p>&mdash; AlternativnaInternetStranica (@AStranica) <a href=\"https:\/\/twitter.com\/AStranica\/status\/1923311638758805750?ref_src=twsrc%5Etfw\">May 16, 2025<\/a><\/blockquote> <script async src=\"https:\/\/platform.twitter.com\/widgets.js\" charset=\"utf-8\"><\/script>\n\n\n\n<p>Petar Petkovi\u0107, the Director of the Office for Kosovo and Metohija, also confirmed that the Kosovo police raided the National Employment Service in Kosovska Mitrovica today.<\/p>\n\n\n\n<p>&#8220;Kurti&#8217;s police officers are currently raiding the National Employment Service in Kosovska Mitrovica, on which tens of thousands of users depend. Kurti wants to persecute the Serbian people and incite conflict! EU officials, where are you and what are you doing at all!&#8221; Petkovi\u0107 stated on the X network.<\/p>\n\n\n\n<h4 class=\"wp-block-heading\"><mark style=\"background-color:#FFFFFF;color:#d21414\" class=\"has-inline-color\">FIND OUT MORE IN ENGLISH:<\/mark><\/h4>\n\n\n\n<iframe loading=\"lazy\" src=\"https:\/\/www.facebook.com\/plugins\/post.php?href=https%3A%2F%2Fwww.facebook.com%2Fserbiantimes%2Fposts%2Fpfbid02h6ePULnu85UXJPpgYrNi38CUL23dSFjiZZc5G78iuGH3FxJBVVVzePZwDYch1WhHl&#038;show_text=true&#038;width=500\" width=\"500\" height=\"250\" style=\"border:none;overflow:hidden\" scrolling=\"no\" frameborder=\"0\" allowfullscreen=\"true\" allow=\"autoplay; clipboard-write; encrypted-media; picture-in-picture; web-share\"><\/iframe>\n\n\n\n<h3 class=\"wp-block-heading\">Protest of Parents and Children<\/h3>\n\n\n\n<p>More than a hundred parents and children gathered today in front of the sports hall in the northern part of Kosovska Mitrovica, protesting against the violent raid by the Kosovo Police on this facility.<\/p>\n\n\n\n<p>The police closed the facility, preventing young Serbs from training in local sports clubs.<\/p>\n\n\n\n<blockquote class=\"twitter-tweet\"><p lang=\"und\" dir=\"ltr\">Protest ispred Sportske hale na kojoj je dan ranije op\u0161tina Severna Mitrovica zamenila brave <br><br>Me\u0111u okupljenima su deca, \u010dlanovi sportskih klubova, mladi sportisti, njihovi treneri&#8230; <a href=\"https:\/\/twitter.com\/hashtag\/Mitrovica?src=hash&amp;ref_src=twsrc%5Etfw\">#Mitrovica<\/a> <a href=\"https:\/\/twitter.com\/hashtag\/Kosovo?src=hash&amp;ref_src=twsrc%5Etfw\">#Kosovo<\/a> <a href=\"https:\/\/t.co\/QU8PglMCNH\">pic.twitter.com\/QU8PglMCNH<\/a><\/p>&mdash; AlternativnaInternetStranica (@AStranica) <a href=\"https:\/\/twitter.com\/AStranica\/status\/1923273492864135472?ref_src=twsrc%5Etfw\">May 16, 2025<\/a><\/blockquote> <script async src=\"https:\/\/platform.twitter.com\/widgets.js\" charset=\"utf-8\"><\/script>\n\n\n\n<p>The gathered demanded an end to the repression by the Pristina authorities and that they be allowed to engage in sports.<\/p>\n\n\n\n<p>Kosovo police officers and special police were deployed in front of the hall, and members of EULEX and the OSCE observed the gathering.<\/p>\n\n\n\n<h4 class=\"wp-block-heading\"><mark style=\"background-color:#FFFFFF;color:#d21414\" class=\"has-inline-color\">MORE TOPICS:<\/mark><\/h4>\n\n\n\n<p><strong><a href=\"https:\/\/serbiantimes.info\/en\/eagles-have-a-tough-road-serbia-learned-their-rivals-in-the-qualifiers-for-the-2027-mundobasket-photo\/\" target=\"_blank\" rel=\"noopener\" title=\"\">EAGLES HAVE A TOUGH ROAD: Serbia learned their rivals in the qualifiers for the 2027 Mundobasket! (PHOTO)<\/a><\/strong><\/p>\n\n\n\n<p><strong><a href=\"https:\/\/serbiantimes.info\/en\/we-have-exchanged-books-and-pencils-for-slogans-and-whistles-letter-from-serbian-high-school-students-submitted-to-the-european-parliament-in-brussels\/\" target=\"_blank\" rel=\"noopener\" title=\"\">\u201cWE HAVE EXCHANGED BOOKS AND PENCILS FOR SLOGANS AND WHISTLES\u201d: Letter from Serbian high school students submitted to the European Parliament in Brussels!<\/a><\/strong><\/p>\n\n\n\n<p><strong><a href=\"https:\/\/serbiantimes.info\/en\/the-deceased-usually-have-no-right-to-vote-students-in-blockade-called-for-a-voter-list-check\/\" target=\"_blank\" rel=\"noopener\" title=\"\">\u201cTHE DECEASED USUALLY HAVE NO RIGHT TO VOTE\u201d: Students in blockade called for a voter list check!<\/a><\/strong><\/p>\n\n\n\n<p><strong><strong>Source<\/strong><\/strong>: Euronews, <strong>Foto<\/strong>: Printscreen X<\/p>\n","protected":false},"excerpt":{"rendered":"<p>While a protest was being held against the confiscation of the sports hall from Serbian children and youth, the Kosovo Police and plainclothes inspectors raided the premises of the National Employment Service of the Republic of Serbia in the northern part of Kosovska Mitrovica. As Euronews Serbia&#8217;s reporter states, at the time of the raid, [&hellip;]<\/p>\n","protected":false},"author":2169,"featured_media":177828,"comment_status":"open","ping_status":"open","sticky":false,"template":"","format":"standard","meta":{"newspack_featured_image_position":"","newspack_post_subtitle":"","newspack_article_summary_title":"Overview:","newspack_article_summary":"","newspack_hide_updated_date":false,"newspack_show_updated_date":false,"footnotes":""},"categories":[7],"tags":[108,109,1624,1198,1199,3269,3677,113],"class_list":["post-177827","post","type-post","status-publish","format-standard","has-post-thumbnail","hentry","category-serbia","tag-kosovo","tag-kosovo-i-metohija","tag-kosovska-mitrovica","tag-kosovska-policija","tag-nasilje-nad-srbima","tag-srbi-i-albanci","tag-srbi-na-kosovu","tag-srbija","entry"],"aioseo_notices":[],"distributor_meta":false,"distributor_terms":false,"distributor_media":false,"distributor_original_site_name":"Serbiantimes.info EN","distributor_original_site_url":"https:\/\/serbiantimes.info\/en","push-errors":false,"_links":{"self":[{"href":"https:\/\/serbiantimes.info\/en\/wp-json\/wp\/v2\/posts\/177827","targetHints":{"allow":["GET"]}}],"collection":[{"href":"https:\/\/serbiantimes.info\/en\/wp-json\/wp\/v2\/posts"}],"about":[{"href":"https:\/\/serbiantimes.info\/en\/wp-json\/wp\/v2\/types\/post"}],"author":[{"embeddable":true,"href":"https:\/\/serbiantimes.info\/en\/wp-json\/wp\/v2\/users\/2169"}],"replies":[{"embeddable":true,"href":"https:\/\/serbiantimes.info\/en\/wp-json\/wp\/v2\/comments?post=177827"}],"version-history":[{"count":2,"href":"https:\/\/serbiantimes.info\/en\/wp-json\/wp\/v2\/posts\/177827\/revisions"}],"predecessor-version":[{"id":177868,"href":"https:\/\/serbiantimes.info\/en\/wp-json\/wp\/v2\/posts\/177827\/revisions\/177868"}],"wp:featuredmedia":[{"embeddable":true,"href":"https:\/\/serbiantimes.info\/en\/wp-json\/wp\/v2\/media\/177828"}],"wp:attachment":[{"href":"https:\/\/serbiantimes.info\/en\/wp-json\/wp\/v2\/media?parent=177827"}],"wp:term":[{"taxonomy":"category","embeddable":true,"href":"https:\/\/serbiantimes.info\/en\/wp-json\/wp\/v2\/categories?post=177827"},{"taxonomy":"post_tag","embeddable":true,"href":"https:\/\/serbiantimes.info\/en\/wp-json\/wp\/v2\/tags?post=177827"}],"curies":[{"name":"wp","href":"https:\/\/api.w.org\/{rel}","templated":true}]}}