{"id":177560,"date":"2025-05-13T11:25:05","date_gmt":"2025-05-13T09:25:05","guid":{"rendered":"https:\/\/serbiantimes.info\/en\/?p=177560"},"modified":"2025-05-13T11:25:06","modified_gmt":"2025-05-13T09:25:06","slug":"due-to-dodiks-entry-into-the-barracks-vice-president-of-rs-filed-a-criminal-complaint-against-the-minister-and-chief-of-the-armed-forces","status":"publish","type":"post","link":"https:\/\/serbiantimes.info\/en\/due-to-dodiks-entry-into-the-barracks-vice-president-of-rs-filed-a-criminal-complaint-against-the-minister-and-chief-of-the-armed-forces\/","title":{"rendered":"DUE TO DODIK&#8217;S ENTRY INTO THE BARRACKS: Vice President of RS filed a criminal complaint against the minister and chief of the Armed Forces!"},"content":{"rendered":"\n<p><strong><em>The Vice President of Republika Srpska, \u0106amil Durakovi\u0107, today filed a criminal complaint with the Prosecutor&#8217;s Office of Bosnia and Herzegovina against Aleksandar Goganovi\u0107, Deputy Minister of Defense of BiH, and General Gojko Kne\u017eevi\u0107, Chief of the Joint Staff of the Armed Forces of BiH, due to reasonable suspicion that they committed the criminal offenses of abuse of official position or authority, failure to perform official duty, and enabling fugitives access to military facilities of the Armed Forces of BiH.<\/em><\/strong><\/p>\n\n\n\n<p>&#8220;This complaint was filed due to suspicion that the mentioned persons, in their capacity as responsible individuals in the defense system, knowingly and intentionally violated the law and the order of the Ministry of Defense of BiH prohibiting access to military facilities for persons against whom warrants have been issued by the Court of BiH. Namely, according to available information, Aleksandar Goganovi\u0107 and Gojko Kne\u017eevi\u0107, on May 12, 2025, enabled the entry and stay of fugitives Milorad Dodik, Radovan Vi\u0161kovi\u0107, and Nenad Stevandi\u0107 in the military facilities of the Armed Forces of BiH, despite the Ministry of Defense previously issuing a clear order prohibiting their access,&#8221; added Durakovi\u0107.<\/p>\n\n\n\n<p>With such actions, the accused grossly violated legal regulations and official powers, directly endangered the security and integrity of the Armed Forces of BiH, and enabled persons against whom judicial proceedings are pending to move freely within military facilities.<\/p>\n\n\n\n<h4 class=\"wp-block-heading\"><mark style=\"background-color:#FFFFFF;color:#d21414\" class=\"has-inline-color\">FIND OUT MORE:<\/mark><\/h4>\n\n\n\n<iframe loading=\"lazy\" src=\"https:\/\/www.facebook.com\/plugins\/post.php?href=https%3A%2F%2Fwww.facebook.com%2Fserbiantimes%2Fposts%2Fpfbid05gcwycSNap5U54HgnLpcbZy2QVNGfM4qJgiRaa1uhB6sH94sqE7zrKCA9LxJWfwvl&#038;show_text=true&#038;width=500\" width=\"500\" height=\"250\" style=\"border:none;overflow:hidden\" scrolling=\"no\" frameborder=\"0\" allowfullscreen=\"true\" allow=\"autoplay; clipboard-write; encrypted-media; picture-in-picture; web-share\"><\/iframe>\n\n\n\n<p>Vice President Durakovi\u0107 emphasizes that the responsibility for protecting legality and security within the Armed Forces of BiH rests with all officials, regardless of their political or national affiliation.<\/p>\n\n\n\n<p>&#8220;This is an obligation for all of us, regardless of which party or entity of the state we come from, and requires a reaction from all judicial institutions,&#8221; concludes Durakovi\u0107.<\/p>\n\n\n\n<p>Evidence, including the Ministry of Defense&#8217;s order prohibiting access, video footage, witness statements, and official notes, has been submitted to the Prosecutor&#8217;s Office of BiH to determine the responsibility of the accused.<\/p>\n\n\n\n<p>Vice President Durakovi\u0107 calls on the institutions of BiH to react urgently, thoroughly investigate the circumstances, and take appropriate legal steps to sanction those responsible and prevent the recurrence of such situations.<\/p>\n\n\n\n<h4 class=\"wp-block-heading\"><mark style=\"background-color:#FFFFFF;color:#d21414\" class=\"has-inline-color\">MORE TOPICS:<\/mark><\/h4>\n\n\n\n<p><strong><a href=\"https:\/\/serbiantimes.info\/en\/historical-success-of-serbian-high-school-students-they-won-4-medals-at-the-international-chemistry-olympiad-in-brazil-photo\/\" target=\"_blank\" rel=\"noopener\" title=\"\">HISTORICAL SUCCESS OF SERBIAN HIGH SCHOOL STUDENTS: They won 4 medals at the International Chemistry Olympiad in Brazil! (PHOTO)<\/a><\/strong><\/p>\n\n\n\n<p><strong><a href=\"https:\/\/serbiantimes.info\/en\/you-are-the-future-of-serbia-vice-president-of-the-european-parliament-hojsik-welcomed-marathon-students-in-brussels\/\" target=\"_blank\" rel=\"noopener\" title=\"\">\u201cYOU ARE THE FUTURE OF SERBIA\u201d: Vice President of the European Parliament Hojsik welcomed marathon students in Brussels!<\/a><\/strong><\/p>\n\n\n\n<p><strong><a href=\"https:\/\/serbiantimes.info\/en\/serbia-is-going-to-the-european-championship-our-handball-team-secures-placement-all-rivals-known\/\" target=\"_blank\" rel=\"noopener\" title=\"\">SERBIA IS GOING TO THE EUROPEAN CHAMPIONSHIP: Our handball team secures placement, all rivals known!<\/a><\/strong><\/p>\n\n\n\n<p><strong><a href=\"https:\/\/serbiantimes.info\/en\/after-2000-kilometers-and-16-days-of-walking-marathon-students-arrived-in-brussels-video\/\" target=\"_blank\" rel=\"noopener\" title=\"\">AFTER 2000 KILOMETERS AND 16 DAYS OF WALKING: Marathon students arrived in Brussels! (VIDEO)<\/a><\/strong><\/p>\n\n\n\n<p><strong><a href=\"https:\/\/serbiantimes.info\/en\/today-we-celebrate-the-holy-apostle-james-who-suffered-for-his-faith-these-are-the-customs-that-should-be-respected-video\/\" target=\"_blank\" rel=\"noopener\" title=\"\">TODAY WE CELEBRATE THE HOLY APOSTLE JAMES WHO SUFFERED FOR HIS FAITH: These are the customs that should be respected! (VIDEO)<\/a><\/strong><\/p>\n\n\n\n<p><strong>Source<\/strong>: Nova.rs, <strong>Photo<\/strong>: EPA-EFE \/ Anton Vaganov<\/p>\n","protected":false},"excerpt":{"rendered":"<p>The Vice President of Republika Srpska, \u0106amil Durakovi\u0107, today filed a criminal complaint with the Prosecutor&#8217;s Office of Bosnia and Herzegovina against Aleksandar Goganovi\u0107, Deputy Minister of Defense of BiH, and General Gojko Kne\u017eevi\u0107, Chief of the Joint Staff of the Armed Forces of BiH, due to reasonable suspicion that they committed the criminal offenses [&hellip;]<\/p>\n","protected":false},"author":2169,"featured_media":171817,"comment_status":"open","ping_status":"open","sticky":false,"template":"","format":"standard","meta":{"newspack_featured_image_position":"","newspack_post_subtitle":"","newspack_article_summary_title":"Overview:","newspack_article_summary":"","newspack_hide_updated_date":false,"newspack_show_updated_date":false,"footnotes":""},"categories":[8],"tags":[116,341,6515,2910,218,876,3380,592,6351,4074,4919,5265],"class_list":["post-177560","post","type-post","status-publish","format-standard","has-post-thumbnail","hentry","category-balkan","tag-balkan","tag-bosna-i-hercegovina","tag-camil-durakovic","tag-krivicna-prijava","tag-milorad-dodik","tag-politika","tag-poternica","tag-republika-srpska","tag-srbi-i-bosnjaci","tag-srbi-u-bih","tag-srbi-u-bosni","tag-tuzilastvo-bih","entry"],"aioseo_notices":[],"distributor_meta":false,"distributor_terms":false,"distributor_media":false,"distributor_original_site_name":"Serbiantimes.info EN","distributor_original_site_url":"https:\/\/serbiantimes.info\/en","push-errors":false,"_links":{"self":[{"href":"https:\/\/serbiantimes.info\/en\/wp-json\/wp\/v2\/posts\/177560","targetHints":{"allow":["GET"]}}],"collection":[{"href":"https:\/\/serbiantimes.info\/en\/wp-json\/wp\/v2\/posts"}],"about":[{"href":"https:\/\/serbiantimes.info\/en\/wp-json\/wp\/v2\/types\/post"}],"author":[{"embeddable":true,"href":"https:\/\/serbiantimes.info\/en\/wp-json\/wp\/v2\/users\/2169"}],"replies":[{"embeddable":true,"href":"https:\/\/serbiantimes.info\/en\/wp-json\/wp\/v2\/comments?post=177560"}],"version-history":[{"count":1,"href":"https:\/\/serbiantimes.info\/en\/wp-json\/wp\/v2\/posts\/177560\/revisions"}],"predecessor-version":[{"id":177570,"href":"https:\/\/serbiantimes.info\/en\/wp-json\/wp\/v2\/posts\/177560\/revisions\/177570"}],"wp:featuredmedia":[{"embeddable":true,"href":"https:\/\/serbiantimes.info\/en\/wp-json\/wp\/v2\/media\/171817"}],"wp:attachment":[{"href":"https:\/\/serbiantimes.info\/en\/wp-json\/wp\/v2\/media?parent=177560"}],"wp:term":[{"taxonomy":"category","embeddable":true,"href":"https:\/\/serbiantimes.info\/en\/wp-json\/wp\/v2\/categories?post=177560"},{"taxonomy":"post_tag","embeddable":true,"href":"https:\/\/serbiantimes.info\/en\/wp-json\/wp\/v2\/tags?post=177560"}],"curies":[{"name":"wp","href":"https:\/\/api.w.org\/{rel}","templated":true}]}}