{"id":177536,"date":"2025-05-13T10:45:00","date_gmt":"2025-05-13T08:45:00","guid":{"rendered":"https:\/\/serbiantimes.info\/en\/?p=177536"},"modified":"2025-05-13T10:53:26","modified_gmt":"2025-05-13T08:53:26","slug":"missing-serbian-truck-driver-found-in-germany-zeljko-27-stopped-at-a-rest-stop-and-all-traces-of-him-were-lost","status":"publish","type":"post","link":"https:\/\/serbiantimes.info\/en\/missing-serbian-truck-driver-found-in-germany-zeljko-27-stopped-at-a-rest-stop-and-all-traces-of-him-were-lost\/","title":{"rendered":"MISSING SERBIAN TRUCK DRIVER FOUND IN GERMANY: \u017deljko (27) stopped at a rest stop and all traces of him were lost!"},"content":{"rendered":"\n<p class=\"wp-block-paragraph\">Serbian citizen \u017deljko T. (27), who had been missing since May 3rd, has been found, police in the German city of Pforzheim announced.<\/p>\n\n\n\n<p class=\"wp-block-paragraph\">He was last seen at a truck stop near Lorsch, near Hesse, around 2 PM, after which all trace of him was lost.<\/p>\n\n\n\n<h4 class=\"wp-block-heading\"><mark style=\"background-color:#FFFFFF;color:#d21414\" class=\"has-inline-color\">FIND OUT MORE:<\/mark><\/h4>\n\n\n\n<iframe loading=\"lazy\" src=\"https:\/\/www.facebook.com\/plugins\/post.php?href=https%3A%2F%2Fwww.facebook.com%2Fserbiantimes%2Fposts%2Fpfbid05gcwycSNap5U54HgnLpcbZy2QVNGfM4qJgiRaa1uhB6sH94sqE7zrKCA9LxJWfwvl&#038;show_text=true&#038;width=500\" width=\"500\" height=\"250\" style=\"border:none;overflow:hidden\" scrolling=\"no\" frameborder=\"0\" allowfullscreen=\"true\" allow=\"autoplay; clipboard-write; encrypted-media; picture-in-picture; web-share\"><\/iframe>\n\n\n\n<p class=\"wp-block-paragraph\">There is also a gas station and a rest stop there that is frequently used by truck drivers.<\/p>\n\n\n\n<p class=\"wp-block-paragraph\">Police from the city of Pforzheim announced that the truck driver is alive and well, but did not provide other details about his disappearance.<\/p>\n\n\n\n<h4 class=\"wp-block-heading\"><mark style=\"background-color:#FFFFFF;color:#d21414\" class=\"has-inline-color\">MORE TOPICS:<\/mark><\/h4>\n\n\n\n<p class=\"wp-block-paragraph\"><strong><a href=\"https:\/\/serbiantimes.info\/en\/historical-success-of-serbian-high-school-students-they-won-4-medals-at-the-international-chemistry-olympiad-in-brazil-photo\/\" target=\"_blank\" rel=\"noopener\" title=\"\">HISTORICAL SUCCESS OF SERBIAN HIGH SCHOOL STUDENTS: They won 4 medals at the International Chemistry Olympiad in Brazil! (PHOTO)<\/a><\/strong><\/p>\n\n\n\n<p class=\"wp-block-paragraph\"><strong><a href=\"https:\/\/serbiantimes.info\/en\/you-are-the-future-of-serbia-vice-president-of-the-european-parliament-hojsik-welcomed-marathon-students-in-brussels\/\" target=\"_blank\" rel=\"noopener\" title=\"\">\u201cYOU ARE THE FUTURE OF SERBIA\u201d: Vice President of the European Parliament Hojsik welcomed marathon students in Brussels!<\/a><\/strong><\/p>\n\n\n\n<p class=\"wp-block-paragraph\"><strong><a href=\"https:\/\/serbiantimes.info\/en\/serbia-is-going-to-the-european-championship-our-handball-team-secures-placement-all-rivals-known\/\" target=\"_blank\" rel=\"noopener\" title=\"\">SERBIA IS GOING TO THE EUROPEAN CHAMPIONSHIP: Our handball team secures placement, all rivals known!<\/a><\/strong><\/p>\n\n\n\n<p class=\"wp-block-paragraph\"><strong><a href=\"https:\/\/serbiantimes.info\/en\/after-2000-kilometers-and-16-days-of-walking-marathon-students-arrived-in-brussels-video\/\" target=\"_blank\" rel=\"noopener\" title=\"\">AFTER 2000 KILOMETERS AND 16 DAYS OF WALKING: Marathon students arrived in Brussels! (VIDEO)<\/a><\/strong><\/p>\n\n\n\n<p class=\"wp-block-paragraph\"><strong><a href=\"https:\/\/serbiantimes.info\/en\/today-we-celebrate-the-holy-apostle-james-who-suffered-for-his-faith-these-are-the-customs-that-should-be-respected-video\/\" target=\"_blank\" rel=\"noopener\" title=\"\">TODAY WE CELEBRATE THE HOLY APOSTLE JAMES WHO SUFFERED FOR HIS FAITH: These are the customs that should be respected! (VIDEO)<\/a><\/strong><\/p>\n\n\n\n<p class=\"wp-block-paragraph\"><strong>Source<\/strong>: Blic, <strong>Photo<\/strong>: Pexels<\/p>\n","protected":false},"excerpt":{"rendered":"<p>Serbian citizen \u017deljko T. (27), who had been missing since May 3rd, has been found, police in the German city of Pforzheim announced. He was last seen at a truck stop near Lorsch, near Hesse, around 2 PM, after which all trace of him was lost. FIND OUT MORE: There is also a gas station [&hellip;]<\/p>\n","protected":false},"author":2169,"featured_media":177537,"comment_status":"open","ping_status":"open","sticky":false,"template":"","format":"standard","meta":{"newspack_featured_image_position":"","newspack_post_subtitle":"","newspack_article_summary_title":"Overview:","newspack_article_summary":"","newspack_hide_updated_date":false,"newspack_show_updated_date":false,"footnotes":""},"categories":[5],"tags":[500,589,3870,90,3236,113,295],"class_list":["post-177536","post","type-post","status-publish","format-standard","has-post-thumbnail","hentry","category-diaspora","tag-dijaspora","tag-kamion","tag-kamiondzije","tag-nemacka","tag-srbi-u-nemackoj","tag-srbija","tag-srpska-dijaspora","entry"],"aioseo_notices":[],"aioseo_head":"\n\t\t<!-- All in One SEO 5.0.1.1 - aioseo.com -->\n\t<meta name=\"description\" content=\"Serbian citizen \u017deljko T. (27), who had been missing since May 3rd, has been found, police in the German city of Pforzheim announced. He was last seen at a truck stop near Lorsch, near Hesse, around 2 PM, after which all trace of him was lost. FIND OUT MORE: There is also a gas station\" \/>\n\t<meta name=\"robots\" content=\"max-image-preview:large\" \/>\n\t<meta name=\"author\" content=\"Serbian Times\"\/>\n\t<link rel=\"canonical\" href=\"https:\/\/serbiantimes.info\/en\/missing-serbian-truck-driver-found-in-germany-zeljko-27-stopped-at-a-rest-stop-and-all-traces-of-him-were-lost\/\" \/>\n\t<meta name=\"generator\" content=\"All in One SEO (AIOSEO) 5.0.1.1\" \/>\n\t\t<meta property=\"og:locale\" content=\"en_US\" \/>\n\t\t<meta property=\"og:site_name\" content=\"Serbiantimes.info EN |\" \/>\n\t\t<meta property=\"og:type\" content=\"article\" \/>\n\t\t<meta property=\"og:title\" content=\"MISSING SERBIAN TRUCK DRIVER FOUND IN GERMANY: \u017deljko (27) stopped at a rest stop and all traces of him were lost! | Serbiantimes.info EN\" \/>\n\t\t<meta property=\"og:description\" content=\"Serbian citizen \u017deljko T. (27), who had been missing since May 3rd, has been found, police in the German city of Pforzheim announced. He was last seen at a truck stop near Lorsch, near Hesse, around 2 PM, after which all trace of him was lost. FIND OUT MORE: There is also a gas station\" \/>\n\t\t<meta property=\"og:url\" content=\"https:\/\/serbiantimes.info\/en\/missing-serbian-truck-driver-found-in-germany-zeljko-27-stopped-at-a-rest-stop-and-all-traces-of-him-were-lost\/\" \/>\n\t\t<meta property=\"og:image\" content=\"https:\/\/serbiantimes.info\/en\/wp-content\/uploads\/sites\/2\/2025\/05\/Clipboard01567.jpg\" \/>\n\t\t<meta property=\"og:image:secure_url\" content=\"https:\/\/serbiantimes.info\/en\/wp-content\/uploads\/sites\/2\/2025\/05\/Clipboard01567.jpg\" \/>\n\t\t<meta property=\"og:image:width\" content=\"1200\" \/>\n\t\t<meta property=\"og:image:height\" content=\"760\" \/>\n\t\t<meta property=\"article:published_time\" content=\"2025-05-13T08:45:00+00:00\" \/>\n\t\t<meta property=\"article:modified_time\" content=\"2025-05-13T08:53:26+00:00\" \/>\n\t\t<meta name=\"twitter:card\" content=\"summary_large_image\" \/>\n\t\t<meta name=\"twitter:title\" content=\"MISSING SERBIAN TRUCK DRIVER FOUND IN GERMANY: \u017deljko (27) stopped at a rest stop and all traces of him were lost! | Serbiantimes.info EN\" \/>\n\t\t<meta name=\"twitter:description\" content=\"Serbian citizen \u017deljko T. (27), who had been missing since May 3rd, has been found, police in the German city of Pforzheim announced. He was last seen at a truck stop near Lorsch, near Hesse, around 2 PM, after which all trace of him was lost. FIND OUT MORE: There is also a gas station\" \/>\n\t\t<meta name=\"twitter:image\" content=\"https:\/\/serbiantimes.info\/en\/wp-content\/uploads\/sites\/2\/2025\/05\/Clipboard01567.jpg\" \/>\n\t\t<script type=\"application\/ld+json\" class=\"aioseo-schema\">\n\t\t\t{\"@context\":\"https:\\\/\\\/schema.org\",\"@graph\":[{\"@type\":\"BlogPosting\",\"@id\":\"https:\\\/\\\/serbiantimes.info\\\/en\\\/missing-serbian-truck-driver-found-in-germany-zeljko-27-stopped-at-a-rest-stop-and-all-traces-of-him-were-lost\\\/#blogposting\",\"name\":\"MISSING SERBIAN TRUCK DRIVER FOUND IN GERMANY: \\u017deljko (27) stopped at a rest stop and all traces of him were lost! | Serbiantimes.info EN\",\"headline\":\"MISSING SERBIAN TRUCK DRIVER FOUND IN GERMANY: \\u017deljko (27) stopped at a rest stop and all traces of him were lost!\",\"author\":{\"@id\":\"https:\\\/\\\/serbiantimes.info\\\/en\\\/author\\\/serbiantimes-portal\\\/#author\"},\"publisher\":{\"@id\":\"https:\\\/\\\/serbiantimes.info\\\/en\\\/#organization\"},\"image\":{\"@type\":\"ImageObject\",\"url\":\"https:\\\/\\\/serbiantimes.info\\\/en\\\/wp-content\\\/uploads\\\/sites\\\/2\\\/2025\\\/05\\\/Clipboard01567.jpg\",\"width\":1200,\"height\":760},\"datePublished\":\"2025-05-13T10:45:00+02:00\",\"dateModified\":\"2025-05-13T10:53:26+02:00\",\"inLanguage\":\"en-US\",\"mainEntityOfPage\":{\"@id\":\"https:\\\/\\\/serbiantimes.info\\\/en\\\/missing-serbian-truck-driver-found-in-germany-zeljko-27-stopped-at-a-rest-stop-and-all-traces-of-him-were-lost\\\/#webpage\"},\"isPartOf\":{\"@id\":\"https:\\\/\\\/serbiantimes.info\\\/en\\\/missing-serbian-truck-driver-found-in-germany-zeljko-27-stopped-at-a-rest-stop-and-all-traces-of-him-were-lost\\\/#webpage\"},\"articleSection\":\"DIASPORA, dijaspora, Kamion, Kamiond\\u017eije, Nema\\u010dka, srbi u nema\\u010dkoj, Srbija, srpska dijaspora\"},{\"@type\":\"BreadcrumbList\",\"@id\":\"https:\\\/\\\/serbiantimes.info\\\/en\\\/missing-serbian-truck-driver-found-in-germany-zeljko-27-stopped-at-a-rest-stop-and-all-traces-of-him-were-lost\\\/#breadcrumblist\",\"itemListElement\":[{\"@type\":\"ListItem\",\"@id\":\"https:\\\/\\\/serbiantimes.info\\\/en#listItem\",\"position\":1,\"name\":\"Home\",\"item\":\"https:\\\/\\\/serbiantimes.info\\\/en\",\"nextItem\":{\"@type\":\"ListItem\",\"@id\":\"https:\\\/\\\/serbiantimes.info\\\/en\\\/category\\\/diaspora\\\/#listItem\",\"name\":\"DIASPORA\"}},{\"@type\":\"ListItem\",\"@id\":\"https:\\\/\\\/serbiantimes.info\\\/en\\\/category\\\/diaspora\\\/#listItem\",\"position\":2,\"name\":\"DIASPORA\",\"item\":\"https:\\\/\\\/serbiantimes.info\\\/en\\\/category\\\/diaspora\\\/\",\"nextItem\":{\"@type\":\"ListItem\",\"@id\":\"https:\\\/\\\/serbiantimes.info\\\/en\\\/missing-serbian-truck-driver-found-in-germany-zeljko-27-stopped-at-a-rest-stop-and-all-traces-of-him-were-lost\\\/#listItem\",\"name\":\"MISSING SERBIAN TRUCK DRIVER FOUND IN GERMANY: \\u017deljko (27) stopped at a rest stop and all traces of him were lost!\"},\"previousItem\":{\"@type\":\"ListItem\",\"@id\":\"https:\\\/\\\/serbiantimes.info\\\/en#listItem\",\"name\":\"Home\"}},{\"@type\":\"ListItem\",\"@id\":\"https:\\\/\\\/serbiantimes.info\\\/en\\\/missing-serbian-truck-driver-found-in-germany-zeljko-27-stopped-at-a-rest-stop-and-all-traces-of-him-were-lost\\\/#listItem\",\"position\":3,\"name\":\"MISSING SERBIAN TRUCK DRIVER FOUND IN GERMANY: \\u017deljko (27) stopped at a rest stop and all traces of him were lost!\",\"previousItem\":{\"@type\":\"ListItem\",\"@id\":\"https:\\\/\\\/serbiantimes.info\\\/en\\\/category\\\/diaspora\\\/#listItem\",\"name\":\"DIASPORA\"}}]},{\"@type\":\"Organization\",\"@id\":\"https:\\\/\\\/serbiantimes.info\\\/en\\\/#organization\",\"name\":\"Serbiantimes.info EN\",\"url\":\"https:\\\/\\\/serbiantimes.info\\\/en\\\/\",\"logo\":{\"@type\":\"ImageObject\",\"url\":\"https:\\\/\\\/serbiantimes.info\\\/en\\\/wp-content\\\/uploads\\\/sites\\\/2\\\/2024\\\/10\\\/cropped-cropped-Serbian-Times-Header-Logo-1.png\",\"@id\":\"https:\\\/\\\/serbiantimes.info\\\/en\\\/missing-serbian-truck-driver-found-in-germany-zeljko-27-stopped-at-a-rest-stop-and-all-traces-of-him-were-lost\\\/#organizationLogo\",\"width\":480,\"height\":100},\"image\":{\"@id\":\"https:\\\/\\\/serbiantimes.info\\\/en\\\/missing-serbian-truck-driver-found-in-germany-zeljko-27-stopped-at-a-rest-stop-and-all-traces-of-him-were-lost\\\/#organizationLogo\"}},{\"@type\":\"Person\",\"@id\":\"https:\\\/\\\/serbiantimes.info\\\/en\\\/author\\\/serbiantimes-portal\\\/#author\",\"url\":\"https:\\\/\\\/serbiantimes.info\\\/en\\\/author\\\/serbiantimes-portal\\\/\",\"name\":\"Serbian Times\",\"image\":{\"@type\":\"ImageObject\",\"@id\":\"https:\\\/\\\/serbiantimes.info\\\/en\\\/missing-serbian-truck-driver-found-in-germany-zeljko-27-stopped-at-a-rest-stop-and-all-traces-of-him-were-lost\\\/#authorImage\",\"url\":\"https:\\\/\\\/secure.gravatar.com\\\/avatar\\\/ea76e009769270b4193e2bc7e032c096b4ae135483ec03b396fd0f520bc3dcfd?s=96&d=mm&r=g\",\"width\":96,\"height\":96,\"caption\":\"Serbian Times\"}},{\"@type\":\"WebPage\",\"@id\":\"https:\\\/\\\/serbiantimes.info\\\/en\\\/missing-serbian-truck-driver-found-in-germany-zeljko-27-stopped-at-a-rest-stop-and-all-traces-of-him-were-lost\\\/#webpage\",\"url\":\"https:\\\/\\\/serbiantimes.info\\\/en\\\/missing-serbian-truck-driver-found-in-germany-zeljko-27-stopped-at-a-rest-stop-and-all-traces-of-him-were-lost\\\/\",\"name\":\"MISSING SERBIAN TRUCK DRIVER FOUND IN GERMANY: \\u017deljko (27) stopped at a rest stop and all traces of him were lost! | Serbiantimes.info EN\",\"description\":\"Serbian citizen \\u017deljko T. (27), who had been missing since May 3rd, has been found, police in the German city of Pforzheim announced. He was last seen at a truck stop near Lorsch, near Hesse, around 2 PM, after which all trace of him was lost. FIND OUT MORE: There is also a gas station\",\"inLanguage\":\"en-US\",\"isPartOf\":{\"@id\":\"https:\\\/\\\/serbiantimes.info\\\/en\\\/#website\"},\"breadcrumb\":{\"@id\":\"https:\\\/\\\/serbiantimes.info\\\/en\\\/missing-serbian-truck-driver-found-in-germany-zeljko-27-stopped-at-a-rest-stop-and-all-traces-of-him-were-lost\\\/#breadcrumblist\"},\"author\":{\"@id\":\"https:\\\/\\\/serbiantimes.info\\\/en\\\/author\\\/serbiantimes-portal\\\/#author\"},\"creator\":{\"@id\":\"https:\\\/\\\/serbiantimes.info\\\/en\\\/author\\\/serbiantimes-portal\\\/#author\"},\"image\":{\"@type\":\"ImageObject\",\"url\":\"https:\\\/\\\/serbiantimes.info\\\/en\\\/wp-content\\\/uploads\\\/sites\\\/2\\\/2025\\\/05\\\/Clipboard01567.jpg\",\"@id\":\"https:\\\/\\\/serbiantimes.info\\\/en\\\/missing-serbian-truck-driver-found-in-germany-zeljko-27-stopped-at-a-rest-stop-and-all-traces-of-him-were-lost\\\/#mainImage\",\"width\":1200,\"height\":760},\"primaryImageOfPage\":{\"@id\":\"https:\\\/\\\/serbiantimes.info\\\/en\\\/missing-serbian-truck-driver-found-in-germany-zeljko-27-stopped-at-a-rest-stop-and-all-traces-of-him-were-lost\\\/#mainImage\"},\"datePublished\":\"2025-05-13T10:45:00+02:00\",\"dateModified\":\"2025-05-13T10:53:26+02:00\"},{\"@type\":\"WebSite\",\"@id\":\"https:\\\/\\\/serbiantimes.info\\\/en\\\/#website\",\"url\":\"https:\\\/\\\/serbiantimes.info\\\/en\\\/\",\"name\":\"Serbiantimes.info EN\",\"inLanguage\":\"en-US\",\"publisher\":{\"@id\":\"https:\\\/\\\/serbiantimes.info\\\/en\\\/#organization\"}}]}\n\t\t<\/script>\n\t\t<!-- All in One SEO -->\n\n","aioseo_head_json":{"title":"MISSING SERBIAN TRUCK DRIVER FOUND IN GERMANY: \u017deljko (27) stopped at a rest stop and all traces of him were lost! | Serbiantimes.info EN","description":"Serbian citizen \u017deljko T. (27), who had been missing since May 3rd, has been found, police in the German city of Pforzheim announced. He was last seen at a truck stop near Lorsch, near Hesse, around 2 PM, after which all trace of him was lost. FIND OUT MORE: There is also a gas station","canonical_url":"https:\/\/serbiantimes.info\/en\/missing-serbian-truck-driver-found-in-germany-zeljko-27-stopped-at-a-rest-stop-and-all-traces-of-him-were-lost\/","robots":"max-image-preview:large","keywords":"","webmasterTools":{"miscellaneous":""},"schema":{"@context":"https:\/\/schema.org","@graph":[{"@type":"BlogPosting","@id":"https:\/\/serbiantimes.info\/en\/missing-serbian-truck-driver-found-in-germany-zeljko-27-stopped-at-a-rest-stop-and-all-traces-of-him-were-lost\/#blogposting","name":"MISSING SERBIAN TRUCK DRIVER FOUND IN GERMANY: \u017deljko (27) stopped at a rest stop and all traces of him were lost! | Serbiantimes.info EN","headline":"MISSING SERBIAN TRUCK DRIVER FOUND IN GERMANY: \u017deljko (27) stopped at a rest stop and all traces of him were lost!","author":{"@id":"https:\/\/serbiantimes.info\/en\/author\/serbiantimes-portal\/#author"},"publisher":{"@id":"https:\/\/serbiantimes.info\/en\/#organization"},"image":{"@type":"ImageObject","url":"https:\/\/serbiantimes.info\/en\/wp-content\/uploads\/sites\/2\/2025\/05\/Clipboard01567.jpg","width":1200,"height":760},"datePublished":"2025-05-13T10:45:00+02:00","dateModified":"2025-05-13T10:53:26+02:00","inLanguage":"en-US","mainEntityOfPage":{"@id":"https:\/\/serbiantimes.info\/en\/missing-serbian-truck-driver-found-in-germany-zeljko-27-stopped-at-a-rest-stop-and-all-traces-of-him-were-lost\/#webpage"},"isPartOf":{"@id":"https:\/\/serbiantimes.info\/en\/missing-serbian-truck-driver-found-in-germany-zeljko-27-stopped-at-a-rest-stop-and-all-traces-of-him-were-lost\/#webpage"},"articleSection":"DIASPORA, dijaspora, Kamion, Kamiond\u017eije, Nema\u010dka, srbi u nema\u010dkoj, Srbija, srpska dijaspora"},{"@type":"BreadcrumbList","@id":"https:\/\/serbiantimes.info\/en\/missing-serbian-truck-driver-found-in-germany-zeljko-27-stopped-at-a-rest-stop-and-all-traces-of-him-were-lost\/#breadcrumblist","itemListElement":[{"@type":"ListItem","@id":"https:\/\/serbiantimes.info\/en#listItem","position":1,"name":"Home","item":"https:\/\/serbiantimes.info\/en","nextItem":{"@type":"ListItem","@id":"https:\/\/serbiantimes.info\/en\/category\/diaspora\/#listItem","name":"DIASPORA"}},{"@type":"ListItem","@id":"https:\/\/serbiantimes.info\/en\/category\/diaspora\/#listItem","position":2,"name":"DIASPORA","item":"https:\/\/serbiantimes.info\/en\/category\/diaspora\/","nextItem":{"@type":"ListItem","@id":"https:\/\/serbiantimes.info\/en\/missing-serbian-truck-driver-found-in-germany-zeljko-27-stopped-at-a-rest-stop-and-all-traces-of-him-were-lost\/#listItem","name":"MISSING SERBIAN TRUCK DRIVER FOUND IN GERMANY: \u017deljko (27) stopped at a rest stop and all traces of him were lost!"},"previousItem":{"@type":"ListItem","@id":"https:\/\/serbiantimes.info\/en#listItem","name":"Home"}},{"@type":"ListItem","@id":"https:\/\/serbiantimes.info\/en\/missing-serbian-truck-driver-found-in-germany-zeljko-27-stopped-at-a-rest-stop-and-all-traces-of-him-were-lost\/#listItem","position":3,"name":"MISSING SERBIAN TRUCK DRIVER FOUND IN GERMANY: \u017deljko (27) stopped at a rest stop and all traces of him were lost!","previousItem":{"@type":"ListItem","@id":"https:\/\/serbiantimes.info\/en\/category\/diaspora\/#listItem","name":"DIASPORA"}}]},{"@type":"Organization","@id":"https:\/\/serbiantimes.info\/en\/#organization","name":"Serbiantimes.info EN","url":"https:\/\/serbiantimes.info\/en\/","logo":{"@type":"ImageObject","url":"https:\/\/serbiantimes.info\/en\/wp-content\/uploads\/sites\/2\/2024\/10\/cropped-cropped-Serbian-Times-Header-Logo-1.png","@id":"https:\/\/serbiantimes.info\/en\/missing-serbian-truck-driver-found-in-germany-zeljko-27-stopped-at-a-rest-stop-and-all-traces-of-him-were-lost\/#organizationLogo","width":480,"height":100},"image":{"@id":"https:\/\/serbiantimes.info\/en\/missing-serbian-truck-driver-found-in-germany-zeljko-27-stopped-at-a-rest-stop-and-all-traces-of-him-were-lost\/#organizationLogo"}},{"@type":"Person","@id":"https:\/\/serbiantimes.info\/en\/author\/serbiantimes-portal\/#author","url":"https:\/\/serbiantimes.info\/en\/author\/serbiantimes-portal\/","name":"Serbian Times","image":{"@type":"ImageObject","@id":"https:\/\/serbiantimes.info\/en\/missing-serbian-truck-driver-found-in-germany-zeljko-27-stopped-at-a-rest-stop-and-all-traces-of-him-were-lost\/#authorImage","url":"https:\/\/secure.gravatar.com\/avatar\/ea76e009769270b4193e2bc7e032c096b4ae135483ec03b396fd0f520bc3dcfd?s=96&d=mm&r=g","width":96,"height":96,"caption":"Serbian Times"}},{"@type":"WebPage","@id":"https:\/\/serbiantimes.info\/en\/missing-serbian-truck-driver-found-in-germany-zeljko-27-stopped-at-a-rest-stop-and-all-traces-of-him-were-lost\/#webpage","url":"https:\/\/serbiantimes.info\/en\/missing-serbian-truck-driver-found-in-germany-zeljko-27-stopped-at-a-rest-stop-and-all-traces-of-him-were-lost\/","name":"MISSING SERBIAN TRUCK DRIVER FOUND IN GERMANY: \u017deljko (27) stopped at a rest stop and all traces of him were lost! | Serbiantimes.info EN","description":"Serbian citizen \u017deljko T. (27), who had been missing since May 3rd, has been found, police in the German city of Pforzheim announced. He was last seen at a truck stop near Lorsch, near Hesse, around 2 PM, after which all trace of him was lost. FIND OUT MORE: There is also a gas station","inLanguage":"en-US","isPartOf":{"@id":"https:\/\/serbiantimes.info\/en\/#website"},"breadcrumb":{"@id":"https:\/\/serbiantimes.info\/en\/missing-serbian-truck-driver-found-in-germany-zeljko-27-stopped-at-a-rest-stop-and-all-traces-of-him-were-lost\/#breadcrumblist"},"author":{"@id":"https:\/\/serbiantimes.info\/en\/author\/serbiantimes-portal\/#author"},"creator":{"@id":"https:\/\/serbiantimes.info\/en\/author\/serbiantimes-portal\/#author"},"image":{"@type":"ImageObject","url":"https:\/\/serbiantimes.info\/en\/wp-content\/uploads\/sites\/2\/2025\/05\/Clipboard01567.jpg","@id":"https:\/\/serbiantimes.info\/en\/missing-serbian-truck-driver-found-in-germany-zeljko-27-stopped-at-a-rest-stop-and-all-traces-of-him-were-lost\/#mainImage","width":1200,"height":760},"primaryImageOfPage":{"@id":"https:\/\/serbiantimes.info\/en\/missing-serbian-truck-driver-found-in-germany-zeljko-27-stopped-at-a-rest-stop-and-all-traces-of-him-were-lost\/#mainImage"},"datePublished":"2025-05-13T10:45:00+02:00","dateModified":"2025-05-13T10:53:26+02:00"},{"@type":"WebSite","@id":"https:\/\/serbiantimes.info\/en\/#website","url":"https:\/\/serbiantimes.info\/en\/","name":"Serbiantimes.info EN","inLanguage":"en-US","publisher":{"@id":"https:\/\/serbiantimes.info\/en\/#organization"}}]},"og:locale":"en_US","og:site_name":"Serbiantimes.info EN |","og:type":"article","og:title":"MISSING SERBIAN TRUCK DRIVER FOUND IN GERMANY: \u017deljko (27) stopped at a rest stop and all traces of him were lost! | Serbiantimes.info EN","og:description":"Serbian citizen \u017deljko T. (27), who had been missing since May 3rd, has been found, police in the German city of Pforzheim announced. He was last seen at a truck stop near Lorsch, near Hesse, around 2 PM, after which all trace of him was lost. FIND OUT MORE: There is also a gas station","og:url":"https:\/\/serbiantimes.info\/en\/missing-serbian-truck-driver-found-in-germany-zeljko-27-stopped-at-a-rest-stop-and-all-traces-of-him-were-lost\/","og:image":"https:\/\/serbiantimes.info\/en\/wp-content\/uploads\/sites\/2\/2025\/05\/Clipboard01567.jpg","og:image:secure_url":"https:\/\/serbiantimes.info\/en\/wp-content\/uploads\/sites\/2\/2025\/05\/Clipboard01567.jpg","og:image:width":1200,"og:image:height":760,"article:published_time":"2025-05-13T08:45:00+00:00","article:modified_time":"2025-05-13T08:53:26+00:00","twitter:card":"summary_large_image","twitter:title":"MISSING SERBIAN TRUCK DRIVER FOUND IN GERMANY: \u017deljko (27) stopped at a rest stop and all traces of him were lost! | Serbiantimes.info EN","twitter:description":"Serbian citizen \u017deljko T. (27), who had been missing since May 3rd, has been found, police in the German city of Pforzheim announced. He was last seen at a truck stop near Lorsch, near Hesse, around 2 PM, after which all trace of him was lost. FIND OUT MORE: There is also a gas station","twitter:image":"https:\/\/serbiantimes.info\/en\/wp-content\/uploads\/sites\/2\/2025\/05\/Clipboard01567.jpg"},"aioseo_meta_data":{"post_id":"177536","title":null,"description":null,"keywords":null,"keyphrases":{"focus":{"keyphrase":"","score":0,"analysis":{"keyphraseInTitle":{"score":0,"maxScore":9,"error":1}}},"additional":[]},"primary_term":null,"canonical_url":null,"og_title":null,"og_description":null,"og_object_type":"default","og_image_type":"default","og_image_url":null,"og_image_width":null,"og_image_height":null,"og_image_custom_url":null,"og_image_custom_fields":null,"og_video":"","og_custom_url":null,"og_article_section":null,"og_article_tags":null,"twitter_use_og":false,"twitter_card":"default","twitter_image_type":"default","twitter_image_url":null,"twitter_image_custom_url":null,"twitter_image_custom_fields":null,"twitter_title":null,"twitter_description":null,"schema":{"blockGraphs":[],"customGraphs":[],"default":{"data":{"Article":[],"Course":[],"Dataset":[],"FAQPage":[],"Movie":[],"Person":[],"Product":[],"ProductReview":[],"Car":[],"Recipe":[],"Service":[],"SoftwareApplication":[],"WebPage":[]},"graphName":"BlogPosting","isEnabled":true},"graphs":[]},"schema_type":"default","schema_type_options":null,"pillar_content":false,"robots_default":true,"robots_noindex":false,"robots_noarchive":false,"robots_nosnippet":false,"robots_nofollow":false,"robots_noimageindex":false,"robots_noodp":false,"robots_notranslate":false,"robots_max_snippet":"-1","robots_max_videopreview":"-1","robots_max_imagepreview":"large","priority":null,"frequency":"default","local_seo":null,"breadcrumb_settings":null,"limit_modified_date":false,"ai":null,"created":"2025-05-13 08:53:26","updated":"2025-06-26 18:47:13","focus_keyword":null,"additional_keywords":null,"truseo_locale":null,"seo_analyzer_scan_date":null},"aioseo_breadcrumb":"<div class=\"aioseo-breadcrumbs\"><span class=\"aioseo-breadcrumb\">\n\t\t\t<a href=\"https:\/\/serbiantimes.info\/en\" title=\"Home\">Home<\/a>\n\t\t<\/span><span class=\"aioseo-breadcrumb-separator\">&raquo;<\/span><span class=\"aioseo-breadcrumb\">\n\t\t\t<a href=\"https:\/\/serbiantimes.info\/en\/category\/diaspora\/\" title=\"DIASPORA\">DIASPORA<\/a>\n\t\t<\/span><span class=\"aioseo-breadcrumb-separator\">&raquo;<\/span><span class=\"aioseo-breadcrumb\">\n\t\t\tMISSING SERBIAN TRUCK DRIVER FOUND IN GERMANY: \u017deljko (27) stopped at a rest stop and all traces of him were lost!\n\t\t<\/span><\/div>","aioseo_breadcrumb_json":[{"label":"Home","link":"https:\/\/serbiantimes.info\/en"},{"label":"DIASPORA","link":"https:\/\/serbiantimes.info\/en\/category\/diaspora\/"},{"label":"MISSING SERBIAN TRUCK DRIVER FOUND IN GERMANY: \u017deljko (27) stopped at a rest stop and all traces of him were lost!","link":"https:\/\/serbiantimes.info\/en\/missing-serbian-truck-driver-found-in-germany-zeljko-27-stopped-at-a-rest-stop-and-all-traces-of-him-were-lost\/"}],"distributor_meta":false,"distributor_terms":false,"distributor_media":false,"distributor_original_site_name":"Serbiantimes.info EN","distributor_original_site_url":"https:\/\/serbiantimes.info\/en","push-errors":false,"_links":{"self":[{"href":"https:\/\/serbiantimes.info\/en\/wp-json\/wp\/v2\/posts\/177536","targetHints":{"allow":["GET"]}}],"collection":[{"href":"https:\/\/serbiantimes.info\/en\/wp-json\/wp\/v2\/posts"}],"about":[{"href":"https:\/\/serbiantimes.info\/en\/wp-json\/wp\/v2\/types\/post"}],"author":[{"embeddable":true,"href":"https:\/\/serbiantimes.info\/en\/wp-json\/wp\/v2\/users\/2169"}],"replies":[{"embeddable":true,"href":"https:\/\/serbiantimes.info\/en\/wp-json\/wp\/v2\/comments?post=177536"}],"version-history":[{"count":1,"href":"https:\/\/serbiantimes.info\/en\/wp-json\/wp\/v2\/posts\/177536\/revisions"}],"predecessor-version":[{"id":177558,"href":"https:\/\/serbiantimes.info\/en\/wp-json\/wp\/v2\/posts\/177536\/revisions\/177558"}],"wp:featuredmedia":[{"embeddable":true,"href":"https:\/\/serbiantimes.info\/en\/wp-json\/wp\/v2\/media\/177537"}],"wp:attachment":[{"href":"https:\/\/serbiantimes.info\/en\/wp-json\/wp\/v2\/media?parent=177536"}],"wp:term":[{"taxonomy":"category","embeddable":true,"href":"https:\/\/serbiantimes.info\/en\/wp-json\/wp\/v2\/categories?post=177536"},{"taxonomy":"post_tag","embeddable":true,"href":"https:\/\/serbiantimes.info\/en\/wp-json\/wp\/v2\/tags?post=177536"}],"curies":[{"name":"wp","href":"https:\/\/api.w.org\/{rel}","templated":true}]}}