{"id":177259,"date":"2025-05-09T15:44:38","date_gmt":"2025-05-09T13:44:38","guid":{"rendered":"https:\/\/serbiantimes.info\/en\/?p=177259"},"modified":"2025-05-09T15:44:39","modified_gmt":"2025-05-09T13:44:39","slug":"one-of-the-most-powerful-serbian-secret-societies-this-is-the-incredible-story-of-apis-and-the-black-hand","status":"publish","type":"post","link":"https:\/\/serbiantimes.info\/en\/one-of-the-most-powerful-serbian-secret-societies-this-is-the-incredible-story-of-apis-and-the-black-hand\/","title":{"rendered":"ONE OF THE MOST POWERFUL SERBIAN SECRET SOCIETIES: This is the Incredible Story of Apis and the &#8220;Black Hand&#8221;!"},"content":{"rendered":"\n<p>Oaths sworn on the cross, masked rituals, a constitution and a coat of arms featuring a hand holding a flag with a death&#8217;s head and bones, alongside a bomb, a dagger, and a vial of poison, are just some of the symbols, rites, and myths of one of the most powerful Serbian secret societies of the early 20th century.<\/p>\n\n\n\n<p>&#8220;Unification or Death,&#8221; also known as the Black Hand, was a secret revolutionary organization composed of officers and former conspirators whose goal was the national liberation and unification of territories inhabited by Serbs.<\/p>\n\n\n\n<p>&#8220;A secret organization of people who were either Chetnik commanders or were connected to Serbian propaganda in the area of Old Serbia \u2013 territories that were still under the rule of the Ottoman Empire at that time,&#8221; Boris Markovi\u0107, a historian and curator at the Historical Museum of Serbia in Belgrade, tells BBC Serbian.<\/p>\n\n\n\n<p>The most prominent figure of the Black Hand was Dragutin Dimitrijevi\u0107 Apis \u2013 a colonel, a conspirator in the May Coup, the chief of intelligence, as well as an officer whom many in the army feared.<\/p>\n\n\n\n<p>The beginning of the end for this secret organization began on April 2, 1917, with the Salonica Trial \u2013 a political trial of the Black Hand members that ended in June of the same year with the execution of three prominent members: Apis, Ljubomir Vulovi\u0107, and Rade Malobabi\u0107.<\/p>\n\n\n\n<p>They were rehabilitated only after World War II in socialist Yugoslavia \u2013 in June 1953.<\/p>\n\n\n\n<figure class=\"wp-block-image size-large\"><img loading=\"lazy\" decoding=\"async\" width=\"1024\" height=\"684\" src=\"http:\/\/serbiantimes.info\/wp-content\/uploads\/sites\/2\/2025\/05\/Black_Hand_Members-1024x684.jpg\" alt=\"\" class=\"wp-image-177260\" srcset=\"https:\/\/serbiantimes.info\/en\/wp-content\/uploads\/sites\/2\/2025\/05\/Black_Hand_Members-1024x684.jpg 1024w, https:\/\/serbiantimes.info\/en\/wp-content\/uploads\/sites\/2\/2025\/05\/Black_Hand_Members-300x200.jpg 300w, https:\/\/serbiantimes.info\/en\/wp-content\/uploads\/sites\/2\/2025\/05\/Black_Hand_Members-768x513.jpg 768w, https:\/\/serbiantimes.info\/en\/wp-content\/uploads\/sites\/2\/2025\/05\/Black_Hand_Members-400x267.jpg 400w, https:\/\/serbiantimes.info\/en\/wp-content\/uploads\/sites\/2\/2025\/05\/Black_Hand_Members.jpg 1200w\" sizes=\"auto, (max-width: 1024px) 100vw, 1024px\" \/><figcaption class=\"wp-element-caption\">Dragutin Dimitrijevi\u0107 Apis i Crna ruka \/ Wikimedia Creative Commons<\/figcaption><\/figure>\n\n\n\n<h3 class=\"wp-block-heading\"><strong>What was the Black Hand?<\/strong><\/h3>\n\n\n\n<p>The official name of the organization was &#8220;Unification or Death,&#8221; while the Black Hand was an Austrian name that became common among the inhabitants of Serbia.<\/p>\n\n\n\n<p>It was formed in May 1911, at a time when secret societies and youth organizations were springing up across Europe.<\/p>\n\n\n\n<p>Various stories and myths circulated about it, and even newspapers wrote about &#8220;masked rituals,&#8221; modeled after Masonic gatherings.<\/p>\n\n\n\n<p>&#8220;Essentially, we don&#8217;t know much about it, but we know for sure that it had its own constitution and that an oath had to be taken upon joining the organization,&#8221; says historian Markovi\u0107.<\/p>\n\n\n\n<p>It was founded by Bogdan Radenkovi\u0107 \u2013 a political representative of Serbs in the Ottoman Empire and a professor in Skopje.<\/p>\n\n\n\n<p>He connected with members of the Serbian Chetnik Action \u2013 an armed formation that operated in the territory of so-called Old Serbia, which includes the regions of Ra\u0161ka (Sand\u017eak), Kosovo, Metohija, and present-day North Macedonia, still part of the Ottoman Empire.<\/p>\n\n\n\n<p>Among the Chetnik commanders were, among others, Velimir Vemi\u0107, Voja Tankosi\u0107, and Vojin Popovi\u0107, better known as Duke Vuk.<\/p>\n\n\n\n<p>Historian Markovi\u0107 says that armed members of this unit secretly went to areas inhabited by Serbian populations that were not yet liberated.<\/p>\n\n\n\n<p>It turned out that in those areas, they also clashed with Bulgarian komitas, later the Internal Macedonian Revolutionary Organization.<\/p>\n\n\n\n<p>&#8220;It was a kind of struggle for propaganda and influence, that is, for the spread of either Serbian or Bulgarian national identity among the Slavic population in the area of present-day North Macedonia, as well as the protection of the people from Albanians and Turks,&#8221; explains Markovi\u0107.<\/p>\n\n\n\n<p>They were financed, he adds, by &#8220;certain circles of the Belgrade elite&#8221; \u2013 doctors, some politicians and diplomats, but not the state, at least officially.<\/p>\n\n\n\n<p>The sole goal of this organization, says Markovi\u0107, was the national liberation and unification of territories inhabited by Serbs, but unlike political parties, they believed &#8220;that this goal is achieved by weapons,&#8221; that is, by revolution.<\/p>\n\n\n\n<p>The Black Hand was hierarchically structured and from the beginning rejected &#8220;democratic, political means for achieving goals.&#8221;<\/p>\n\n\n\n<p>&#8220;They viewed politics as something dishonorable and said that &#8216;parties and party struggles pollute the pure fabric of Serbian society,&#8217; and that political struggle itself is not a good way to fight for national goals,&#8221; the historian emphasizes.<\/p>\n\n\n\n<figure class=\"wp-block-embed is-type-rich is-provider-facebook wp-block-embed-facebook\"><div class=\"wp-block-embed__wrapper\">\nhttps:\/\/www.facebook.com\/serbiantimes\/posts\/741285926526421\n<\/div><\/figure>\n\n\n\n<p>Soon after its founding, they began publishing the newspaper <em class=\"\">Pijemont<\/em>, whose editor was Ljubomir Jovanovi\u0107 \u010cupa.<\/p>\n\n\n\n<p>There, says Markovi\u0107, Prussian models can be observed, that is, their militarism which they saw as a &#8220;way out for the entire Serbian society.&#8221;<\/p>\n\n\n\n<p>The organization spread rapidly, and one Black Hand member could bring in five new members.<\/p>\n\n\n\n<p>There was a vow of silence, so newcomers swore that they &#8220;knew only him and no one else.&#8221;<\/p>\n\n\n\n<p>From about a hundred members at the beginning, it is estimated that the organization eventually numbered between 1,000 and 2,000 people.<\/p>\n\n\n\n<p>Their base was in the Belgrade garrison, but they were also scattered throughout the Ottoman Empire and Austria-Hungary.<\/p>\n\n\n\n<figure class=\"wp-block-image size-large\"><img loading=\"lazy\" decoding=\"async\" width=\"1024\" height=\"577\" src=\"http:\/\/serbiantimes.info\/wp-content\/uploads\/sites\/2\/2025\/05\/Black_hand_photo_in_dress_uniforms-1024x577.jpg\" alt=\"\" class=\"wp-image-177262\" srcset=\"https:\/\/serbiantimes.info\/en\/wp-content\/uploads\/sites\/2\/2025\/05\/Black_hand_photo_in_dress_uniforms-1024x577.jpg 1024w, https:\/\/serbiantimes.info\/en\/wp-content\/uploads\/sites\/2\/2025\/05\/Black_hand_photo_in_dress_uniforms-300x169.jpg 300w, https:\/\/serbiantimes.info\/en\/wp-content\/uploads\/sites\/2\/2025\/05\/Black_hand_photo_in_dress_uniforms-768x433.jpg 768w, https:\/\/serbiantimes.info\/en\/wp-content\/uploads\/sites\/2\/2025\/05\/Black_hand_photo_in_dress_uniforms-400x225.jpg 400w, https:\/\/serbiantimes.info\/en\/wp-content\/uploads\/sites\/2\/2025\/05\/Black_hand_photo_in_dress_uniforms.jpg 1200w\" sizes=\"auto, (max-width: 1024px) 100vw, 1024px\" \/><figcaption class=\"wp-element-caption\">Dragutin Dimitrijevi\u0107 Apis i Crna ruka \/ Wikimedia Creative Commons<\/figcaption><\/figure>\n\n\n\n<h3 class=\"wp-block-heading\"><strong>The Black Hand Before its Founding \u2013 The May Coup<\/strong><\/h3>\n\n\n\n<p>Although the founding of the Black Hand was not even planned at the time, some of its prominent members participated in the May Coup on the night between June 10 and 11, 1903 (May 28 and 29 according to the Julian calendar).<\/p>\n\n\n\n<p>That night, a group of dissatisfied conspirators led by senior officers carried out a coup d&#8217;\u00e9tat and assassinated King Aleksandar Obrenovi\u0107 and Queen Draga Ma\u0161in.<\/p>\n\n\n\n<p>Among the leaders of the coup that led to the end of the Obrenovi\u0107 dynasty were Jovan Atanackovi\u0107, the former brother-in-law of Queen Draga \u2013 Aleksandar Ma\u0161in, as well as Petar Mi\u0161i\u0107, who years later would be on the commission that tried Apis and the Black Hand members in the Salonica Trial.<\/p>\n\n\n\n<p>The palace gates were opened by another of their future enemies \u2013 Petar \u017divkovi\u0107.<\/p>\n\n\n\n<p>He would later become the first man of the White Hand, an organization of officers who opposed the Black Hand and &#8220;wanted to create their own influence with Regent Aleksandar Kara\u0111or\u0111evi\u0107 and the officers themselves,&#8221; explains Markovi\u0107.<\/p>\n\n\n\n<p>In addition to Apis, other Black Hand members such as Voja Tankosi\u0107, who commanded the firing squad for Queen Draga&#8217;s brothers, as well as Ljubomir Vulovi\u0107, \u010cedomir Popovi\u0107, and others participated in the coup.<\/p>\n\n\n\n<figure class=\"wp-block-image size-large\"><img loading=\"lazy\" decoding=\"async\" width=\"1024\" height=\"576\" src=\"http:\/\/serbiantimes.info\/wp-content\/uploads\/sites\/2\/2025\/05\/Main_noire_defile_Belgrade-1024x576.jpg\" alt=\"\" class=\"wp-image-177264\" srcset=\"https:\/\/serbiantimes.info\/en\/wp-content\/uploads\/sites\/2\/2025\/05\/Main_noire_defile_Belgrade-1024x576.jpg 1024w, https:\/\/serbiantimes.info\/en\/wp-content\/uploads\/sites\/2\/2025\/05\/Main_noire_defile_Belgrade-300x169.jpg 300w, https:\/\/serbiantimes.info\/en\/wp-content\/uploads\/sites\/2\/2025\/05\/Main_noire_defile_Belgrade-768x432.jpg 768w, https:\/\/serbiantimes.info\/en\/wp-content\/uploads\/sites\/2\/2025\/05\/Main_noire_defile_Belgrade-400x225.jpg 400w, https:\/\/serbiantimes.info\/en\/wp-content\/uploads\/sites\/2\/2025\/05\/Main_noire_defile_Belgrade.jpg 1200w\" sizes=\"auto, (max-width: 1024px) 100vw, 1024px\" \/><figcaption class=\"wp-element-caption\">Parada Crne ruke u Beogradu \/ Wikimedia Creative Commons<\/figcaption><\/figure>\n\n\n\n<h3 class=\"wp-block-heading\"><strong>The Balkan Wars and the Beginning of Conflict with Pa\u0161i\u0107<\/strong><\/h3>\n\n\n\n<p>Until the beginning of World War I, there were three centers of influence in Serbia \u2013 the king, or regent, then the government, the assembly, and political parties, and finally the army and its officer structure, headed by Apis and the Black Hand, Markovi\u0107 points out.<\/p>\n\n\n\n<p>The army at that time, the historian adds, represented the &#8220;pillar of the Serbian state,&#8221; the people trusted it, and it had &#8220;serious political influence.&#8221;<\/p>\n\n\n\n<p>With the outbreak of the First Balkan War in October 1912, Chetnik formations, led by Black Hand members, &#8220;acted in accordance with state policy,&#8221; while after its end, in May 1913, the first serious conflict arose between Nikola Pa\u0161i\u0107, the radical prime minister, and Apis.<\/p>\n\n\n\n<p>This war liberated Old Serbia.<\/p>\n\n\n\n<p>Since Austria did not allow Serbia access to the Albanian coast, the Serbian army remained in Macedonia \u2013 a territory that was supposed to be divided with Bulgaria, which led to a sharp deterioration in relations.<\/p>\n\n\n\n<p>Pa\u0161i\u0107 wanted an agreement with the Bulgarians, but Apis and the officers, the liberators of that territory, did not want to leave it.<\/p>\n\n\n\n<p>&#8220;In the summer of 1913, the Bulgarians attacked Serbia, which helped prevent an escalation of the conflict between Pa\u0161i\u0107 and Apis because it provided an opportunity for both to gather their forces and resist the attack on the Bregalnica,&#8221; Markovi\u0107 states.<\/p>\n\n\n\n<p>After the Second Balkan War, new problems arose because it was necessary to find a model for governing the new territories, inhabited by more than a million and a half people, among whom were not only Serbs.<\/p>\n\n\n\n<p>&#8220;Pa\u0161i\u0107 advocates for the democratic principle that elections be held there and a new government be formed.&#8221;<\/p>\n\n\n\n<p>&#8220;On the other hand, Apis believes that for the next 10 years, only military administration must rule, which will lead to the integration of the local population into society at some point,&#8221; explains Markovi\u0107.<\/p>\n\n\n\n<p>The government then adopted the so-called &#8220;regulation on priority,&#8221; according to which civilian authority in the conquered territories had precedence over military authority.<\/p>\n\n\n\n<p>However, Apis begins to pressure King Peter Kara\u0111or\u0111evi\u0107 to overthrow Pa\u0161i\u0107&#8217;s government.<\/p>\n\n\n\n<p>&#8220;King Peter did that, which was not seen as a legitimate act because that government had a majority in parliament.&#8221;<\/p>\n\n\n\n<p>&#8220;In those circumstances, he was criticized by the allies \u2013 representatives of Russia and France,&#8221; adds Markovi\u0107.<\/p>\n\n\n\n<p>Through their intervention, Pa\u0161i\u0107 returns to the head of the government, King Peter withdraws from the political scene, while Apis still has enormous influence.<\/p>\n\n\n\n<p>Regent Aleksandar Kara\u0111or\u0111evi\u0107, who supported the Black Hand and on one occasion even financially helped them with 26,000 dinars at the time, came to the king&#8217;s place.<\/p>\n\n\n\n<p>This was just a few days before the assassination in Sarajevo of Austro-Hungarian Crown Prince Franz Ferdinand and his wife Sophie on June 28, 1914, which was the immediate cause of the outbreak of World War I.<\/p>\n\n\n\n<p>It was organized by Young Bosnia, and its member Gavrilo Princip fired the shots.<\/p>\n\n\n\n<figure class=\"wp-block-embed is-type-rich is-provider-facebook wp-block-embed-facebook\"><div class=\"wp-block-embed__wrapper\">\nhttps:\/\/www.facebook.com\/serbiantimes\/posts\/758655134789500\n<\/div><\/figure>\n\n\n\n<h3 class=\"wp-block-heading\"><strong>World War I and the Black Hand<\/strong><\/h3>\n\n\n\n<p>Apis entered World War I as the chief of Serbian intelligence, the head of the Intelligence Department of the Supreme General Staff.<\/p>\n\n\n\n<p>His agents were throughout the country, even in the two neighboring monarchies \u2013 Austria-Hungary and the Ottoman Empire.<\/p>\n\n\n\n<p>&#8220;If it weren&#8217;t for the Black Hand, the then Serbian military intelligence service would not have had serious information from abroad,&#8221; says historian Markovi\u0107.<\/p>\n\n\n\n<p>However, the war brought many challenges, and at the end of 1915, a new conflict arose between Apis and Pa\u0161i\u0107.<\/p>\n\n\n\n<p>At a time when Austria-Hungary and Germany were planning an offensive against Serbia, fears arose that Bulgaria, if it joined the Central Powers, would close the Serbian army&#8217;s retreat route through the Morava-Vardar valley towards Thessaloniki.<\/p>\n\n\n\n<p>Serbia&#8217;s preemptive attack, says Markovi\u0107, was called off by the Allies, who hoped that Bulgaria would still join the Entente \u2013 the military alliance of Great Britain, France, and Russia.<\/p>\n\n\n\n<p>&#8220;Apis has no dilemma that Pa\u0161i\u0107, as a negotiator with the allies, must have, and believes that the Bulgarians must be dealt with as soon as possible in order to secure the direction towards Thessaloniki.&#8221;<\/p>\n\n\n\n<p>&#8220;The wishes of the Serbian officers were not granted because the allies did not allow it, and the Serbian army reached Corfu via the more difficult route through Albania, and then after recovery, to Thessaloniki,&#8221; the historian adds.<\/p>\n\n\n\n<p>In the atmosphere of defeat, the government and the army began to shift blame onto each other, and the further development of the conflict was prevented by the difficult circumstances they found themselves in.<\/p>\n\n\n\n<p>Many prominent members of the Black Hand perished on the front lines in the first two years of the war.<\/p>\n\n\n\n<p>Voja Tankosi\u0107 died from wounds sustained during the Serbian army&#8217;s retreat in the autumn of 1915, while Vojin Popovi\u0107 \u2013 Duke Vuk \u2013 was killed in 1916 at Kajmak\u010dalan.<\/p>\n\n\n\n<p>In this way, Apis lost trusted people who &#8220;had his back&#8221; in &#8220;any conflict with Pa\u0161i\u0107 and the regent.&#8221;<\/p>\n\n\n\n<p>Thus, an opportunity arose, says Markovi\u0107, for the two centers of power \u2013 the king and the radical government, with the help of the White Hand, to unite in an effort to defeat the Black Hand.<\/p>\n\n\n\n<p>&#8220;They used the incident of September 11, 1916, when someone near the village of Ostrovo, not far from Thessaloniki, shot at the car in which Regent Aleksandar was.&#8221;<\/p>\n\n\n\n<p>Apis was arrested on December 27th, followed by dozens of other Black Hand members.<\/p>\n\n\n\n<p>After several months of preliminary investigation, the Salonica Trial began on April 2, 1917.<\/p>\n\n\n\n<p>The organizers of the trial initially had the idea of passing a law on the &#8220;Extraordinary Military Court for Officers&#8221; because the existing one applied to non-commissioned officers and soldiers, which the Government opposed.<\/p>\n\n\n\n<figure class=\"wp-block-image size-large\"><img loading=\"lazy\" decoding=\"async\" width=\"1024\" height=\"641\" src=\"http:\/\/serbiantimes.info\/wp-content\/uploads\/sites\/2\/2025\/05\/Gavrilo_Princip_captured_in_Sarajevo_1914-1024x641.jpg\" alt=\"\" class=\"wp-image-177266\" srcset=\"https:\/\/serbiantimes.info\/en\/wp-content\/uploads\/sites\/2\/2025\/05\/Gavrilo_Princip_captured_in_Sarajevo_1914-1024x641.jpg 1024w, https:\/\/serbiantimes.info\/en\/wp-content\/uploads\/sites\/2\/2025\/05\/Gavrilo_Princip_captured_in_Sarajevo_1914-300x188.jpg 300w, https:\/\/serbiantimes.info\/en\/wp-content\/uploads\/sites\/2\/2025\/05\/Gavrilo_Princip_captured_in_Sarajevo_1914-768x481.jpg 768w, https:\/\/serbiantimes.info\/en\/wp-content\/uploads\/sites\/2\/2025\/05\/Gavrilo_Princip_captured_in_Sarajevo_1914-400x250.jpg 400w, https:\/\/serbiantimes.info\/en\/wp-content\/uploads\/sites\/2\/2025\/05\/Gavrilo_Princip_captured_in_Sarajevo_1914.jpg 1200w\" sizes=\"auto, (max-width: 1024px) 100vw, 1024px\" \/><figcaption class=\"wp-element-caption\">Mete\u017e u momentima nakon ubistva Franca Ferdinanda u Sarajevu. Policija odvodi Gavrila Principa (gore desno) \/ Wikimedia Creative Commons<\/figcaption><\/figure>\n\n\n\n<h3 class=\"wp-block-heading\"><strong>&#8220;Violence Against Justice&#8221;<\/strong><\/h3>\n\n\n\n<p>After several changes to the indictments, Apis and the accused members of the Black Hand were ultimately tried for the assassination attempt on the heir apparent and belonging to a subversive organization, that is, treason.<\/p>\n\n\n\n<p>&#8220;In Thessaloniki, it was a political trial par excellence, violence against justice.&#8221;<\/p>\n\n\n\n<p>&#8220;Slobodan Jovanovi\u0107, an excellent connoisseur of the law at the time, who knew them personally \u2013 if nothing else, he was familiar with their way of thinking \u2013 certainly assessed it as such,&#8221; Mile Bjelajac, director of the Institute for Contemporary History of Serbia, tells BBC Serbian.<\/p>\n\n\n\n<p>The only witness in the proceedings was a certain Temeljko Veljanovi\u0107, previously sentenced to death for murder.<\/p>\n\n\n\n<p>He said that he saw Rade Malobabi\u0107, Apis&#8217;s agent and a Black Hand member, shooting at the car in which Regent Aleksandar was.<\/p>\n\n\n\n<p>With this testimony, Temeljko&#8217;s sentence was supposed to be commuted to life imprisonment.<\/p>\n\n\n\n<p>&#8220;At one point in the investigation, almost everything fell apart on a simple question prepared for the witness as to whether the car was going from Lake Ostrovo towards Thessaloniki or vice versa.&#8221;<\/p>\n\n\n\n<p>&#8220;Who can forget that if they were an eyewitness at the scene? He got confused, they somehow covered it up,&#8221; says Bjelajac.<\/p>\n\n\n\n<p><strong>The Sarajevo Assassination<\/strong><\/p>\n\n\n\n<p>In the preliminary investigation, Apis took responsibility for the Sarajevo assassination, stating that Rade Malobabi\u0107 organized the action on his orders.<\/p>\n\n\n\n<p>&#8220;We have fairly clear testimonies from people who belonged to the Black Hand, and even from Apis himself, that he was in some way connected to Young Bosnia and that through Rade Malobabi\u0107 he organized actions in accordance with the actions of the Black Hand,&#8221; states Markovi\u0107.<\/p>\n\n\n\n<p>Apis&#8217;s closest associate, Voja Tankosi\u0107, supplied the Young Bosnians with weapons from Chetnik warehouses in Serbia.<\/p>\n\n\n\n<p>However, he did not provide the weapons for the Sarajevo assassination, Markovi\u0107 claims.<\/p>\n\n\n\n<p>Although they were very close, he adds that these two revolutionary organizations operated separately.<\/p>\n\n\n\n<p>Bjelajac believes that Apis took responsibility for the Sarajevo assassination because he did not want to allow &#8220;the radicals to kill Rade Malobabi\u0107,&#8221; his chief intelligence officer in Austria-Hungary.<\/p>\n\n\n\n<p>Tankosi\u0107 then informed Apis that there were &#8220;some children who would try something,&#8221; which is why he sought his consent &#8220;to let them.&#8221;<\/p>\n\n\n\n<p>Without immediately considering the consequences, he gave him permission, but soon changed his mind and in several ways tried to prevent the assassination.<\/p>\n\n\n\n<p>&#8220;If Apis had organized it, he would not have sent someone who doesn&#8217;t know how to shoot and who is throwing a bomb for the first time in his life, but he would have sent Bosnian komitas who had thrown hundreds of bombs and shot countless times,&#8221; says Bjelajac.<\/p>\n\n\n\n<p>Markovi\u0107 believes that he did not do this to acquit Malobabi\u0107 but to make it harder for Regent Aleksandar and Pa\u0161i\u0107 to convict him in the eyes of the Serbian public with that confession.<\/p>\n\n\n\n<p>However, this confession was not even discussed in court.<\/p>\n\n\n\n<p>Markovi\u0107 says that the crackdown on the Black Hand members took place in parallel with the negotiations between the Entente and Austria-Hungary on a separate peace in 1916 and 1917.<\/p>\n\n\n\n<p>&#8220;As one of the conditions for Austria-Hungary&#8217;s exit from the war, it is mentioned that the Austro-Hungarians want all those people they believe were involved in the Sarajevo assassination to be removed.&#8221;<\/p>\n\n\n\n<p>&#8220;That also applied to Apis, it was a good moment to exploit international pressure to achieve his own political gain,&#8221; Markovi\u0107 believes.<\/p>\n\n\n\n<p>Bjelajac claims that the Serbian government learned about the secret negotiations between France and Austria-Hungary only in the spring of 1918, when the new French Prime Minister Georges Clemenceau presented the content of the Austro-Hungarian proposals in the assembly.<\/p>\n\n\n\n<p>&#8220;Those negotiations failed before the end of the Salonica Trial,&#8221; says Bjelajac.<\/p>\n\n\n\n<p>After World War I, &#8220;certain witnesses&#8221; also spoke about how &#8220;President Clemenceau&#8221; sought &#8220;Apis&#8217;s head&#8221; in order to allegedly &#8220;accommodate Austria-Hungary.&#8221;<\/p>\n\n\n\n<p>That, the historian adds, is a &#8220;false claim&#8221; because during the Salonica Trial he was just an ordinary member of the French parliament.<\/p>\n\n\n\n<p>&#8220;With these voices, the perpetrators of the trial, that is, those who were in a position to pardon the convicts, certainly freed themselves of at least part of the guilt,&#8221; writes Bjelajac in the foreword to the book <em>Colonel Apis<\/em>, by his nephew Milan \u017d. Jovanovi\u0107.<\/p>\n\n\n\n<p>He also points out that during the trial, &#8220;France, Britain, and democratic Russia&#8221; intervened against the trial, and especially against the execution of &#8220;drastic punishments.&#8221;<\/p>\n\n\n\n<figure class=\"wp-block-image size-large\"><img loading=\"lazy\" decoding=\"async\" width=\"1024\" height=\"720\" src=\"http:\/\/serbiantimes.info\/wp-content\/uploads\/sites\/2\/2025\/04\/Sarajevo_trial_accused-1024x720.jpg\" alt=\"\" class=\"wp-image-176440\" srcset=\"https:\/\/serbiantimes.info\/en\/wp-content\/uploads\/sites\/2\/2025\/04\/Sarajevo_trial_accused-1024x720.jpg 1024w, https:\/\/serbiantimes.info\/en\/wp-content\/uploads\/sites\/2\/2025\/04\/Sarajevo_trial_accused-300x211.jpg 300w, https:\/\/serbiantimes.info\/en\/wp-content\/uploads\/sites\/2\/2025\/04\/Sarajevo_trial_accused-768x540.jpg 768w, https:\/\/serbiantimes.info\/en\/wp-content\/uploads\/sites\/2\/2025\/04\/Sarajevo_trial_accused-400x281.jpg 400w, https:\/\/serbiantimes.info\/en\/wp-content\/uploads\/sites\/2\/2025\/04\/Sarajevo_trial_accused.jpg 1200w\" sizes=\"auto, (max-width: 1024px) 100vw, 1024px\" \/><figcaption class=\"wp-element-caption\">Su\u0111enje Gavrilu Principu i mladobosancima u Sarajevu \/ Wikimedia Creative Commons<\/figcaption><\/figure>\n\n\n\n<h3 class=\"wp-block-heading\"><strong>What Happened to Apis and the Black Hand?<\/strong><\/h3>\n\n\n\n<p>The trial lasted until the beginning of June 1917.<\/p>\n\n\n\n<p>Dragutin Dimitrijevi\u0107 Apis, Ljubomir Vulovi\u0107, and Rade Malobabi\u0107 were sentenced to death.<\/p>\n\n\n\n<p>They were shot at dawn on June 26th in Mikri, near Thessaloniki.<\/p>\n\n\n\n<p>&#8220;Before their death, the verdict was read to them for hours while they were tied to a tree, with blindfolds over their eyes,&#8221; adds Markovi\u0107.<\/p>\n\n\n\n<p>Six other Black Hand members were sentenced to death but were subsequently pardoned.<\/p>\n\n\n\n<p>They financially assisted the widow of Major Ljubomir Bulovi\u0107 while they were free.<\/p>\n\n\n\n<p>The founder of the Black Hand \u2013 Bogdan Radenkovi\u0107 \u2013 died in a prison hospital on June 30, 1917.<\/p>\n\n\n\n<p><strong>&#8220;Judicial Murder Without Basis in Law&#8221;<\/strong><\/p>\n\n\n\n<p>Bjelajac says that Professor Slobodan Jovanovi\u0107 as early as 1919, at the invitation of Regent Aleksandar, expressed doubts about the legality of the trial.<\/p>\n\n\n\n<p>&#8220;Jovanovi\u0107 explained that the death penalty could not be based on the law and that it was a judicial murder,&#8221; the historian wrote.<\/p>\n\n\n\n<figure class=\"wp-block-image size-large\"><img loading=\"lazy\" decoding=\"async\" width=\"868\" height=\"1024\" src=\"http:\/\/serbiantimes.info\/wp-content\/uploads\/sites\/2\/2025\/05\/Salonika_Trial_after_verdict-868x1024.jpg\" alt=\"\" class=\"wp-image-177269\" srcset=\"https:\/\/serbiantimes.info\/en\/wp-content\/uploads\/sites\/2\/2025\/05\/Salonika_Trial_after_verdict-868x1024.jpg 868w, https:\/\/serbiantimes.info\/en\/wp-content\/uploads\/sites\/2\/2025\/05\/Salonika_Trial_after_verdict-254x300.jpg 254w, https:\/\/serbiantimes.info\/en\/wp-content\/uploads\/sites\/2\/2025\/05\/Salonika_Trial_after_verdict-768x906.jpg 768w, https:\/\/serbiantimes.info\/en\/wp-content\/uploads\/sites\/2\/2025\/05\/Salonika_Trial_after_verdict-400x472.jpg 400w, https:\/\/serbiantimes.info\/en\/wp-content\/uploads\/sites\/2\/2025\/05\/Salonika_Trial_after_verdict.jpg 1200w\" sizes=\"auto, (max-width: 868px) 100vw, 868px\" \/><figcaption class=\"wp-element-caption\">Osu\u0111enici solunskog procesa  \/ Wikimedia Creative Commons<\/figcaption><\/figure>\n\n\n\n<p>&#8220;For proven guilt, Serbian law required the confession of the accused or at least two witnesses. That was not the case.&#8221;<\/p>\n\n\n\n<p>&#8220;Even the only witness does not testify about him but about Malobabi\u0107.&#8221;<\/p>\n\n\n\n<figure class=\"wp-block-image size-large\"><img loading=\"lazy\" decoding=\"async\" width=\"1024\" height=\"682\" src=\"http:\/\/serbiantimes.info\/wp-content\/uploads\/sites\/2\/2025\/05\/Apis_and_two_Black_Hand_preo-1024x682.jpg\" alt=\"\" class=\"wp-image-177270\" srcset=\"https:\/\/serbiantimes.info\/en\/wp-content\/uploads\/sites\/2\/2025\/05\/Apis_and_two_Black_Hand_preo-1024x682.jpg 1024w, https:\/\/serbiantimes.info\/en\/wp-content\/uploads\/sites\/2\/2025\/05\/Apis_and_two_Black_Hand_preo-300x200.jpg 300w, https:\/\/serbiantimes.info\/en\/wp-content\/uploads\/sites\/2\/2025\/05\/Apis_and_two_Black_Hand_preo-768x511.jpg 768w, https:\/\/serbiantimes.info\/en\/wp-content\/uploads\/sites\/2\/2025\/05\/Apis_and_two_Black_Hand_preo-400x266.jpg 400w, https:\/\/serbiantimes.info\/en\/wp-content\/uploads\/sites\/2\/2025\/05\/Apis_and_two_Black_Hand_preo.jpg 1200w\" sizes=\"auto, (max-width: 1024px) 100vw, 1024px\" \/><figcaption class=\"wp-element-caption\">Dragutin Dimitrijevi\u0107 Apis i Crna ruka \/ Wikimedia Creative Commons<\/figcaption><\/figure>\n\n\n\n<p>&#8220;He was convicted on the basis of &#8216;circumstantial evidence,&#8217; but such evidence only leads to a lighter sentence and certainly not the most severe,&#8221; writes Bjelajac.<\/p>\n\n\n\n<p>Kara\u0111or\u0111evi\u0107 replied that &#8220;his people did not present it to him that way.&#8221;<\/p>\n\n\n\n<p>&#8220;To pardon an officer who tries to kill his Supreme Commander in the middle of a war would mean completely destroying military discipline,&#8221; the regent justified himself.<\/p>\n\n\n\n<figure class=\"wp-block-image size-large\"><img loading=\"lazy\" decoding=\"async\" width=\"1024\" height=\"688\" src=\"http:\/\/serbiantimes.info\/wp-content\/uploads\/sites\/2\/2025\/05\/Signatures_of_Black_Hand_members-1024x688.jpg\" alt=\"\" class=\"wp-image-177273\" srcset=\"https:\/\/serbiantimes.info\/en\/wp-content\/uploads\/sites\/2\/2025\/05\/Signatures_of_Black_Hand_members-1024x688.jpg 1024w, https:\/\/serbiantimes.info\/en\/wp-content\/uploads\/sites\/2\/2025\/05\/Signatures_of_Black_Hand_members-300x202.jpg 300w, https:\/\/serbiantimes.info\/en\/wp-content\/uploads\/sites\/2\/2025\/05\/Signatures_of_Black_Hand_members-768x516.jpg 768w, https:\/\/serbiantimes.info\/en\/wp-content\/uploads\/sites\/2\/2025\/05\/Signatures_of_Black_Hand_members-400x269.jpg 400w, https:\/\/serbiantimes.info\/en\/wp-content\/uploads\/sites\/2\/2025\/05\/Signatures_of_Black_Hand_members.jpg 1200w\" sizes=\"auto, (max-width: 1024px) 100vw, 1024px\" \/><figcaption class=\"wp-element-caption\">Pe\u010dat i potpisi pripadnika Crne ruke Crna ruka \/ Wikimedia Creative Commons<\/figcaption><\/figure>\n\n\n\n<h3 class=\"wp-block-heading\"><strong>Legacy and Rehabilitation<\/strong><\/h3>\n\n\n\n<p>After the Salonica Trial, the Black Hand officially ceased to exist, but its spirit lingered.<\/p>\n\n\n\n<p>Some of its members, such as Mustafa Golubi\u0107 and Bo\u017ein Simi\u0107, continued their political engagement as communists in the Soviet Union.<\/p>\n\n\n\n<p>Markovi\u0107 says that Simi\u0107 came to Yugoslavia before the military coup on March 27, 1941, and managed to convince the president of the putschist government, Du\u0161an Simovi\u0107, and their representatives that the Soviet Union would stand behind Yugoslavia.<\/p>\n\n\n\n<h4 class=\"wp-block-heading\"><span class=\"has-inline-color has-vivid-red-color\">PRATITE NAS I NA INSTAGRAMU:<\/span><\/h4>\n\n\n\n<figure class=\"wp-block-embed is-type-rich is-provider-instagram wp-block-embed-instagram\"><div class=\"wp-block-embed__wrapper\">\nhttps:\/\/www.instagram.com\/p\/CMhHzR8qyrR\/?utm_source=ig_web_copy_link\n<\/div><\/figure>\n\n\n\n<h2 class=\"wp-block-heading\"><mark style=\"background-color:rgba(0, 0, 0, 0);color:#bd4444\" class=\"has-inline-color\">MORE TOPICS:<\/mark><\/h2>\n\n\n\n<p><strong><a href=\"https:\/\/serbiantimes.info\/en\/report-on-serbia-presented-in-the-european-parliament-the-collapse-of-the-canopy-became-a-tragic-symbol-of-system-corruption-video\/\" title=\"\">REPORT ON SERBIA PRESENTED IN THE EUROPEAN PARLIAMENT: \u201cThe collapse of the canopy became a tragic symbol of system corruption!\u201d (VIDEO)<\/a><\/strong><\/p>\n\n\n\n<p><strong><a href=\"https:\/\/serbiantimes.info\/en\/two-eu-countries-ban-vucics-flight-the-president-of-serbia-will-not-be-able-to-pass-on-the-way-to-moscow\/\" title=\"\">TWO EU COUNTRIES BAN VU\u010cI\u0106\u2019S FLIGHT: The President of Serbia will not be able to pass on the way to Moscow!<\/a><\/strong><\/p>\n\n\n\n<p><strong><a href=\"https:\/\/serbiantimes.info\/en\/serious-incident-in-belgrade-part-of-the-ceiling-collapsed-in-kbc-bezanijska-kosa-a-nurse-injured\/\" title=\"\">SERIOUS INCIDENT IN BELGRADE: Part of the ceiling collapsed in KBC Be\u017eanijska kosa, a nurse injured!<\/a><\/strong><\/p>\n\n\n\n<p><strong>Source<\/strong>: <a href=\"https:\/\/www.bbc.com\/serbian\/lat\/srbija-56611049\" target=\"_blank\" rel=\"noreferrer noopener\">BBC<\/a><br>Foto: Wikimedia Creative Commons<\/p>\n","protected":false},"excerpt":{"rendered":"<p>Oaths sworn on the cross, masked rituals, a constitution and a coat of arms featuring a hand holding a flag with a death&#8217;s head and bones, alongside a bomb, a dagger, and a vial of poison, are just some of the symbols, rites, and myths of one of the most powerful Serbian secret societies of [&hellip;]<\/p>\n","protected":false},"author":1,"featured_media":177274,"comment_status":"open","ping_status":"open","sticky":false,"template":"","format":"standard","meta":{"newspack_featured_image_position":"","newspack_post_subtitle":"","newspack_article_summary_title":"Overview:","newspack_article_summary":"","newspack_hide_updated_date":false,"newspack_show_updated_date":false,"footnotes":""},"categories":[11],"tags":[6459,6460,554],"class_list":["post-177259","post","type-post","status-publish","format-standard","has-post-thumbnail","hentry","category-history","tag-crna-ruka","tag-dragutin-dimitrijevic-apis","tag-istorija-srbije","entry"],"aioseo_notices":[],"distributor_meta":false,"distributor_terms":false,"distributor_media":false,"distributor_original_site_name":"Serbiantimes.info EN","distributor_original_site_url":"https:\/\/serbiantimes.info\/en","push-errors":false,"_links":{"self":[{"href":"https:\/\/serbiantimes.info\/en\/wp-json\/wp\/v2\/posts\/177259","targetHints":{"allow":["GET"]}}],"collection":[{"href":"https:\/\/serbiantimes.info\/en\/wp-json\/wp\/v2\/posts"}],"about":[{"href":"https:\/\/serbiantimes.info\/en\/wp-json\/wp\/v2\/types\/post"}],"author":[{"embeddable":true,"href":"https:\/\/serbiantimes.info\/en\/wp-json\/wp\/v2\/users\/1"}],"replies":[{"embeddable":true,"href":"https:\/\/serbiantimes.info\/en\/wp-json\/wp\/v2\/comments?post=177259"}],"version-history":[{"count":3,"href":"https:\/\/serbiantimes.info\/en\/wp-json\/wp\/v2\/posts\/177259\/revisions"}],"predecessor-version":[{"id":177307,"href":"https:\/\/serbiantimes.info\/en\/wp-json\/wp\/v2\/posts\/177259\/revisions\/177307"}],"wp:featuredmedia":[{"embeddable":true,"href":"https:\/\/serbiantimes.info\/en\/wp-json\/wp\/v2\/media\/177274"}],"wp:attachment":[{"href":"https:\/\/serbiantimes.info\/en\/wp-json\/wp\/v2\/media?parent=177259"}],"wp:term":[{"taxonomy":"category","embeddable":true,"href":"https:\/\/serbiantimes.info\/en\/wp-json\/wp\/v2\/categories?post=177259"},{"taxonomy":"post_tag","embeddable":true,"href":"https:\/\/serbiantimes.info\/en\/wp-json\/wp\/v2\/tags?post=177259"}],"curies":[{"name":"wp","href":"https:\/\/api.w.org\/{rel}","templated":true}]}}