{"id":177191,"date":"2025-05-08T17:06:13","date_gmt":"2025-05-08T15:06:13","guid":{"rendered":"https:\/\/serbiantimes.info\/en\/?p=177191"},"modified":"2025-05-08T17:06:13","modified_gmt":"2025-05-08T15:06:13","slug":"european-parliament-appeals-to-serbian-authorities-release-five-detained-opposition-activists","status":"publish","type":"post","link":"https:\/\/serbiantimes.info\/en\/european-parliament-appeals-to-serbian-authorities-release-five-detained-opposition-activists\/","title":{"rendered":"EUROPEAN PARLIAMENT APPEALS TO SERBIAN AUTHORITIES: Release five detained opposition activists!"},"content":{"rendered":"\n<p>The European Parliament has called on the Serbian authorities to release five detained activists of the opposition Movement of Free Citizens (PSG) and a student from the STAV organization who were illegally wiretapped.<\/p>\n\n\n\n<p>The European Parliament expresses regret over the alleged illegal wiretapping and detention in March this year of five activists from the opposition Movement of Free Citizens (PSG) and one student from the STAV organization, as well as the issuing of warrants for other STAV activists.<\/p>\n\n\n\n<h4 class=\"wp-block-heading\"><mark style=\"background-color:#FFFFFF;color:#d21414\" class=\"has-inline-color\">FIND OUT MORE IN ENGLISH:<\/mark><\/h4>\n\n\n\n<iframe loading=\"lazy\" src=\"https:\/\/www.facebook.com\/plugins\/post.php?href=https%3A%2F%2Fwww.facebook.com%2Fserbiantimes%2Fposts%2Fpfbid02iqDvgeWKkt86yz4qVaQAcDZYVL6MvKjbzmrRHxNwbrgsFJy9JidM6JDjR9Mf644Vl&#038;show_text=true&#038;width=500\" width=\"500\" height=\"250\" style=\"border:none;overflow:hidden\" scrolling=\"no\" frameborder=\"0\" allowfullscreen=\"true\" allow=\"autoplay; clipboard-write; encrypted-media; picture-in-picture; web-share\"><\/iframe>\n\n\n\n<p>The EP condemns the use of this case by propaganda media and the unjustified extension of detention and calls on the Serbian authorities to release Marija Vasi\u0107, Lazar Dini\u0107, Mladen Cvijeti\u0107, Lado Jovovi\u0107, Sr\u0111an \u0110uri\u0107, and Davor Stefanovi\u0107 from detention, according to the resolution of the EP rapporteur for Serbia, Tonino Picula, which was adopted yesterday by the European Parliament.<\/p>\n\n\n\n<h4 class=\"wp-block-heading\"><mark style=\"background-color:rgba(0, 0, 0, 0);color:#bd4444\" class=\"has-inline-color\">MORE TOPICS:<\/mark><\/h4>\n\n\n\n<p><strong><a href=\"https:\/\/serbiantimes.info\/en\/report-on-serbia-presented-in-the-european-parliament-the-collapse-of-the-canopy-became-a-tragic-symbol-of-system-corruption-video\/\" title=\"\">REPORT ON SERBIA PRESENTED IN THE EUROPEAN PARLIAMENT: \u201cThe collapse of the canopy became a tragic symbol of system corruption!\u201d (VIDEO)<\/a><\/strong><\/p>\n\n\n\n<p><strong><a href=\"https:\/\/serbiantimes.info\/en\/two-eu-countries-ban-vucics-flight-the-president-of-serbia-will-not-be-able-to-pass-on-the-way-to-moscow\/\" title=\"\">TWO EU COUNTRIES BAN VU\u010cI\u0106\u2019S FLIGHT: The President of Serbia will not be able to pass on the way to Moscow!<\/a><\/strong><\/p>\n\n\n\n<p><strong><a href=\"https:\/\/serbiantimes.info\/en\/serious-incident-in-belgrade-part-of-the-ceiling-collapsed-in-kbc-bezanijska-kosa-a-nurse-injured\/\" title=\"\">SERIOUS INCIDENT IN BELGRADE: Part of the ceiling collapsed in KBC Be\u017eanijska kosa, a nurse injured!<\/a><\/strong><\/p>\n\n\n\n<p><strong>Source<\/strong>: Nova.rs, <strong>Foto<\/strong>: AFP<\/p>\n","protected":false},"excerpt":{"rendered":"<p>The European Parliament has called on the Serbian authorities to release five detained activists of the opposition Movement of Free Citizens (PSG) and a student from the STAV organization who were illegally wiretapped. The European Parliament expresses regret over the alleged illegal wiretapping and detention in March this year of five activists from the opposition [&hellip;]<\/p>\n","protected":false},"author":2169,"featured_media":177192,"comment_status":"open","ping_status":"open","sticky":false,"template":"","format":"standard","meta":{"newspack_featured_image_position":"","newspack_post_subtitle":"","newspack_article_summary_title":"Overview:","newspack_article_summary":"","newspack_hide_updated_date":false,"newspack_show_updated_date":false,"footnotes":""},"categories":[4],"tags":[2716,856,841,73,5881,6453,2609,113,5593,733],"class_list":["post-177191","post","type-post","status-publish","format-standard","has-post-thumbnail","hentry","category-breaking","tag-aktivisti","tag-aleksandar-vucic","tag-evropa","tag-evropska-unija","tag-evropski-parlament","tag-psg","tag-sns","tag-srbija","tag-stav","tag-zatvor","entry"],"aioseo_notices":[],"distributor_meta":false,"distributor_terms":false,"distributor_media":false,"distributor_original_site_name":"Serbiantimes.info EN","distributor_original_site_url":"https:\/\/serbiantimes.info\/en","push-errors":false,"_links":{"self":[{"href":"https:\/\/serbiantimes.info\/en\/wp-json\/wp\/v2\/posts\/177191","targetHints":{"allow":["GET"]}}],"collection":[{"href":"https:\/\/serbiantimes.info\/en\/wp-json\/wp\/v2\/posts"}],"about":[{"href":"https:\/\/serbiantimes.info\/en\/wp-json\/wp\/v2\/types\/post"}],"author":[{"embeddable":true,"href":"https:\/\/serbiantimes.info\/en\/wp-json\/wp\/v2\/users\/2169"}],"replies":[{"embeddable":true,"href":"https:\/\/serbiantimes.info\/en\/wp-json\/wp\/v2\/comments?post=177191"}],"version-history":[{"count":2,"href":"https:\/\/serbiantimes.info\/en\/wp-json\/wp\/v2\/posts\/177191\/revisions"}],"predecessor-version":[{"id":177217,"href":"https:\/\/serbiantimes.info\/en\/wp-json\/wp\/v2\/posts\/177191\/revisions\/177217"}],"wp:featuredmedia":[{"embeddable":true,"href":"https:\/\/serbiantimes.info\/en\/wp-json\/wp\/v2\/media\/177192"}],"wp:attachment":[{"href":"https:\/\/serbiantimes.info\/en\/wp-json\/wp\/v2\/media?parent=177191"}],"wp:term":[{"taxonomy":"category","embeddable":true,"href":"https:\/\/serbiantimes.info\/en\/wp-json\/wp\/v2\/categories?post=177191"},{"taxonomy":"post_tag","embeddable":true,"href":"https:\/\/serbiantimes.info\/en\/wp-json\/wp\/v2\/tags?post=177191"}],"curies":[{"name":"wp","href":"https:\/\/api.w.org\/{rel}","templated":true}]}}