{"id":177067,"date":"2025-05-07T06:00:00","date_gmt":"2025-05-07T04:00:00","guid":{"rendered":"https:\/\/serbiantimes.info\/en\/?p=177067"},"modified":"2025-05-07T14:25:10","modified_gmt":"2025-05-07T12:25:10","slug":"serbs-in-kosovo-are-not-forgotten-after-a-10-day-march-students-from-belgrade-arrived-in-zvecan","status":"publish","type":"post","link":"https:\/\/serbiantimes.info\/en\/serbs-in-kosovo-are-not-forgotten-after-a-10-day-march-students-from-belgrade-arrived-in-zvecan\/","title":{"rendered":"&#8220;SERBS IN KOSOVO ARE NOT FORGOTTEN&#8221;: After a 10-day march, students from Belgrade arrived in Zve\u010dan!"},"content":{"rendered":"\n<p><strong><em>Our children here in Kosovo, south of the Ibar River, must know that someone is thinking of them and that they are not alone, said the students who marched for 10 days towards Kosovo and Metohija from Belgrade.<\/em><\/strong><\/p>\n\n\n\n<p>The students who set off on a march from Belgrade to Zve\u010dan exactly 10 days ago \u2013 finally reached their destination this afternoon, KoSSev writes.<\/p>\n\n\n\n<p>Three young students from the Faculty of Political Sciences \u2013 Filip Bogi\u0107evi\u0107 from Vrnja\u010dka Banja, Novak \u0110uri\u0107 from Vranje, and Nikola Jovanovi\u0107 from Bor\u010da \u2013 started their journey to Kosovo from the Rakovica Monastery on April 27th.<\/p>\n\n\n\n<p>This is a humanitarian march, in cooperation with the humanitarian organization &#8220;Kosovsko Pomoravlje&#8221;, to raise funds for projects that include investments in sports and education for children in Kosovo.<\/p>\n\n\n\n<p>Along with an appeal to citizens to donate in order to raise funds, the slogan of this endeavor was &#8220;Together we are stronger&#8221;.<\/p>\n\n\n\n<p>Today around noon, as planned, on St. George&#8217;s Day, May 6th \u2013 they entered Zve\u010dan.<\/p>\n\n\n\n<p>The feeling, they say, is fantastic.<\/p>\n\n\n\n<p>&#8220;Only now are the emotions and the understanding of what we actually set out to do starting to emerge. Emotions are being channeled, and probably all of this will only come to the surface now. The fact that I cannot describe it in words probably speaks volumes. A rebirth of soul and body,&#8221; says Novak \u0110uri\u0107.<\/p>\n\n\n\n<p>The ten-day journey was difficult and full of challenges, they admit.<\/p>\n\n\n\n<p>&#8220;It was difficult, each of us had internal struggles at certain moments. For some it was the second day, for others the fourth. There were also moments when one of us would say &#8216;I can&#8217;t go on anymore&#8217;. But still, every step taken after that challenge, every step was a victory. That&#8217;s what brought us to Zve\u010dan.&#8221;<\/p>\n\n\n\n<p>From the center of Zve\u010dan where we met them, the three students headed towards the Zve\u010dan Fortress, which was their plan.<\/p>\n\n\n\n<p>They climbed the fortress with their colleagues from the University of Pristina, who were waiting for them.<\/p>\n\n\n\n<p>Then they will also visit Kosovska Mitrovica, where they will obtain what they planned, gifts for the children from Kosovsko Pomoravlje. They are also going to the Gra\u010danica Monastery, and then they will go to Gnjilane.<\/p>\n\n\n\n<p>&#8220;We are planning to socialize with the children there, with the children from Parte\u0161. We will be their guests for dinner,&#8221; Filip Bogi\u0107evi\u0107 pointed out.<\/p>\n\n\n\n<h3 class=\"wp-block-heading\">What will their support mean to the children south of the Ibar River?<\/h3>\n\n\n\n<p>The young men believe that, first and foremost, for the children for whom they traveled hundreds of kilometers, their support will be a sufficient message:<\/p>\n\n\n\n<p>&#8220;That someone is thinking of them. That they are their own, that they are here. Young people know the hardships they go through. Although we have not felt their hardships, we know. We cannot be blind to it, we cannot turn our heads. We only turned our heads towards them and set off on foot towards them. We can&#8217;t wait to see them.&#8221;<\/p>\n\n\n\n<p>They are small now, but over the years they will understand that the basketball game we play with them, the help for them \u2013 is much more than a ball, a game, a gift.<\/p>\n\n\n\n<p>Guided by this, they admit they would repeat the same endeavor.<\/p>\n\n\n\n<p>&#8220;On top of all the burden on this journey, we will remember these 10 days for the rest of our lives. I am proud of my colleagues, we were there for each other, knowing what we were going for,&#8221; emphasized Nikola Jovanovi\u0107, who is celebrating his 22nd birthday in Kosovo today.<\/p>\n\n\n\n<p>Personally, this humanitarian endeavor has changed them. A special impression was made by the people they met along the way, their support.<\/p>\n\n\n\n<p>&#8220;People offered us help everywhere. They got out of their cars. They took pictures with us, let us into their homes. This will remain forever, and precisely because of them, and our children here, this would be worth repeating, and in greater numbers.&#8221;<\/p>\n\n\n\n<h4 class=\"wp-block-heading\"><mark style=\"background-color:#FFFFFF;color:#d21414\" class=\"has-inline-color\">PRO\u010cITAJTE VI\u0160E:<\/mark><\/h4>\n\n\n\n<iframe loading=\"lazy\" src=\"https:\/\/www.facebook.com\/plugins\/post.php?href=https%3A%2F%2Fwww.facebook.com%2Fserbiantimes%2Fposts%2Fpfbid02niCGxSLkgP6MTVaTgFwv2qohgGqkLYx5Q7gQzkKrofHtFCK5Ww37QRw9HUSft4cVl&#038;show_text=true&#038;width=500\" width=\"500\" height=\"635\" style=\"border:none;overflow:hidden\" scrolling=\"no\" frameborder=\"0\" allowfullscreen=\"true\" allow=\"autoplay; clipboard-write; encrypted-media; picture-in-picture; web-share\"><\/iframe>\n\n\n\n<h2 class=\"wp-block-heading\">It&#8217;s hard to be a Serb here<\/h2>\n\n\n\n<p>The three students suddenly decided to continue their walk from So\u010danica to Zve\u010dan by car after all.<\/p>\n\n\n\n<p>As they said, they listened to advice that it was safer that way.<\/p>\n\n\n\n<p>&#8220;Between Leposavi\u0107 and So\u010danica, we decided that, for security reasons. But not only that, our desire was to respect the people who had been giving us support on social networks for all these 10 days, to reach everyone.&#8221;<\/p>\n\n\n\n<p>The hope remains that in the future they will be able to walk to Prizren: &#8220;That our freedom of movement will not be restricted.&#8221;<\/p>\n\n\n\n<p>Their parents were not thrilled with their idea. One didn&#8217;t believe they would succeed, another worried about the difficulty of the undertaking, and the third drew attention to safety.<\/p>\n\n\n\n<p>&#8220;They told me not to emphasize national symbols, to be careful. I agree with them, it&#8217;s easy to be a Serb from Belgrade, but it&#8217;s hard to be a Serb here. It&#8217;s also very beautiful. Serbs in Kosovo are not forgotten people,&#8221; Bogi\u0107evi\u0107 pointed out.<\/p>\n\n\n\n<h4 class=\"wp-block-heading\"><mark style=\"background-color:#FFFFFF;color:#d21414\" class=\"has-inline-color\">MORE TOPICS:<\/mark><\/h4>\n\n\n\n<p><strong><a href=\"https:\/\/serbiantimes.info\/en\/serious-incident-in-belgrade-part-of-the-ceiling-collapsed-in-kbc-bezanijska-kosa-a-nurse-injured\/\" target=\"_blank\" rel=\"noopener\" title=\"\">SERIOUS INCIDENT IN BELGRADE: Part of the ceiling collapsed in KBC Be\u017eanijska kosa, a nurse injured!<\/a><\/strong><\/p>\n\n\n\n<p><strong><a href=\"https:\/\/serbiantimes.info\/en\/police-investigating-circumstances-boy-2-with-burns-on-60-percent-of-his-body-admitted-to-hospital-in-nis\/\" target=\"_blank\" rel=\"noopener\" title=\"\">POLICE INVESTIGATING CIRCUMSTANCES: Boy (2) with burns on 60 percent of his body admitted to hospital in Ni\u0161!<\/a><\/strong><\/p>\n\n\n\n<p><strong><a href=\"https:\/\/serbiantimes.info\/en\/serbian-zulu-daughter-in-law-celebrated-st-georges-day-naledi-shared-scenes-of-the-slava-feast-from-an-idyllic-rural-home-photo\/\" target=\"_blank\" rel=\"noopener\" title=\"\">SERBIAN ZULU DAUGHTER-IN-LAW CELEBRATED ST. GEORGE\u2019S DAY: Naledi shared scenes of the slava feast from an idyllic rural home! (PHOTO)<\/a><\/strong><\/p>\n\n\n\n<p><strong><a href=\"https:\/\/serbiantimes.info\/en\/two-eu-countries-ban-vucics-flight-the-president-of-serbia-will-not-be-able-to-pass-on-the-way-to-moscow\/\" target=\"_blank\" rel=\"noopener\" title=\"\">TWO EU COUNTRIES BAN VU\u010cI\u0106\u2019S FLIGHT: The President of Serbia will not be able to pass on the way to Moscow!<\/a><\/strong><\/p>\n\n\n\n<p><strong><a href=\"https:\/\/serbiantimes.info\/en\/report-on-serbia-presented-in-the-european-parliament-the-collapse-of-the-canopy-became-a-tragic-symbol-of-system-corruption-video\/\" target=\"_blank\" rel=\"noopener\" title=\"\">REPORT ON SERBIA PRESENTED IN THE EUROPEAN PARLIAMENT: \u201cThe collapse of the canopy became a tragic symbol of system corruption!\u201d (VIDEO)<\/a><\/strong><\/p>\n\n\n\n<p><strong>Source:&nbsp;<\/strong>N1, <strong>Photo:<\/strong> N1<\/p>\n","protected":false},"excerpt":{"rendered":"<p>Our children here in Kosovo, south of the Ibar River, must know that someone is thinking of them and that they are not alone, said the students who marched for 10 days towards Kosovo and Metohija from Belgrade. The students who set off on a march from Belgrade to Zve\u010dan exactly 10 days ago \u2013 [&hellip;]<\/p>\n","protected":false},"author":2169,"featured_media":177068,"comment_status":"open","ping_status":"open","sticky":false,"template":"","format":"standard","meta":{"newspack_featured_image_position":"","newspack_post_subtitle":"","newspack_article_summary_title":"Overview:","newspack_article_summary":"","newspack_hide_updated_date":false,"newspack_show_updated_date":false,"footnotes":""},"categories":[7],"tags":[253,1522,109,242,113,2490,6418],"class_list":["post-177067","post","type-post","status-publish","format-standard","has-post-thumbnail","hentry","category-serbia","tag-beograd","tag-humanitarna-akcija","tag-kosovo-i-metohija","tag-srbi-na-kim","tag-srbija","tag-studenti","tag-zvecani","entry"],"aioseo_notices":[],"distributor_meta":false,"distributor_terms":false,"distributor_media":false,"distributor_original_site_name":"Serbiantimes.info EN","distributor_original_site_url":"https:\/\/serbiantimes.info\/en","push-errors":false,"_links":{"self":[{"href":"https:\/\/serbiantimes.info\/en\/wp-json\/wp\/v2\/posts\/177067","targetHints":{"allow":["GET"]}}],"collection":[{"href":"https:\/\/serbiantimes.info\/en\/wp-json\/wp\/v2\/posts"}],"about":[{"href":"https:\/\/serbiantimes.info\/en\/wp-json\/wp\/v2\/types\/post"}],"author":[{"embeddable":true,"href":"https:\/\/serbiantimes.info\/en\/wp-json\/wp\/v2\/users\/2169"}],"replies":[{"embeddable":true,"href":"https:\/\/serbiantimes.info\/en\/wp-json\/wp\/v2\/comments?post=177067"}],"version-history":[{"count":2,"href":"https:\/\/serbiantimes.info\/en\/wp-json\/wp\/v2\/posts\/177067\/revisions"}],"predecessor-version":[{"id":177130,"href":"https:\/\/serbiantimes.info\/en\/wp-json\/wp\/v2\/posts\/177067\/revisions\/177130"}],"wp:featuredmedia":[{"embeddable":true,"href":"https:\/\/serbiantimes.info\/en\/wp-json\/wp\/v2\/media\/177068"}],"wp:attachment":[{"href":"https:\/\/serbiantimes.info\/en\/wp-json\/wp\/v2\/media?parent=177067"}],"wp:term":[{"taxonomy":"category","embeddable":true,"href":"https:\/\/serbiantimes.info\/en\/wp-json\/wp\/v2\/categories?post=177067"},{"taxonomy":"post_tag","embeddable":true,"href":"https:\/\/serbiantimes.info\/en\/wp-json\/wp\/v2\/tags?post=177067"}],"curies":[{"name":"wp","href":"https:\/\/api.w.org\/{rel}","templated":true}]}}