{"id":176697,"date":"2025-05-02T18:19:14","date_gmt":"2025-05-02T16:19:14","guid":{"rendered":"https:\/\/serbiantimes.info\/en\/?p=176697"},"modified":"2025-05-02T18:19:15","modified_gmt":"2025-05-02T16:19:15","slug":"former-handball-player-and-sns-member-heres-who-the-man-kicking-students-in-front-of-the-serbian-parliament-is-video","status":"publish","type":"post","link":"https:\/\/serbiantimes.info\/en\/former-handball-player-and-sns-member-heres-who-the-man-kicking-students-in-front-of-the-serbian-parliament-is-video\/","title":{"rendered":"FORMER HANDBALL PLAYER AND SNS MEMBER: Here\u2019s who the man kicking students in front of the Serbian Parliament is! (VIDEO)"},"content":{"rendered":"\n<p>Vlada Mandi\u0107, a former handball player and member of the Serbian Progressive Party (SNS), was part of a group that clashed with students and war veterans during a protest yesterday, according to Mila Popovi\u0107, president of the Belgrade City Board of the Party of Freedom and Justice, who posted the information on her profile on the social network X.<\/p>\n\n\n\n<p>\u201cVlada Mandi\u0107, the first thug of the Serbian Progressive Party, the head of the group that attacked students and war veterans, can be seen in the video kicking a young man,\u201d she wrote on her account.<\/p>\n\n\n\n<blockquote class=\"twitter-tweet\"><p lang=\"und\" dir=\"ltr\">Vlada Mandi\u0107, prvi batina\u0161 Sprske napredne stranke, \u0161ef grupe koja je napala studente i ratne veterane, a na snimku se vidi kako \u0161utira mladi\u0107a. <br><br>Mandi\u0107 je biv\u0161i rukometa\u0161 i istaknuti \u010dlan SNS, \u010dovek koji je na adresi svoje firme prijavio 154 fantomska bira\u010da, mahom funkcionere\u2026 <a href=\"https:\/\/t.co\/NOdjRfFcSm\">pic.twitter.com\/NOdjRfFcSm<\/a><\/p>&mdash; Mila Popovic (@milabizjak) <a href=\"https:\/\/twitter.com\/milabizjak\/status\/1918045037654397407?ref_src=twsrc%5Etfw\">May 1, 2025<\/a><\/blockquote> <script async src=\"https:\/\/platform.twitter.com\/widgets.js\" charset=\"utf-8\"><\/script>\n\n\n\n<p>So far, there has been no response from Mandi\u0107 himself, the students and veterans he kicked, or anyone else involved.<\/p>\n\n\n\n<p>As a reminder, an incident occurred in the fenced-off area in front of the Serbian Parliament and Pioneer Park, where supporters of the ruling party and Aleksandar Vu\u010di\u0107 were celebrating the May Day holiday. When war veterans and students who support the university blockades appeared, Mandi\u0107 was seen on video kicking one of the young men and driving him out of the enclosed space.<\/p>\n\n\n\n<h4 class=\"wp-block-heading\"><mark style=\"background-color:#FFFFFF;color:#d21414\" class=\"has-inline-color\">FIND OUT MORE IN ENGLISH:<\/mark><\/h4>\n\n\n\n<iframe loading=\"lazy\" src=\"https:\/\/www.facebook.com\/plugins\/post.php?href=https%3A%2F%2Fwww.facebook.com%2Fserbiantimes%2Fposts%2Fpfbid02jrrCDRUTvsW5sWduMgtt6ZKNHX7wSPnpGuLh5x8QRV68WvhVKnhsQqHWDxHJ1B8bl&#038;show_text=true&#038;width=500\" width=\"500\" height=\"250\" style=\"border:none;overflow:hidden\" scrolling=\"no\" frameborder=\"0\" allowfullscreen=\"true\" allow=\"autoplay; clipboard-write; encrypted-media; picture-in-picture; web-share\"><\/iframe>\n\n\n\n<h3 class=\"wp-block-heading\"><strong>Who is Vlada Mandi\u0107<\/strong><\/h3>\n\n\n\n<p>Vladimir Mandi\u0107 is a former handball player for Partizan and in recent years has been an active member of the Serbian Progressive Party.<\/p>\n\n\n\n<p>His name has been mentioned in several controversies over the past years, ranging from being detained in Bosnia and Herzegovina, arrested in Montenegro, allegedly transporting voters from Republika Srpska, to amassing an astonishing number of properties \u2014 Mandi\u0107 reportedly owns as many as 46 real estate properties in Belgrade alone, writes <em>Nova.rs<\/em>.<\/p>\n\n\n\n<p>At one point, he was charged \u2014 and later acquitted \u2014 of attempted murder.<\/p>\n\n\n\n<h4 class=\"wp-block-heading\"><mark style=\"background-color:#FFFFFF;color:#d21414\" class=\"has-inline-color\">MORE TOPICS:<\/mark><\/h4>\n\n\n\n<p><strong><a href=\"https:\/\/serbiantimes.info\/en\/column-kovacevic-on-the-police-batons-revolution-and-its-children\/\" target=\"_blank\" rel=\"noopener\" title=\"\">COLUMN, KOVA\u010cEVI\u0106: On the police, batons, revolution and its children\u2026<\/a><\/strong><\/p>\n\n\n\n<p><strong><a href=\"https:\/\/serbiantimes.info\/en\/i-eat-what-i-have-when-i-have-it-grandma-jela-lives-alone-in-the-mountains-without-electricity-or-water-video\/\" target=\"_blank\" rel=\"noopener\" title=\"\">\u201cI EAT WHAT I HAVE, WHEN I HAVE IT\u201d: Grandma Jela lives alone in the mountains, without electricity or water! (VIDEO)<\/a><\/strong><\/p>\n\n\n\n<p><strong><a href=\"https:\/\/serbiantimes.info\/en\/freedoms-will-be-defended-student-accused-of-attacking-the-dean-of-the-faculty-of-physical-education-and-sport-released-from-custody-video\/\" target=\"_blank\" rel=\"noopener\" title=\"\">FREEDOMS WILL BE DEFENDED: Student accused of attacking the dean of the Faculty of Physical Education and Sport released from custody! (VIDEO)<\/a><\/strong><\/p>\n\n\n\n<p><strong><a href=\"https:\/\/serbiantimes.info\/en\/all-members-of-our-team-won-medals-six-medals-for-serbia-at-the-balkan-mathematical-olympiad\/\" target=\"_blank\" rel=\"noopener\" title=\"\">ALL MEMBERS OF OUR TEAM WON MEDALS: Six medals for Serbia at the Balkan Mathematical Olympiad!<\/a><\/strong><\/p>\n\n\n\n<p><strong><a href=\"https:\/\/serbiantimes.info\/en\/council-of-europe-commissioner-serbia-must-quickly-complete-the-investigation-into-the-use-of-the-sound-cannon-and-identify-the-perpetrators\/\" target=\"_blank\" rel=\"noopener\" title=\"\">COUNCIL OF EUROPE COMMISSIONER: Serbia must quickly complete the investigation into the use of the sound cannon and identify the perpetrators!<\/a><\/strong><\/p>\n\n\n\n<p><strong>Source<\/strong>: Serbian Times, <strong>Foto<\/strong>: Printscreen X @milabizjak<\/p>\n","protected":false},"excerpt":{"rendered":"<p>Vlada Mandi\u0107, a former handball player and member of the Serbian Progressive Party (SNS), was part of a group that clashed with students and war veterans during a protest yesterday, according to Mila Popovi\u0107, president of the Belgrade City Board of the Party of Freedom and Justice, who posted the information on her profile on [&hellip;]<\/p>\n","protected":false},"author":2169,"featured_media":176698,"comment_status":"open","ping_status":"open","sticky":false,"template":"","format":"standard","meta":{"newspack_featured_image_position":"","newspack_post_subtitle":"","newspack_article_summary_title":"Overview:","newspack_article_summary":"","newspack_hide_updated_date":false,"newspack_show_updated_date":false,"footnotes":""},"categories":[7],"tags":[319,6355,113,2490,4837,6356],"class_list":["post-176697","post","type-post","status-publish","format-standard","has-post-thumbnail","hentry","category-serbia","tag-nasilje","tag-ratni-veterani","tag-srbija","tag-studenti","tag-studenti-u-blokadi","tag-vlada-mandic","entry"],"aioseo_notices":[],"distributor_meta":false,"distributor_terms":false,"distributor_media":false,"distributor_original_site_name":"Serbiantimes.info EN","distributor_original_site_url":"https:\/\/serbiantimes.info\/en","push-errors":false,"_links":{"self":[{"href":"https:\/\/serbiantimes.info\/en\/wp-json\/wp\/v2\/posts\/176697","targetHints":{"allow":["GET"]}}],"collection":[{"href":"https:\/\/serbiantimes.info\/en\/wp-json\/wp\/v2\/posts"}],"about":[{"href":"https:\/\/serbiantimes.info\/en\/wp-json\/wp\/v2\/types\/post"}],"author":[{"embeddable":true,"href":"https:\/\/serbiantimes.info\/en\/wp-json\/wp\/v2\/users\/2169"}],"replies":[{"embeddable":true,"href":"https:\/\/serbiantimes.info\/en\/wp-json\/wp\/v2\/comments?post=176697"}],"version-history":[{"count":1,"href":"https:\/\/serbiantimes.info\/en\/wp-json\/wp\/v2\/posts\/176697\/revisions"}],"predecessor-version":[{"id":176719,"href":"https:\/\/serbiantimes.info\/en\/wp-json\/wp\/v2\/posts\/176697\/revisions\/176719"}],"wp:featuredmedia":[{"embeddable":true,"href":"https:\/\/serbiantimes.info\/en\/wp-json\/wp\/v2\/media\/176698"}],"wp:attachment":[{"href":"https:\/\/serbiantimes.info\/en\/wp-json\/wp\/v2\/media?parent=176697"}],"wp:term":[{"taxonomy":"category","embeddable":true,"href":"https:\/\/serbiantimes.info\/en\/wp-json\/wp\/v2\/categories?post=176697"},{"taxonomy":"post_tag","embeddable":true,"href":"https:\/\/serbiantimes.info\/en\/wp-json\/wp\/v2\/tags?post=176697"}],"curies":[{"name":"wp","href":"https:\/\/api.w.org\/{rel}","templated":true}]}}