{"id":176060,"date":"2025-04-23T16:37:15","date_gmt":"2025-04-23T14:37:15","guid":{"rendered":"https:\/\/serbiantimes.info\/en\/?p=176060"},"modified":"2025-04-23T16:37:16","modified_gmt":"2025-04-23T14:37:16","slug":"column-kovacevic-not-my-patriarch-because-my-patriarch-would-never-slander-his-people-in-moscow","status":"publish","type":"post","link":"https:\/\/serbiantimes.info\/en\/column-kovacevic-not-my-patriarch-because-my-patriarch-would-never-slander-his-people-in-moscow\/","title":{"rendered":"COLUMN, KOVA\u010cEVI\u0106: Not My Patriarch! Because my Patriarch would never slander his people in Moscow\u2026"},"content":{"rendered":"\n<p>I may need the counsel of a theologian\u2014someone well-versed in the canons of the Serbian Orthodox Church.<\/p>\n\n\n\n<p>Because after Patriarch Porfirije\u2019s speech yesterday in the Kremlin, I\u2019m genuinely uncertain whether I can still consider myself a member of the Serbian Orthodox Church. Simply put, I am ashamed of its current spiritual leader.<\/p>\n\n\n\n<p>A patriarch who travels to Moscow only to defame the majority of his own people\u2014especially the most valuable, intelligent segment among them\u2014is no true patriarch. He is a nobody, a tattered cassock flapping in the northern wind like dirty laundry on a line.<\/p>\n\n\n\n<p>A patriarch is supposed to embody love, compassion, and justice. He must feel, with every heartbeat and breath, what burdens his people, what injustice suffocates them. Patriarch Pavle was like that\u2014a man who once broke through police cordons not with force, but with processions and prayers.<\/p>\n\n\n\n<p>But this one\u2014this patriarch\u2014I feel he would rather send the police against his own faithful. Against the youth who carry Serbian flags and icons across the country and Europe like Christ bearing His cross. Against those who sing Saint Sava\u2019s hymns and who, by divine grace (for I can find no other explanation), are reconciling with their Muslim brothers after decades of hate.<\/p>\n\n\n\n<blockquote class=\"twitter-tweet\"><p lang=\"und\" dir=\"ltr\">Va\u0161a svetosti, bruka i sramota. <a href=\"https:\/\/t.co\/kXTdJUFqBb\">pic.twitter.com\/kXTdJUFqBb<\/a><\/p>&mdash; Stevanovi\u0107 Vladimir (@VladimirStev) <a href=\"https:\/\/twitter.com\/VladimirStev\/status\/1914781443412181120?ref_src=twsrc%5Etfw\">April 22, 2025<\/a><\/blockquote> <script async src=\"https:\/\/platform.twitter.com\/widgets.js\" charset=\"utf-8\"><\/script>\n\n\n\n<p>And the worst part? He can\u2019t even look these young people in the eye. Instead, like a snitch, he runs to the Kremlin and denounces them, calling them traitors, foreign agents, the vanguard of some imagined &#8220;colored revolution.&#8221;<\/p>\n\n\n\n<p>All while Putin looks at him across the table, smiling, perhaps wondering, <em>What did that nation do to deserve a man like this at its helm?<\/em><\/p>\n\n\n\n<p>Let me leave you with one final, telling sketch of this patriarch\u2014who is, in truth, no patriarch at all. Because a real patriarch inspires reverence and awe. This one? He inspires nausea.<\/p>\n\n\n\n<p>A few months ago, the Patriarchate&#8217;s official website published an anonymous text accusing students from several universities of living in &#8220;parallel worlds&#8221; and promoting an \u201canti-Saint-Sava, anti-Christian, and anti-Serbian concept of life.\u201d<\/p>\n\n\n\n<p>But once public outrage erupted, the man who wears the crown of Saint Sava quickly distanced himself from the text. He blamed it on a subordinate\u2014a scapegoat offered to absorb the wrath of the people.<\/p>\n\n\n\n<p>And if anyone fell for that ruse, if any Serb swallowed that bait, I can say with confidence: no one is fooled anymore. No deception, no manipulation from this faded cassock will work again.<\/p>\n\n\n\n<p>If such a man deserves the throne of Saint Sava, then I do not deserve to be part of that church.<\/p>\n\n\n\n<p><strong>Amen.<\/strong><\/p>\n\n\n\n<h3 class=\"wp-block-heading\"><mark style=\"background-color:#FFFFFF;color:#d21414\" class=\"has-inline-color\">MORE TOPICS:<\/mark><\/h3>\n\n\n\n<p><strong><a href=\"https:\/\/serbiantimes.info\/en\/bloody-easter-1944-how-the-allied-bombing-shrouded-belgrade-in-mourning-photo-video\/\" target=\"_blank\" rel=\"noopener\" title=\"\">BLOODY EASTER 1944: How the Allied Bombing Shrouded Belgrade in Mourning! (PHOTO, VIDEO)<\/a><\/strong><\/p>\n\n\n\n<p><strong><a href=\"https:\/\/serbiantimes.info\/en\/order-of-saint-stephen-what-the-most-famous-serbian-chivalric-order-looked-like-during-the-reign-of-emperor-dusan\/\" target=\"_blank\" rel=\"noopener\" title=\"\">ORDER OF SAINT STEPHEN: What the Most Famous Serbian Chivalric Order Looked Like During the Reign of Emperor Du\u0161an!<\/a><\/strong><\/p>\n\n\n\n<p><strong><a href=\"https:\/\/serbiantimes.info\/en\/shocking-testimony-the-war-diary-of-a-serbian-policeman-from-kosovo-in-1999-reveals-all-the-horrors-of-war\/\" target=\"_blank\" rel=\"noopener\" title=\"\">SHOCKING TESTIMONY: The war diary of a Serbian policeman from Kosovo in 1999 reveals all the horrors of war!<\/a><\/strong><\/p>\n\n\n\n<p><strong>Source: <\/strong>Antonije Kova\u010devi\u0107 <strong>Foto: <\/strong>SINI\u0160A PA\u0160ALI\u0106\/RINGIER<\/p>\n","protected":false},"excerpt":{"rendered":"<p>I may need the counsel of a theologian\u2014someone well-versed in the canons of the Serbian Orthodox Church. Because after Patriarch Porfirije\u2019s speech yesterday in the Kremlin, I\u2019m genuinely uncertain whether I can still consider myself a member of the Serbian Orthodox Church. Simply put, I am ashamed of its current spiritual leader. A patriarch who [&hellip;]<\/p>\n","protected":false},"author":8,"featured_media":176061,"comment_status":"open","ping_status":"open","sticky":false,"template":"","format":"standard","meta":{"newspack_featured_image_position":"","newspack_post_subtitle":"","newspack_article_summary_title":"Overview:","newspack_article_summary":"","newspack_hide_updated_date":false,"newspack_show_updated_date":false,"footnotes":""},"categories":[4],"tags":[29,6222,399,6223,6224,1448],"class_list":["post-176060","post","type-post","status-publish","format-standard","has-post-thumbnail","hentry","category-breaking","tag-antonije-kovacevic","tag-kolumna","tag-patrijarh-porfirije","tag-porfirije-kod-putina","tag-porfirije-poseta-putin","tag-vladimir-putin","entry"],"aioseo_notices":[],"distributor_meta":false,"distributor_terms":false,"distributor_media":false,"distributor_original_site_name":"Serbiantimes.info EN","distributor_original_site_url":"https:\/\/serbiantimes.info\/en","push-errors":false,"_links":{"self":[{"href":"https:\/\/serbiantimes.info\/en\/wp-json\/wp\/v2\/posts\/176060","targetHints":{"allow":["GET"]}}],"collection":[{"href":"https:\/\/serbiantimes.info\/en\/wp-json\/wp\/v2\/posts"}],"about":[{"href":"https:\/\/serbiantimes.info\/en\/wp-json\/wp\/v2\/types\/post"}],"author":[{"embeddable":true,"href":"https:\/\/serbiantimes.info\/en\/wp-json\/wp\/v2\/users\/8"}],"replies":[{"embeddable":true,"href":"https:\/\/serbiantimes.info\/en\/wp-json\/wp\/v2\/comments?post=176060"}],"version-history":[{"count":2,"href":"https:\/\/serbiantimes.info\/en\/wp-json\/wp\/v2\/posts\/176060\/revisions"}],"predecessor-version":[{"id":176109,"href":"https:\/\/serbiantimes.info\/en\/wp-json\/wp\/v2\/posts\/176060\/revisions\/176109"}],"wp:featuredmedia":[{"embeddable":true,"href":"https:\/\/serbiantimes.info\/en\/wp-json\/wp\/v2\/media\/176061"}],"wp:attachment":[{"href":"https:\/\/serbiantimes.info\/en\/wp-json\/wp\/v2\/media?parent=176060"}],"wp:term":[{"taxonomy":"category","embeddable":true,"href":"https:\/\/serbiantimes.info\/en\/wp-json\/wp\/v2\/categories?post=176060"},{"taxonomy":"post_tag","embeddable":true,"href":"https:\/\/serbiantimes.info\/en\/wp-json\/wp\/v2\/tags?post=176060"}],"curies":[{"name":"wp","href":"https:\/\/api.w.org\/{rel}","templated":true}]}}