{"id":175825,"date":"2025-04-20T21:00:51","date_gmt":"2025-04-20T19:00:51","guid":{"rendered":"https:\/\/serbiantimes.info\/en\/?p=175825"},"modified":"2025-04-20T21:00:52","modified_gmt":"2025-04-20T19:00:52","slug":"shooting-in-downtown-podgorica-nephew-and-bodyguard-of-andrija-mandic-wounded-two-people-then-immediately-went-to-the-police-and-turned-himself-in","status":"publish","type":"post","link":"https:\/\/serbiantimes.info\/en\/shooting-in-downtown-podgorica-nephew-and-bodyguard-of-andrija-mandic-wounded-two-people-then-immediately-went-to-the-police-and-turned-himself-in\/","title":{"rendered":"SHOOTING IN DOWNTOWN PODGORICA: Nephew and bodyguard of Andrija Mandi\u0107 wounded two people, then immediately went to the police and turned himself in!"},"content":{"rendered":"\n<p>Podgorica resident Danilo Mandi\u0107 (35) turned himself in to the police last night after allegedly wounding fellow citizens Darko Perovi\u0107 and Aris Turkovi\u0107 during an incident in the city center.<\/p>\n\n\n\n<p>The police announced that they have solved an attempted aggravated murder case involving two victims and that the suspect has been arrested.<\/p>\n\n\n\n<p>One source from <em>Vijesti<\/em> stated that the nephew of the President of the Assembly, Andrija Mandi\u0107, arrived at the police station accompanied by a lawyer. Danilo Mandi\u0107 also serves as the bodyguard of his uncle.<\/p>\n\n\n\n<p>According to the Police Directorate, the incident occurred yesterday morning around 3:40 a.m. on Ivan Crnojevi\u0107 Boulevard in Podgorica. In addition to the charge of attempted aggravated murder, Danilo Mandi\u0107 is also charged with illegal possession and carrying of weapons and explosive materials. He was arrested on the order of the prosecutor at the Higher State Prosecutor\u2019s Office in Podgorica.<\/p>\n\n\n\n<h4 class=\"wp-block-heading\"><mark style=\"background-color:#FFFFFF;color:#d21414\" class=\"has-inline-color\">FIND OUT MORE: <\/mark><\/h4>\n\n\n\n<iframe loading=\"lazy\" src=\"https:\/\/www.facebook.com\/plugins\/post.php?href=https%3A%2F%2Fwww.facebook.com%2Fserbiantimes%2Fposts%2Fpfbid025XDRy95fxnjyo6pVyVQWuUhvWehR4SRxDQ11eKDCAzZsuwaYPpZFRLbDidgHGVLal&#038;show_text=true&#038;width=500\" width=\"500\" height=\"576\" style=\"border:none;overflow:hidden\" scrolling=\"no\" frameborder=\"0\" allowfullscreen=\"true\" allow=\"autoplay; clipboard-write; encrypted-media; picture-in-picture; web-share\"><\/iframe>\n\n\n\n<p>\u201cD.M. is suspected of, on April 19, at the aforementioned time, at the intersection of Marka Miljanova Street and Ivan Crnojevi\u0107 Boulevard, blocking the victims\u2019 path with his vehicle after they exited a hospitality venue. Once the victims exited their vehicle, D.M. fired several shots at them, wounding them in the leg area, and then left the scene. By undertaking criminal and police-prosecutorial actions, D.M. was quickly identified and voluntarily appeared at the premises of the Podgorica Security Department, after which he was taken into custody on suspicion of committing the stated criminal offenses,\u201d the police reported.<\/p>\n\n\n\n<p>According to unconfirmed information from <em>Vijesti<\/em>, Perovi\u0107 and Turkovi\u0107 were admitted to the Emergency Ward of the Clinical Center of Montenegro.<\/p>\n\n\n\n<h4 class=\"wp-block-heading\"><mark style=\"background-color:#FFFFFF;color:#d21414\" class=\"has-inline-color\">MORE TOPICS:<\/mark><\/h4>\n\n\n\n<p><strong><a href=\"https:\/\/serbiantimes.info\/en\/bloody-easter-1944-how-the-allied-bombing-shrouded-belgrade-in-mourning-photo-video\/\" target=\"_blank\" rel=\"noopener\" title=\"\">BLOODY EASTER 1944: How the Allied Bombing Shrouded Belgrade in Mourning! (PHOTO, VIDEO)<\/a><\/strong><\/p>\n\n\n\n<p><strong><a href=\"https:\/\/serbiantimes.info\/en\/order-of-saint-stephen-what-the-most-famous-serbian-chivalric-order-looked-like-during-the-reign-of-emperor-dusan\/\" target=\"_blank\" rel=\"noopener\" title=\"\">ORDER OF SAINT STEPHEN: What the Most Famous Serbian Chivalric Order Looked Like During the Reign of Emperor Du\u0161an!<\/a><\/strong><\/p>\n\n\n\n<p><strong><a href=\"https:\/\/serbiantimes.info\/en\/shocking-testimony-the-war-diary-of-a-serbian-policeman-from-kosovo-in-1999-reveals-all-the-horrors-of-war\/\" target=\"_blank\" rel=\"noopener\" title=\"\">SHOCKING TESTIMONY: The war diary of a Serbian policeman from Kosovo in 1999 reveals all the horrors of war!<\/a><\/strong><\/p>\n\n\n\n<p><strong>Source<\/strong><strong>: <\/strong>Vijesti, <strong>Foto: <\/strong>Boris Pejovi\u0107<\/p>\n","protected":false},"excerpt":{"rendered":"<p>Podgorica resident Danilo Mandi\u0107 (35) turned himself in to the police last night after allegedly wounding fellow citizens Darko Perovi\u0107 and Aris Turkovi\u0107 during an incident in the city center. The police announced that they have solved an attempted aggravated murder case involving two victims and that the suspect has been arrested. One source from [&hellip;]<\/p>\n","protected":false},"author":2169,"featured_media":175826,"comment_status":"open","ping_status":"open","sticky":false,"template":"","format":"standard","meta":{"newspack_featured_image_position":"","newspack_post_subtitle":"","newspack_article_summary_title":"Overview:","newspack_article_summary":"","newspack_hide_updated_date":false,"newspack_show_updated_date":false,"footnotes":""},"categories":[8],"tags":[3949,159,6182,1617,181,1462,478,183],"class_list":["post-175825","post","type-post","status-publish","format-standard","has-post-thumbnail","hentry","category-balkan","tag-andrija-mandic","tag-crna-gora","tag-danilo-mandic","tag-hapsenje","tag-oruzje","tag-podgorica","tag-policija","tag-pucnjava","entry"],"aioseo_notices":[],"distributor_meta":false,"distributor_terms":false,"distributor_media":false,"distributor_original_site_name":"Serbiantimes.info EN","distributor_original_site_url":"https:\/\/serbiantimes.info\/en","push-errors":false,"_links":{"self":[{"href":"https:\/\/serbiantimes.info\/en\/wp-json\/wp\/v2\/posts\/175825","targetHints":{"allow":["GET"]}}],"collection":[{"href":"https:\/\/serbiantimes.info\/en\/wp-json\/wp\/v2\/posts"}],"about":[{"href":"https:\/\/serbiantimes.info\/en\/wp-json\/wp\/v2\/types\/post"}],"author":[{"embeddable":true,"href":"https:\/\/serbiantimes.info\/en\/wp-json\/wp\/v2\/users\/2169"}],"replies":[{"embeddable":true,"href":"https:\/\/serbiantimes.info\/en\/wp-json\/wp\/v2\/comments?post=175825"}],"version-history":[{"count":2,"href":"https:\/\/serbiantimes.info\/en\/wp-json\/wp\/v2\/posts\/175825\/revisions"}],"predecessor-version":[{"id":175858,"href":"https:\/\/serbiantimes.info\/en\/wp-json\/wp\/v2\/posts\/175825\/revisions\/175858"}],"wp:featuredmedia":[{"embeddable":true,"href":"https:\/\/serbiantimes.info\/en\/wp-json\/wp\/v2\/media\/175826"}],"wp:attachment":[{"href":"https:\/\/serbiantimes.info\/en\/wp-json\/wp\/v2\/media?parent=175825"}],"wp:term":[{"taxonomy":"category","embeddable":true,"href":"https:\/\/serbiantimes.info\/en\/wp-json\/wp\/v2\/categories?post=175825"},{"taxonomy":"post_tag","embeddable":true,"href":"https:\/\/serbiantimes.info\/en\/wp-json\/wp\/v2\/tags?post=175825"}],"curies":[{"name":"wp","href":"https:\/\/api.w.org\/{rel}","templated":true}]}}