{"id":175364,"date":"2025-04-14T12:00:00","date_gmt":"2025-04-14T10:00:00","guid":{"rendered":"https:\/\/serbiantimes.info\/en\/?p=175364"},"modified":"2025-04-14T14:47:35","modified_gmt":"2025-04-14T12:47:35","slug":"proposal-arrived-in-the-assembly-this-is-the-complete-list-of-future-ministers-in-the-government-of-serbia","status":"publish","type":"post","link":"https:\/\/serbiantimes.info\/en\/proposal-arrived-in-the-assembly-this-is-the-complete-list-of-future-ministers-in-the-government-of-serbia\/","title":{"rendered":"PROPOSAL ARRIVED IN THE ASSEMBLY: This is the complete list of future ministers in the Government of Serbia!"},"content":{"rendered":"\n<p><strong><em>The proposal for the composition of the Government of the Republic of Serbia, headed by Professor \u0110uro Macut, has arrived in the National Assembly.<\/em><\/strong><\/p>\n\n\n\n<p>Sini\u0161a Mali has been proposed for the First Deputy Prime Minister and Minister of Finance, while Ivica Da\u010di\u0107 will remain in the position of Minister of Internal Affairs.<\/p>\n\n\n\n<p>Dubravka \u0110edovi\u0107 Handanovi\u0107 (Ministry of Mining and Energy), Zlatibor Lon\u010dar (Ministry of Health), Zoran Gaji\u0107 (Ministry of Sports), Marko \u0110uri\u0107 (Ministry of Foreign Affairs), Bratislav Ga\u0161i\u0107 (Ministry of Defense), and Milica \u0110ur\u0111evi\u0107 Stamenkovski (Ministry of Labor, Employment, Veterans&#8217; and Social Affairs) will also retain their portfolios.<\/p>\n\n\n\n<p>Nemanja Starovi\u0107 has been proposed for the Minister of European Integration, Prof. Dr. Dragan Galmo\u010di\u0107 for the Minister of Agriculture, Forestry and Water Management, and Aleksandra Sofronijevi\u0107 is coming to the position of Minister of Construction, Transport and Infrastructure.<\/p>\n\n\n\n<p>Sara Pavkov has been proposed for the Minister of Environmental Protection, Nenad Vuji\u0107 for the Minister of Justice, while Dejan Vuk Stankovi\u0107 is the future Minister of Education.<\/p>\n\n\n\n<h4 class=\"wp-block-heading\"><mark style=\"background-color:#FFFFFF;color:#d21414\" class=\"has-inline-color\">FIND OUT MORE IN SERBIAN:<\/mark><\/h4>\n\n\n\n<iframe loading=\"lazy\" src=\"https:\/\/www.facebook.com\/plugins\/post.php?href=https%3A%2F%2Fwww.facebook.com%2Fserbiantimes%2Fposts%2Fpfbid032Sm7WYyCews4qPKYkZcbwcFJCVVbV7BqGoMNq5JzUe1yMhfnJ6EMgw2xRaHD4nLol&#038;show_text=true&#038;width=500\" width=\"500\" height=\"544\" style=\"border:none;overflow:hidden\" scrolling=\"no\" frameborder=\"0\" allowfullscreen=\"true\" allow=\"autoplay; clipboard-write; encrypted-media; picture-in-picture; web-share\"><\/iframe>\n\n\n\n<p>This is the complete list:<\/p>\n\n\n\n<p>Sini\u0161a Mali, for First Deputy Prime Minister and Minister of Finance;<br>Ivica Da\u010di\u0107, for Deputy Prime Minister and Minister of Internal Affairs;<br>Adrijana Mesarovi\u0107, for Deputy Prime Minister and Minister of Economy;<br>Prof. Dr. Dragan Glamo\u010di\u0107, for Minister of Agriculture, Forestry and Water Management;<br>Sara Pavkov, for Minister of Environmental Protection;<br>Aleksandra Sofronijevi\u0107, for Minister of Construction, Transport and Infrastructure;<br>Dubravka \u0110edovi\u0107 Handanovi\u0107, for Minister of Mining and Energy;<br>Jagoda Lazarevi\u0107, for Minister of Internal and Foreign Trade;<br>Nenad Vuji\u0107, for Minister of Justice;<br>Sne\u017eana Paunovi\u0107, for Minister of Public Administration and Local Self-Government;<br>Demo Beri\u0161a, for Minister of Human and Minority Rights and Social Dialogue;<br>Bratislav Ga\u0161i\u0107, for Minister of Defense;<br>Marko \u0110uri\u0107, for Minister of Foreign Affairs;<br>Nemanja Starovi\u0107, for Minister of European Integration;<br>Prof. Dr. Dejan Vuk Stankovi\u0107, for Minister of Education;<br>Dr. Zlatibor Lon\u010dar, for Minister of Health;<br>Milica \u0110ur\u0111evi\u0107 Stamenkovski, for Minister of Labor, Employment, Veterans&#8217; and Social Affairs;<br>Jelena \u017dari\u0107 Kova\u010devi\u0107, for Minister of Family Welfare and Demography;<br>Zoran Gaji\u0107, for Minister of Sports;<br>Nikola Selakovi\u0107, for Minister of Culture;<br>Milan Krkobabi\u0107, for Minister of Rural Affairs;<br>Academician Bela Balint, for Minister of Science, Technological Development and Innovation;<br>Husein Memi\u0107, for Minister of Tourism and Youth;<br>Prof. Dr. Boris Bratina, for Minister of Information and Telecommunications;<br>Darko Gli\u0161i\u0107, for Minister of Public Investment;<br>Novica Ton\u010dev, for Minister without Portfolio;<br>\u0110or\u0111e Mili\u0107evi\u0107, for Minister without Portfolio;<br>Usame Zukorli\u0107, for Minister without Portfolio;<br>Dr. Nenad Popovi\u0107, for Minister without Portfolio;<br>Tatjana Macura, for Minister without Portfolio.<\/p>\n\n\n\n<h4 class=\"wp-block-heading\"><mark style=\"background-color:#FFFFFF;color:#d21414\" class=\"has-inline-color\">MORE TOPICS:<\/mark><\/h4>\n\n\n\n<p><strong><a href=\"https:\/\/serbiantimes.info\/en\/student-cyclists-spent-the-night-in-stuttgart-they-are-well-rested-after-a-magnificent-welcome-next-stop-karlsruhe-video\/\" target=\"_blank\" rel=\"noopener\" title=\"\">STUDENT CYCLISTS SPENT THE NIGHT IN STUTTGART: They are well rested after a magnificent welcome, next stop \u2013 Karlsruhe! (VIDEO)<\/a><\/strong><\/p>\n\n\n\n<p><strong><a href=\"https:\/\/serbiantimes.info\/en\/young-serb-explodes-at-the-end-of-the-season-tristan-vukcevic-plays-the-match-of-his-career-video\/\" target=\"_blank\" rel=\"noopener\" title=\"\">YOUNG SERB EXPLODES AT THE END OF THE SEASON: Tristan Vuk\u010devi\u0107 plays the match of his career! (VIDEO)<\/a><\/strong><\/p>\n\n\n\n<p><strong><a href=\"https:\/\/serbiantimes.info\/en\/denver-goes-to-playoffs-with-a-win-serbian-derby-awaits-in-the-first-round-jokic-goes-against-bogdanovic-video\/\" target=\"_blank\" rel=\"noopener\" title=\"\">DENVER GOES TO PLAYOFFS WITH A WIN: Serbian derby awaits in the first round, Joki\u0107 goes against Bogdanovi\u0107! (VIDEO)<\/a><\/strong><\/p>\n\n\n\n<p><strong><a href=\"https:\/\/serbiantimes.info\/en\/vile-revenge-against-serbia-how-the-nazi-leader-got-princips-plaque-from-sarajevo-for-birthday-photo\/\" target=\"_blank\" rel=\"noopener\" title=\"\">VILE REVENGE AGAINST SERBIA: How the Nazi leader got Princip\u2019s plaque from Sarajevo for birthday! (PHOTO)<\/a><\/strong><\/p>\n\n\n\n<p><strong><a href=\"https:\/\/serbiantimes.info\/en\/tajne-manastira-raca-kako-su-monasi-sacuvali-pravosavlje-u-vreme-turske-okupacije\/\" target=\"_blank\" rel=\"noopener\" title=\"\">SECRETS OF THE RA\u010cA MONASTERY: Here\u2019s how monks preserved Orthodoxy during the most difficult years of Turkish occupation! (PHOTO)<\/a><\/strong><\/p>\n\n\n\n<p><strong>Source<\/strong>: Nova.rs, <strong>Photo<\/strong>: Tanjug \/ Nemanja Jovanovi\u0107<\/p>\n","protected":false},"excerpt":{"rendered":"<p>The proposal for the composition of the Government of the Republic of Serbia, headed by Professor \u0110uro Macut, has arrived in the National Assembly. Sini\u0161a Mali has been proposed for the First Deputy Prime Minister and Minister of Finance, while Ivica Da\u010di\u0107 will remain in the position of Minister of Internal Affairs. Dubravka \u0110edovi\u0107 Handanovi\u0107 [&hellip;]<\/p>\n","protected":false},"author":2169,"featured_media":175365,"comment_status":"open","ping_status":"open","sticky":false,"template":"","format":"standard","meta":{"newspack_featured_image_position":"","newspack_post_subtitle":"","newspack_article_summary_title":"Overview:","newspack_article_summary":"","newspack_hide_updated_date":false,"newspack_show_updated_date":false,"footnotes":""},"categories":[7],"tags":[856,2211,1241,2609,113,644,6056],"class_list":["post-175364","post","type-post","status-publish","format-standard","has-post-thumbnail","hentry","category-serbia","tag-aleksandar-vucic","tag-ministri","tag-skupstina-srbije","tag-sns","tag-srbija","tag-vlada-srbije","tag-djuro-macut-2","entry"],"aioseo_notices":[],"distributor_meta":false,"distributor_terms":false,"distributor_media":false,"distributor_original_site_name":"Serbiantimes.info EN","distributor_original_site_url":"https:\/\/serbiantimes.info\/en","push-errors":false,"_links":{"self":[{"href":"https:\/\/serbiantimes.info\/en\/wp-json\/wp\/v2\/posts\/175364","targetHints":{"allow":["GET"]}}],"collection":[{"href":"https:\/\/serbiantimes.info\/en\/wp-json\/wp\/v2\/posts"}],"about":[{"href":"https:\/\/serbiantimes.info\/en\/wp-json\/wp\/v2\/types\/post"}],"author":[{"embeddable":true,"href":"https:\/\/serbiantimes.info\/en\/wp-json\/wp\/v2\/users\/2169"}],"replies":[{"embeddable":true,"href":"https:\/\/serbiantimes.info\/en\/wp-json\/wp\/v2\/comments?post=175364"}],"version-history":[{"count":1,"href":"https:\/\/serbiantimes.info\/en\/wp-json\/wp\/v2\/posts\/175364\/revisions"}],"predecessor-version":[{"id":175390,"href":"https:\/\/serbiantimes.info\/en\/wp-json\/wp\/v2\/posts\/175364\/revisions\/175390"}],"wp:featuredmedia":[{"embeddable":true,"href":"https:\/\/serbiantimes.info\/en\/wp-json\/wp\/v2\/media\/175365"}],"wp:attachment":[{"href":"https:\/\/serbiantimes.info\/en\/wp-json\/wp\/v2\/media?parent=175364"}],"wp:term":[{"taxonomy":"category","embeddable":true,"href":"https:\/\/serbiantimes.info\/en\/wp-json\/wp\/v2\/categories?post=175364"},{"taxonomy":"post_tag","embeddable":true,"href":"https:\/\/serbiantimes.info\/en\/wp-json\/wp\/v2\/tags?post=175364"}],"curies":[{"name":"wp","href":"https:\/\/api.w.org\/{rel}","templated":true}]}}