{"id":175300,"date":"2025-04-13T12:22:34","date_gmt":"2025-04-13T10:22:34","guid":{"rendered":"https:\/\/serbiantimes.info\/en\/?p=175300"},"modified":"2025-04-13T12:22:35","modified_gmt":"2025-04-13T10:22:35","slug":"students-gathered-five-times-more-estimated-number-of-people-at-the-we-wont-give-up-serbia-rally-released","status":"publish","type":"post","link":"https:\/\/serbiantimes.info\/en\/students-gathered-five-times-more-estimated-number-of-people-at-the-we-wont-give-up-serbia-rally-released\/","title":{"rendered":"STUDENTS GATHERED FIVE TIMES MORE: Estimated number of people at the \u201cWe Won\u2019t Give Up Serbia\u201d rally released!"},"content":{"rendered":"\n<p>At the beginning of the \u201cWe Won\u2019t Give Up Serbia\u201d rally held today in Belgrade, around 55,000 people were present, according to the Public Gathering Archive. They stated that the estimated number was based on footage recorded at 7 p.m.<\/p>\n\n\n\n<p>The rally occupied the plaza in front of the National Assembly building, Nikola Pa\u0161i\u0107 Square, and King Aleksandar Boulevard up to the intersection with Desanka Maksimovi\u0107 Street.<\/p>\n\n\n\n<p>President of Serbia Aleksandar Vu\u010di\u0107, citing a police estimate, stated during his speech at the rally that around 145,000 people attended the \u201cWe Won\u2019t Give Up Serbia\u201d event. However, he also expressed his belief that there were even more people.<\/p>\n\n\n\n<h4 class=\"wp-block-heading\"><mark style=\"background-color:#FFFFFF;color:#d21414\" class=\"has-inline-color\"><mark style=\"background-color:#FFFFFF;color:#d21414\" class=\"has-inline-color\">FIND OUT MORE: <\/mark><\/mark><\/h4>\n\n\n\n<iframe loading=\"lazy\" src=\"https:\/\/www.facebook.com\/plugins\/post.php?href=https%3A%2F%2Fwww.facebook.com%2Fserbiantimes%2Fposts%2Fpfbid02yvxvbX7sbwi6utJRvGD2tWjTZMJc7iaahSeUFw9zJ8KHVfmSk1Q5NfWG9UGycx7nl&#038;show_text=true&#038;width=500\" width=\"500\" height=\"576\" style=\"border:none;overflow:hidden\" scrolling=\"no\" frameborder=\"0\" allowfullscreen=\"true\" allow=\"autoplay; clipboard-write; encrypted-media; picture-in-picture; web-share\"><\/iframe>\n\n\n\n<p>Dragan \u0110ilas, president of the opposition Party of Freedom and Justice (SSP), gave the lowest estimate, claiming that \u201cbarely twenty thousand people\u201d attended the rally.<\/p>\n\n\n\n<p>\u201cWith all the logistics and thousands of buses, barely twenty thousand people showed up at Vu\u010di\u0107\u2019s \u2018biggest rally in the history of Belgrade.\u2019 Not a single Belgrader came, except (Finance Minister) Sini\u0161a Mali and (Pink TV owner) \u017deljko Mitrovi\u0107,\u201d \u0110ilas wrote on the social network X.<\/p>\n\n\n\n<p>On social media and in the media, footage surfaced showing some attendees leaving the \u201cWe Won\u2019t Give Up Serbia\u201d rally in large groups even before Vu\u010di\u0107 finished his speech.<\/p>\n\n\n\n<h4 class=\"wp-block-heading\"><mark style=\"background-color:#FFFFFF;color:#d21414\" class=\"has-inline-color\">MORE TOPICS:<\/mark><\/h4>\n\n\n\n<p><strong><a href=\"https:\/\/serbiantimes.info\/en\/european-commission-reacts-we-are-concerned-about-the-expulsion-of-eu-member-state-nationals-from-serbia\/\" target=\"_blank\" rel=\"noopener\" title=\"\">EUROPEAN COMMISSION REACTS: We are concerned about the expulsion of EU member state nationals from Serbia!<\/a><\/strong><\/p>\n\n\n\n<p><strong><a href=\"https:\/\/serbiantimes.info\/en\/two-decades-of-caring-for-the-most-vulnerable-mira-is-the-oldest-volunteer-in-cacak-and-heres-what-she-says-about-her-calling\/\" target=\"_blank\" rel=\"noopener\" title=\"\">TWO DECADES OF CARING FOR THE MOST VULNERABLE: Mira is the oldest volunteer in \u010ca\u010dak, and here\u2019s what she says about her calling!<\/a><\/strong><\/p>\n\n\n\n<p><strong><a href=\"https:\/\/serbiantimes.info\/en\/interview-serbedzija-i-acted-in-hollywood-with-big-stars-yet-i-felt-like-a-stranger-in-a-foreign-land-video\/\" target=\"_blank\" rel=\"noopener\" title=\"\">INTERVIEW, \u0160ERBED\u017dIJA: I acted in Hollywood with big stars, yet I felt like a stranger in a foreign land (VIDEO)<\/a><\/strong><\/p>\n\n\n\n<p><strong>Source<\/strong><strong>:<\/strong> Nova,<strong> Foto<\/strong>: Arhiv javnih skupova<\/p>\n","protected":false},"excerpt":{"rendered":"<p>At the beginning of the \u201cWe Won\u2019t Give Up Serbia\u201d rally held today in Belgrade, around 55,000 people were present, according to the Public Gathering Archive. They stated that the estimated number was based on footage recorded at 7 p.m. The rally occupied the plaza in front of the National Assembly building, Nikola Pa\u0161i\u0107 Square, [&hellip;]<\/p>\n","protected":false},"author":2169,"featured_media":175301,"comment_status":"open","ping_status":"open","sticky":false,"template":"","format":"standard","meta":{"newspack_featured_image_position":"","newspack_post_subtitle":"","newspack_article_summary_title":"Overview:","newspack_article_summary":"","newspack_hide_updated_date":false,"newspack_show_updated_date":false,"footnotes":""},"categories":[7],"tags":[856,6093,1138,113],"class_list":["post-175300","post","type-post","status-publish","format-standard","has-post-thumbnail","hentry","category-serbia","tag-aleksandar-vucic","tag-arhiv-javnih-skupova","tag-miting","tag-srbija","entry"],"aioseo_notices":[],"distributor_meta":false,"distributor_terms":false,"distributor_media":false,"distributor_original_site_name":"Serbiantimes.info EN","distributor_original_site_url":"https:\/\/serbiantimes.info\/en","push-errors":false,"_links":{"self":[{"href":"https:\/\/serbiantimes.info\/en\/wp-json\/wp\/v2\/posts\/175300","targetHints":{"allow":["GET"]}}],"collection":[{"href":"https:\/\/serbiantimes.info\/en\/wp-json\/wp\/v2\/posts"}],"about":[{"href":"https:\/\/serbiantimes.info\/en\/wp-json\/wp\/v2\/types\/post"}],"author":[{"embeddable":true,"href":"https:\/\/serbiantimes.info\/en\/wp-json\/wp\/v2\/users\/2169"}],"replies":[{"embeddable":true,"href":"https:\/\/serbiantimes.info\/en\/wp-json\/wp\/v2\/comments?post=175300"}],"version-history":[{"count":3,"href":"https:\/\/serbiantimes.info\/en\/wp-json\/wp\/v2\/posts\/175300\/revisions"}],"predecessor-version":[{"id":175335,"href":"https:\/\/serbiantimes.info\/en\/wp-json\/wp\/v2\/posts\/175300\/revisions\/175335"}],"wp:featuredmedia":[{"embeddable":true,"href":"https:\/\/serbiantimes.info\/en\/wp-json\/wp\/v2\/media\/175301"}],"wp:attachment":[{"href":"https:\/\/serbiantimes.info\/en\/wp-json\/wp\/v2\/media?parent=175300"}],"wp:term":[{"taxonomy":"category","embeddable":true,"href":"https:\/\/serbiantimes.info\/en\/wp-json\/wp\/v2\/categories?post=175300"},{"taxonomy":"post_tag","embeddable":true,"href":"https:\/\/serbiantimes.info\/en\/wp-json\/wp\/v2\/tags?post=175300"}],"curies":[{"name":"wp","href":"https:\/\/api.w.org\/{rel}","templated":true}]}}