{"id":175285,"date":"2025-04-12T22:01:06","date_gmt":"2025-04-12T20:01:06","guid":{"rendered":"https:\/\/serbiantimes.info\/en\/?p=175285"},"modified":"2025-04-12T22:01:06","modified_gmt":"2025-04-12T20:01:06","slug":"nasilje-na-skupu-naprednjaka-pristalice-sns-napale-nemanju-sarovica-gadjali-ga-flasom-policija-sprecila-linc","status":"publish","type":"post","link":"https:\/\/serbiantimes.info\/en\/nasilje-na-skupu-naprednjaka-pristalice-sns-napale-nemanju-sarovica-gadjali-ga-flasom-policija-sprecila-linc\/","title":{"rendered":"VIOLENCE AT THE SNS RALLY: SNS supporters attacked Nemanja \u0160arovi\u0107, threw a bottle at him, police prevented lynching! (VIDEO)"},"content":{"rendered":"\n<p><strong><em>An incident occurred at the &#8220;We Will Not Give Up Serbia&#8221; rally in Belgrade when citizens started pushing each other, Nemanja \u0160arovi\u0107 was attacked, and one person tried to take away the phone of a journalist from our paper.<\/em><\/strong><\/p>\n\n\n\n<p>As can be seen in the KTV video, which was reporting live from this rally, supporters of the government at one point, near the Church of Saint Mark, started insulting and throwing things at \u0160arovi\u0107, shouting that he was an Usta\u0161a. Then someone, it is not clearly visible who in the video, reached for the camera, and the broadcast was interrupted.<\/p>\n\n\n\n<p>Politician and journalist Nemanja \u0160arovi\u0107 tells Danas that he was attacked and that there was pushing.<\/p>\n\n\n\n<p>\u0160arovi\u0107 claims that the gathered people threw a bottle at him.<\/p>\n\n\n\n<blockquote class=\"twitter-tweet\"><p lang=\"und\" dir=\"ltr\">Napadnut Nemanja \u0160arovi\u0107 i njegov kamerman, a jo\u0161 ve\u0107i apsurd je da su to ljudi koji su odgovorni za red i bezbjednost na skupu \ud83e\udd21 <a href=\"https:\/\/t.co\/OsQM8P21nm\">pic.twitter.com\/OsQM8P21nm<\/a><\/p>&mdash; Kovrd\u017eava misao (@kovrdzavamisao) <a href=\"https:\/\/twitter.com\/kovrdzavamisao\/status\/1911104226714886311?ref_src=twsrc%5Etfw\">April 12, 2025<\/a><\/blockquote> <script async src=\"https:\/\/platform.twitter.com\/widgets.js\" charset=\"utf-8\"><\/script>\n\n\n\n<p>As he added, Relja Ognjenovi\u0107, the director of the Pension and Disability Insurance Fund, was also there as a steward.<\/p>\n\n\n\n<p>Some stewards are arguing with \u0160arovi\u0107 and Danijel Tadi\u0107 from KTV, a Danas reporter reports.<\/p>\n\n\n\n<p>During the pushing, one older woman fell, and another older gentleman stumbled.<\/p>\n\n\n\n<p>Also, one steward tried to snatch the phone of a Danas journalist, only to apologize later when our reporter showed him his ID.<\/p>\n\n\n\n<p>A large number of members of the Ministry of Internal Affairs are at the scene.<\/p>\n\n\n\n<blockquote class=\"twitter-tweet\"><p lang=\"und\" dir=\"ltr\">UDARNO: Snimak napada na <a href=\"https:\/\/twitter.com\/NemanjaSarovic?ref_src=twsrc%5Etfw\">@NemanjaSarovic<\/a> i ekipu televizije KTV iz drugog ugla! <br><br>\u0160arovi\u0107u je jo\u0161 uvek zabranjena sloboda kretanja, okru\u017een pripadnicima MUP-a. <a href=\"https:\/\/t.co\/B8HG4nOJEv\">pic.twitter.com\/B8HG4nOJEv<\/a><\/p>&mdash; Mario ZNA (@MarioBojic) <a href=\"https:\/\/twitter.com\/MarioBojic\/status\/1911117237169103188?ref_src=twsrc%5Etfw\">April 12, 2025<\/a><\/blockquote> <script async src=\"https:\/\/platform.twitter.com\/widgets.js\" charset=\"utf-8\"><\/script>\n\n\n\n<p>The situation is currently calm, and stewards have called on citizens not to linger.<\/p>\n\n\n\n<p>Danijel Radi\u0107, the owner of KTV, explains that supporters of the government insulted and threw things at them, and that someone hit the camera, breaking one of its parts.<\/p>\n\n\n\n<p>Also, that person hit the KTV cameraman in the head, states Radi\u0107, who adds that the cameraman probably has a bloody nose.<\/p>\n\n\n\n<p>The police, he states, did not react at that moment, and Relja Ognjenovi\u0107, the director of the Pension and Disability Insurance Fund, according to Radi\u0107, coordinated with plainclothes police officers &#8220;what they would do to them&#8221;.<\/p>\n\n\n\n<p>Radi\u0107 says that currently the police officers want to remove them from the rally because they cannot guarantee their security.<\/p>\n\n\n\n<h4 class=\"wp-block-heading\"><mark style=\"background-color:#FFFFFF;color:#d21414\" class=\"has-inline-color\">MORE TOPICS:<\/mark><\/h4>\n\n\n\n<p><strong><a href=\"https:\/\/serbiantimes.info\/en\/european-commission-reacts-we-are-concerned-about-the-expulsion-of-eu-member-state-nationals-from-serbia\/\" target=\"_blank\" rel=\"noopener\" title=\"\">EUROPEAN COMMISSION REACTS: We are concerned about the expulsion of EU member state nationals from Serbia!<\/a><\/strong><\/p>\n\n\n\n<p><strong><a href=\"https:\/\/serbiantimes.info\/en\/two-decades-of-caring-for-the-most-vulnerable-mira-is-the-oldest-volunteer-in-cacak-and-heres-what-she-says-about-her-calling\/\" target=\"_blank\" rel=\"noopener\" title=\"\">TWO DECADES OF CARING FOR THE MOST VULNERABLE: Mira is the oldest volunteer in \u010ca\u010dak, and here\u2019s what she says about her calling!<\/a><\/strong><\/p>\n\n\n\n<p><strong><a href=\"https:\/\/serbiantimes.info\/en\/interview-serbedzija-i-acted-in-hollywood-with-big-stars-yet-i-felt-like-a-stranger-in-a-foreign-land-video\/\" target=\"_blank\" rel=\"noopener\" title=\"\">INTERVIEW, \u0160ERBED\u017dIJA: I acted in Hollywood with big stars, yet I felt like a stranger in a foreign land (VIDEO)<\/a><\/strong><\/p>\n\n\n\n<p><strong>Source<\/strong>: Danas; <strong>Photo<\/strong>: Danas<\/p>\n","protected":false},"excerpt":{"rendered":"<p>An incident occurred at the &#8220;We Will Not Give Up Serbia&#8221; rally in Belgrade when citizens started pushing each other, Nemanja \u0160arovi\u0107 was attacked, and one person tried to take away the phone of a journalist from our paper. As can be seen in the KTV video, which was reporting live from this rally, supporters [&hellip;]<\/p>\n","protected":false},"author":2169,"featured_media":100000179718,"comment_status":"open","ping_status":"open","sticky":false,"template":"","format":"standard","meta":{"newspack_featured_image_position":"","newspack_post_subtitle":"","newspack_article_summary_title":"Overview:","newspack_article_summary":"","newspack_hide_updated_date":false,"newspack_show_updated_date":false,"footnotes":""},"categories":[7],"tags":[856,253,1138,319,113],"class_list":["post-175285","post","type-post","status-publish","format-standard","has-post-thumbnail","hentry","category-serbia","tag-aleksandar-vucic","tag-beograd","tag-miting","tag-nasilje","tag-srbija","entry"],"aioseo_notices":[],"distributor_meta":false,"distributor_terms":false,"distributor_media":false,"distributor_original_site_name":"Serbiantimes.info EN","distributor_original_site_url":"https:\/\/serbiantimes.info\/en","push-errors":false,"_links":{"self":[{"href":"https:\/\/serbiantimes.info\/en\/wp-json\/wp\/v2\/posts\/175285","targetHints":{"allow":["GET"]}}],"collection":[{"href":"https:\/\/serbiantimes.info\/en\/wp-json\/wp\/v2\/posts"}],"about":[{"href":"https:\/\/serbiantimes.info\/en\/wp-json\/wp\/v2\/types\/post"}],"author":[{"embeddable":true,"href":"https:\/\/serbiantimes.info\/en\/wp-json\/wp\/v2\/users\/2169"}],"replies":[{"embeddable":true,"href":"https:\/\/serbiantimes.info\/en\/wp-json\/wp\/v2\/comments?post=175285"}],"version-history":[{"count":1,"href":"https:\/\/serbiantimes.info\/en\/wp-json\/wp\/v2\/posts\/175285\/revisions"}],"predecessor-version":[{"id":175288,"href":"https:\/\/serbiantimes.info\/en\/wp-json\/wp\/v2\/posts\/175285\/revisions\/175288"}],"wp:featuredmedia":[{"embeddable":true,"href":"https:\/\/serbiantimes.info\/en\/wp-json\/"}],"wp:attachment":[{"href":"https:\/\/serbiantimes.info\/en\/wp-json\/wp\/v2\/media?parent=175285"}],"wp:term":[{"taxonomy":"category","embeddable":true,"href":"https:\/\/serbiantimes.info\/en\/wp-json\/wp\/v2\/categories?post=175285"},{"taxonomy":"post_tag","embeddable":true,"href":"https:\/\/serbiantimes.info\/en\/wp-json\/wp\/v2\/tags?post=175285"}],"curies":[{"name":"wp","href":"https:\/\/api.w.org\/{rel}","templated":true}]}}