{"id":175104,"date":"2025-04-10T15:17:55","date_gmt":"2025-04-10T13:17:55","guid":{"rendered":"https:\/\/serbiantimes.info\/en\/?p=175104"},"modified":"2025-04-10T15:17:56","modified_gmt":"2025-04-10T13:17:56","slug":"kusturica-on-student-protests-they-want-society-to-be-better-and-corruption-less-they-are-doing-good-things-for-our-conscience","status":"publish","type":"post","link":"https:\/\/serbiantimes.info\/en\/kusturica-on-student-protests-they-want-society-to-be-better-and-corruption-less-they-are-doing-good-things-for-our-conscience\/","title":{"rendered":"KUSTURICA ON STUDENT PROTESTS: &#8220;They want society to be better and corruption less, they are doing good things for our conscience&#8221;!"},"content":{"rendered":"\n<p>Demonstrators in Serbia are making many constructive demands, but it is important that the protests do not turn into violence as happened in Kyiv, stated director Emir Kusturica.<\/p>\n\n\n\n<p>&#8220;For five months now, we have had protests, and I think these protests will continue. Their idea is a little anarchic, a little constructive, because they want society to be better and corruption less. They are doing good things for our conscience, and conscience is the future\u2026 The most important thing is that these protests do not become violent, as happened in Kyiv,&#8221; Kusturica said on the sidelines of the forum &#8220;Eurasia &#8211; Territory of Traditional Values.&#8221;<\/p>\n\n\n\n<p>He simultaneously added that he himself does not attend these protests.<\/p>\n\n\n\n<p>&#8220;I am a man who writes, speaks, and makes films. My social role is to create a connection between different groups in our Serbian society,&#8221; he emphasized.<\/p>\n\n\n\n<h4 class=\"wp-block-heading\"><mark style=\"background-color:#FFFFFF;color:#d21414\" class=\"has-inline-color\">MORE TOPICS:<\/mark><\/h4>\n\n\n\n<p><strong><a href=\"https:\/\/serbiantimes.info\/en\/his-native-village-does-not-forget-a-mural-with-the-image-of-the-killed-policeman-nikola-krsmanovic-appeared-in-draginac-video\/\" target=\"_blank\" rel=\"noopener\" title=\"\">HIS NATIVE VILLAGE DOES NOT FORGET: A mural with the image of the killed policeman Nikola Krsmanovi\u0107 appeared in Draginac! (VIDEO) &nbsp;<\/a><\/strong><\/p>\n\n\n\n<p><strong><a href=\"https:\/\/serbiantimes.info\/en\/vucic-chose-the-candidate-for-the-composition-of-the-new-government-is-duro-macut-video\/\" target=\"_blank\" rel=\"noopener\" title=\"\">VU\u010cI\u0106 CHOSE: The candidate for the composition of the new Government is \u0110uro Macut (VIDEO)<\/a><\/strong><\/p>\n\n\n\n<p><strong><a href=\"https:\/\/serbiantimes.info\/en\/italian-pianist-expelled-from-serbia-david-played-at-protests-in-nis-police-gave-him-three-days-to-leave-the-country\/\" target=\"_blank\" rel=\"noopener\" title=\"\">ITALIAN PIANIST EXPELLED FROM SERBIA: David played at protests in Ni\u0161, police gave him three days to leave the country!<\/a><\/strong><\/p>\n\n\n\n<p><strong><a href=\"https:\/\/serbiantimes.info\/en\/sound-cannon-thundered-to-scare-them-ceda-jovanovic-didnt-know-he-was-live-on-tv-for-8-minutes-revealed-everything\/\" target=\"_blank\" rel=\"noopener\" title=\"\">\u201cSOUND CANNON THUNDERED TO SCARE THEM\u201d: \u010ceda Jovanovi\u0107 didn\u2019t know he was live on TV for 8 minutes, revealed everything!<\/a><\/strong><\/p>\n\n\n\n<p><strong><a href=\"https:\/\/serbiantimes.info\/en\/drugged-attack-on-police-officers-lawyer-defending-vesic-in-the-canopy-case-tests-positive-for-amphetamines\/\" target=\"_blank\" rel=\"noopener\" title=\"\">DRUGGED ATTACK ON POLICE OFFICERS: Lawyer defending Vesi\u0107 in the \u201ccanopy case\u201d tests positive for amphetamines!<\/a><\/strong><\/p>\n\n\n\n<p><strong>Source<\/strong>,<strong>&nbsp;Foto<\/strong>: Sputnik<\/p>\n","protected":false},"excerpt":{"rendered":"<p>Demonstrators in Serbia are making many constructive demands, but it is important that the protests do not turn into violence as happened in Kyiv, stated director Emir Kusturica. &#8220;For five months now, we have had protests, and I think these protests will continue. Their idea is a little anarchic, a little constructive, because they want [&hellip;]<\/p>\n","protected":false},"author":2169,"featured_media":175105,"comment_status":"open","ping_status":"open","sticky":false,"template":"","format":"standard","meta":{"newspack_featured_image_position":"","newspack_post_subtitle":"","newspack_article_summary_title":"Overview:","newspack_article_summary":"","newspack_hide_updated_date":false,"newspack_show_updated_date":false,"footnotes":""},"categories":[7],"tags":[253,2340,319,6058,113,2490],"class_list":["post-175104","post","type-post","status-publish","format-standard","has-post-thumbnail","hentry","category-serbia","tag-beograd","tag-korupcija","tag-nasilje","tag-savest","tag-srbija","tag-studenti","entry"],"aioseo_notices":[],"distributor_meta":false,"distributor_terms":false,"distributor_media":false,"distributor_original_site_name":"Serbiantimes.info EN","distributor_original_site_url":"https:\/\/serbiantimes.info\/en","push-errors":false,"_links":{"self":[{"href":"https:\/\/serbiantimes.info\/en\/wp-json\/wp\/v2\/posts\/175104","targetHints":{"allow":["GET"]}}],"collection":[{"href":"https:\/\/serbiantimes.info\/en\/wp-json\/wp\/v2\/posts"}],"about":[{"href":"https:\/\/serbiantimes.info\/en\/wp-json\/wp\/v2\/types\/post"}],"author":[{"embeddable":true,"href":"https:\/\/serbiantimes.info\/en\/wp-json\/wp\/v2\/users\/2169"}],"replies":[{"embeddable":true,"href":"https:\/\/serbiantimes.info\/en\/wp-json\/wp\/v2\/comments?post=175104"}],"version-history":[{"count":2,"href":"https:\/\/serbiantimes.info\/en\/wp-json\/wp\/v2\/posts\/175104\/revisions"}],"predecessor-version":[{"id":175125,"href":"https:\/\/serbiantimes.info\/en\/wp-json\/wp\/v2\/posts\/175104\/revisions\/175125"}],"wp:featuredmedia":[{"embeddable":true,"href":"https:\/\/serbiantimes.info\/en\/wp-json\/wp\/v2\/media\/175105"}],"wp:attachment":[{"href":"https:\/\/serbiantimes.info\/en\/wp-json\/wp\/v2\/media?parent=175104"}],"wp:term":[{"taxonomy":"category","embeddable":true,"href":"https:\/\/serbiantimes.info\/en\/wp-json\/wp\/v2\/categories?post=175104"},{"taxonomy":"post_tag","embeddable":true,"href":"https:\/\/serbiantimes.info\/en\/wp-json\/wp\/v2\/tags?post=175104"}],"curies":[{"name":"wp","href":"https:\/\/api.w.org\/{rel}","templated":true}]}}