{"id":175093,"date":"2025-04-10T15:17:08","date_gmt":"2025-04-10T13:17:08","guid":{"rendered":"https:\/\/serbiantimes.info\/en\/?p=175093"},"modified":"2025-04-10T15:17:09","modified_gmt":"2025-04-10T13:17:09","slug":"swiss-public-service-about-serbia-loyalists-close-to-the-government-are-employed-in-public-administration-novi-sad-woke-up-the-country","status":"publish","type":"post","link":"https:\/\/serbiantimes.info\/en\/swiss-public-service-about-serbia-loyalists-close-to-the-government-are-employed-in-public-administration-novi-sad-woke-up-the-country\/","title":{"rendered":"SWISS PUBLIC SERVICE ABOUT SERBIA: &#8220;Loyalists close to the government are employed in public administration, Novi Sad woke up the country&#8221;!"},"content":{"rendered":"\n<p>People in Serbia have been taking to the streets for anti-government protests for weeks, and what began as a student protest has turned into a popular uprising because, unlike previous protests, it has broad support from citizens who have stopped tolerating corruption and disregard for the law, states the Swiss public television SRF.<\/p>\n\n\n\n<p>At the head of the movement are students, who are demanding a full clarification of the causes of the deadly tragedy in Novi Sad in November last year, but now much more is at stake, writes the SRF website.<\/p>\n\n\n\n<p>SRF writes that on the same day as the accident in Novi Sad, when the collapse of a canopy at the newly renovated railway station in Novi Sad killed 16 people, Serbian President Aleksandar Vu\u010di\u0107 said in a public address that the canopy was not part of the reconstruction works, but it quickly &#8220;turned out that this statement was not accurate.&#8221;<\/p>\n\n\n\n<p>&#8220;Corruption soon came to the fore as a possible cause,&#8221; and students, SRF states, feel it daily on their own skin. The television conveys the words of a student, Aleksandar, who says that a few years ago he had to have his appendix operated on, but the doctors did not want to do it unless he paid them 100 to 150 euros.<\/p>\n\n\n\n<p>&#8220;The (Serbian) President Aleksandar Vu\u010di\u0107 and his Serbian Progressive Party (SNS) control practically all levels of the state. From local self-governments, through the judiciary to the majority of the media, which are either directly or indirectly under the control of the government and openly spread its propaganda,&#8221; the television states.<\/p>\n\n\n\n<h3 class=\"wp-block-heading\"><mark style=\"background-color:#FFFFFF;color:#d21414\" class=\"has-inline-color\">FIND OUT MORE:<\/mark><\/h3>\n\n\n\n<iframe loading=\"lazy\" src=\"https:\/\/www.facebook.com\/plugins\/post.php?href=https%3A%2F%2Fwww.facebook.com%2Fserbiantimes%2Fposts%2Fpfbid0mW4vRzTKWVHqtbbTVxmqjC9bwdwCetiCWLmBCeDptMdFtmehbGKGYsSkBiki1Ni1l&#038;show_text=true&#038;width=500\" width=\"500\" height=\"614\" style=\"border:none;overflow:hidden\" scrolling=\"no\" frameborder=\"0\" allowfullscreen=\"true\" allow=\"autoplay; clipboard-write; encrypted-media; picture-in-picture; web-share\"><\/iframe>\n\n\n\n<p>In Serbia, SRF adds, &#8220;positions are filled with loyalists, and a job in the state administration or public companies can only be found through connections.&#8221;<\/p>\n\n\n\n<p>Both domestic and foreign observers noted &#8220;serious irregularities&#8221; in the last parliamentary elections in December 2023, and &#8220;when all this is added up, Serbia can at best be called a partial democracy.&#8221;<\/p>\n\n\n\n<p>SRF emphasizes that many segments of the population have joined the protests, especially the massive protest in Belgrade which gathered 300,000 people, and especially farmers, whose low incomes can no longer keep pace with the rising cost of living fueled by inflation.<\/p>\n\n\n\n<p>&#8220;People had reconciled themselves to all this and simply accepted all the illegalities in the state, but the accident in Novi Sad shook them out of their sleep,&#8221; writes SRF.<\/p>\n\n\n\n<p>&#8220;Vu\u010di\u0107 likes to present himself as a capable man who is economically advancing the country. At the same time, the majority of people are struggling with a fall in real wages and poor public services. It is precisely this contradiction that has forced people to take to the streets,&#8221; writes the Swiss television.<\/p>\n\n\n\n<p>&#8220;And the students, with their persistent protest, have put President Vu\u010di\u0107 under pressure he has not been under in his current term. Whether this is enough for change remains a question,&#8221; SRF pointed out.<\/p>\n\n\n\n<h4 class=\"wp-block-heading\"><mark style=\"background-color:#FFFFFF;color:#d21414\" class=\"has-inline-color\">MORE TOPICS:<\/mark><\/h4>\n\n\n\n<p><strong><a href=\"https:\/\/serbiantimes.info\/en\/his-native-village-does-not-forget-a-mural-with-the-image-of-the-killed-policeman-nikola-krsmanovic-appeared-in-draginac-video\/\" target=\"_blank\" rel=\"noopener\" title=\"\">HIS NATIVE VILLAGE DOES NOT FORGET: A mural with the image of the killed policeman Nikola Krsmanovi\u0107 appeared in Draginac! (VIDEO) &nbsp;<\/a><\/strong><\/p>\n\n\n\n<p><strong><a href=\"https:\/\/serbiantimes.info\/en\/vucic-chose-the-candidate-for-the-composition-of-the-new-government-is-duro-macut-video\/\" target=\"_blank\" rel=\"noopener\" title=\"\">VU\u010cI\u0106 CHOSE: The candidate for the composition of the new Government is \u0110uro Macut (VIDEO)<\/a><\/strong><\/p>\n\n\n\n<p><strong><a href=\"https:\/\/serbiantimes.info\/en\/italian-pianist-expelled-from-serbia-david-played-at-protests-in-nis-police-gave-him-three-days-to-leave-the-country\/\" target=\"_blank\" rel=\"noopener\" title=\"\">ITALIAN PIANIST EXPELLED FROM SERBIA: David played at protests in Ni\u0161, police gave him three days to leave the country!<\/a><\/strong><\/p>\n\n\n\n<p><strong><a href=\"https:\/\/serbiantimes.info\/en\/sound-cannon-thundered-to-scare-them-ceda-jovanovic-didnt-know-he-was-live-on-tv-for-8-minutes-revealed-everything\/\" target=\"_blank\" rel=\"noopener\" title=\"\">\u201cSOUND CANNON THUNDERED TO SCARE THEM\u201d: \u010ceda Jovanovi\u0107 didn\u2019t know he was live on TV for 8 minutes, revealed everything!<\/a><\/strong><\/p>\n\n\n\n<p><strong><a href=\"https:\/\/serbiantimes.info\/en\/drugged-attack-on-police-officers-lawyer-defending-vesic-in-the-canopy-case-tests-positive-for-amphetamines\/\" target=\"_blank\" rel=\"noopener\" title=\"\">DRUGGED ATTACK ON POLICE OFFICERS: Lawyer defending Vesi\u0107 in the \u201ccanopy case\u201d tests positive for amphetamines!<\/a><\/strong><\/p>\n\n\n\n<p><strong>Source: <\/strong>N1,<strong> Foto<\/strong>: N1<\/p>\n","protected":false},"excerpt":{"rendered":"<p>People in Serbia have been taking to the streets for anti-government protests for weeks, and what began as a student protest has turned into a popular uprising because, unlike previous protests, it has broad support from citizens who have stopped tolerating corruption and disregard for the law, states the Swiss public television SRF. At the [&hellip;]<\/p>\n","protected":false},"author":2169,"featured_media":171163,"comment_status":"open","ping_status":"open","sticky":false,"template":"","format":"standard","meta":{"newspack_featured_image_position":"","newspack_post_subtitle":"","newspack_article_summary_title":"Overview:","newspack_article_summary":"","newspack_hide_updated_date":false,"newspack_show_updated_date":false,"footnotes":""},"categories":[7],"tags":[856,6049,113,5358,2490,6050],"class_list":["post-175093","post","type-post","status-publish","format-standard","has-post-thumbnail","hentry","category-serbia","tag-aleksandar-vucic","tag-lojalisti","tag-srbija","tag-strani-mediji","tag-studenti","tag-svajcarski-mediji","entry"],"aioseo_notices":[],"distributor_meta":false,"distributor_terms":false,"distributor_media":false,"distributor_original_site_name":"Serbiantimes.info EN","distributor_original_site_url":"https:\/\/serbiantimes.info\/en","push-errors":false,"_links":{"self":[{"href":"https:\/\/serbiantimes.info\/en\/wp-json\/wp\/v2\/posts\/175093","targetHints":{"allow":["GET"]}}],"collection":[{"href":"https:\/\/serbiantimes.info\/en\/wp-json\/wp\/v2\/posts"}],"about":[{"href":"https:\/\/serbiantimes.info\/en\/wp-json\/wp\/v2\/types\/post"}],"author":[{"embeddable":true,"href":"https:\/\/serbiantimes.info\/en\/wp-json\/wp\/v2\/users\/2169"}],"replies":[{"embeddable":true,"href":"https:\/\/serbiantimes.info\/en\/wp-json\/wp\/v2\/comments?post=175093"}],"version-history":[{"count":2,"href":"https:\/\/serbiantimes.info\/en\/wp-json\/wp\/v2\/posts\/175093\/revisions"}],"predecessor-version":[{"id":175123,"href":"https:\/\/serbiantimes.info\/en\/wp-json\/wp\/v2\/posts\/175093\/revisions\/175123"}],"wp:featuredmedia":[{"embeddable":true,"href":"https:\/\/serbiantimes.info\/en\/wp-json\/wp\/v2\/media\/171163"}],"wp:attachment":[{"href":"https:\/\/serbiantimes.info\/en\/wp-json\/wp\/v2\/media?parent=175093"}],"wp:term":[{"taxonomy":"category","embeddable":true,"href":"https:\/\/serbiantimes.info\/en\/wp-json\/wp\/v2\/categories?post=175093"},{"taxonomy":"post_tag","embeddable":true,"href":"https:\/\/serbiantimes.info\/en\/wp-json\/wp\/v2\/tags?post=175093"}],"curies":[{"name":"wp","href":"https:\/\/api.w.org\/{rel}","templated":true}]}}