{"id":175028,"date":"2025-04-09T15:34:47","date_gmt":"2025-04-09T13:34:47","guid":{"rendered":"https:\/\/serbiantimes.info\/en\/?p=175028"},"modified":"2025-04-09T15:34:47","modified_gmt":"2025-04-09T13:34:47","slug":"balkan-dream-team-in-los-angeles-lakers-want-to-bring-in-jokic-news-echoed-like-a-bomb","status":"publish","type":"post","link":"https:\/\/serbiantimes.info\/en\/balkan-dream-team-in-los-angeles-lakers-want-to-bring-in-jokic-news-echoed-like-a-bomb\/","title":{"rendered":"BALKAN DREAM TEAM IN LOS ANGELES? Lakers want to bring in Joki\u0107, news echoed like a bomb!"},"content":{"rendered":"\n<p>As soon as the news spread through the NBA league that Michael Malone had been fired, managements immediately began to explore the possibility of hiring Nikola Joki\u0107.<\/p>\n\n\n\n<p>As reported by &#8220;The Athletic,&#8221; the Los Angeles Lakers have already inquired about the situation in which Joki\u0107 and the Nuggets find themselves, so they are now the first favorites to bring him in.<\/p>\n\n\n\n<p>Of course, there is also one big &#8220;but.&#8221; Joki\u0107 has to decide that it&#8217;s time to move on and that Denver agrees to a trade, but the Lakers have already shown interest.<\/p>\n\n\n\n<blockquote class=\"twitter-tweet\"><p lang=\"en\" dir=\"ltr\">The Lakers are the FAVORITES to be Nikola Joki\u0107&#39;s next team in the wake of Nuggets coach Michael Malone getting fired \ud83d\udc40<br><br>\u201cJoki\u0107 has been frustrated with the team\u2019s defensive commitment and performance this season,\u201d according to The Athletic. <a href=\"https:\/\/t.co\/v7XXwdgOqt\">pic.twitter.com\/v7XXwdgOqt<\/a><\/p>&mdash; Basketball Forever (@bballforever_) <a href=\"https:\/\/twitter.com\/bballforever_\/status\/1909757780795572519?ref_src=twsrc%5Etfw\">April 8, 2025<\/a><\/blockquote> <script async src=\"https:\/\/platform.twitter.com\/widgets.js\" charset=\"utf-8\"><\/script>\n\n\n\n<p>&#8220;Joki\u0107 has been frustrated with the team&#8217;s defensive commitment and performances this season,&#8221; stated the post on the famous American portal.<\/p>\n\n\n\n<p>This would mean that the Lakers want to form a super team in which Joki\u0107 would play with Luka Don\u010di\u0107 and LeBron James. It would perhaps be the first time in history that two multiple MVPs (LeBron and Joki\u0107) play on the same team.<\/p>\n\n\n\n<h4 class=\"wp-block-heading\"><mark style=\"background-color:#FFFFFF;color:#d21414\" class=\"has-inline-color\">MORE TOPICS:<\/mark><\/h4>\n\n\n\n<p><strong><a href=\"https:\/\/serbiantimes.info\/en\/his-native-village-does-not-forget-a-mural-with-the-image-of-the-killed-policeman-nikola-krsmanovic-appeared-in-draginac-video\/\" target=\"_blank\" rel=\"noopener\" title=\"\">HIS NATIVE VILLAGE DOES NOT FORGET: A mural with the image of the killed policeman Nikola Krsmanovi\u0107 appeared in Draginac! (VIDEO) &nbsp;<\/a><\/strong><\/p>\n\n\n\n<p><strong><a href=\"https:\/\/serbiantimes.info\/en\/vucic-chose-the-candidate-for-the-composition-of-the-new-government-is-duro-macut-video\/\" target=\"_blank\" rel=\"noopener\" title=\"\">VU\u010cI\u0106 CHOSE: The candidate for the composition of the new Government is \u0110uro Macut (VIDEO)<\/a><\/strong><\/p>\n\n\n\n<p><strong><a href=\"https:\/\/serbiantimes.info\/en\/italian-pianist-expelled-from-serbia-david-played-at-protests-in-nis-police-gave-him-three-days-to-leave-the-country\/\" target=\"_blank\" rel=\"noopener\" title=\"\">ITALIAN PIANIST EXPELLED FROM SERBIA: David played at protests in Ni\u0161, police gave him three days to leave the country!<\/a><\/strong><\/p>\n\n\n\n<p><strong><a href=\"https:\/\/serbiantimes.info\/en\/sound-cannon-thundered-to-scare-them-ceda-jovanovic-didnt-know-he-was-live-on-tv-for-8-minutes-revealed-everything\/\" target=\"_blank\" rel=\"noopener\" title=\"\">\u201cSOUND CANNON THUNDERED TO SCARE THEM\u201d: \u010ceda Jovanovi\u0107 didn\u2019t know he was live on TV for 8 minutes, revealed everything!<\/a><\/strong><\/p>\n\n\n\n<p><strong><a href=\"https:\/\/serbiantimes.info\/en\/drugged-attack-on-police-officers-lawyer-defending-vesic-in-the-canopy-case-tests-positive-for-amphetamines\/\" target=\"_blank\" rel=\"noopener\" title=\"\">DRUGGED ATTACK ON POLICE OFFICERS: Lawyer defending Vesi\u0107 in the \u201ccanopy case\u201d tests positive for amphetamines!<\/a><\/strong><\/p>\n\n\n\n<p><strong>Source<\/strong>: Nova.rs, <strong>Foto<\/strong>: Printscreen X @bballforever_<\/p>\n","protected":false},"excerpt":{"rendered":"<p>As soon as the news spread through the NBA league that Michael Malone had been fired, managements immediately began to explore the possibility of hiring Nikola Joki\u0107. As reported by &#8220;The Athletic,&#8221; the Los Angeles Lakers have already inquired about the situation in which Joki\u0107 and the Nuggets find themselves, so they are now the [&hellip;]<\/p>\n","protected":false},"author":2169,"featured_media":175029,"comment_status":"open","ping_status":"open","sticky":false,"template":"","format":"standard","meta":{"newspack_featured_image_position":"","newspack_post_subtitle":"","newspack_article_summary_title":"Overview:","newspack_article_summary":"","newspack_hide_updated_date":false,"newspack_show_updated_date":false,"footnotes":""},"categories":[10],"tags":[71,1784,249,429,4780,4781,186,187,250,23,91,2527,113],"class_list":["post-175028","post","type-post","status-publish","format-standard","has-post-thumbnail","hentry","category-sport","tag-amerika","tag-denver-nagets","tag-kosarka-2","tag-kosarka","tag-lejkersi","tag-los-andeles-lejkers","tag-luka-doncic","tag-nba-liga","tag-nikola-jokic","tag-sad","tag-sport","tag-srbi-u-nba","tag-srbija","entry"],"aioseo_notices":[],"distributor_meta":false,"distributor_terms":false,"distributor_media":false,"distributor_original_site_name":"Serbiantimes.info EN","distributor_original_site_url":"https:\/\/serbiantimes.info\/en","push-errors":false,"_links":{"self":[{"href":"https:\/\/serbiantimes.info\/en\/wp-json\/wp\/v2\/posts\/175028","targetHints":{"allow":["GET"]}}],"collection":[{"href":"https:\/\/serbiantimes.info\/en\/wp-json\/wp\/v2\/posts"}],"about":[{"href":"https:\/\/serbiantimes.info\/en\/wp-json\/wp\/v2\/types\/post"}],"author":[{"embeddable":true,"href":"https:\/\/serbiantimes.info\/en\/wp-json\/wp\/v2\/users\/2169"}],"replies":[{"embeddable":true,"href":"https:\/\/serbiantimes.info\/en\/wp-json\/wp\/v2\/comments?post=175028"}],"version-history":[{"count":2,"href":"https:\/\/serbiantimes.info\/en\/wp-json\/wp\/v2\/posts\/175028\/revisions"}],"predecessor-version":[{"id":175070,"href":"https:\/\/serbiantimes.info\/en\/wp-json\/wp\/v2\/posts\/175028\/revisions\/175070"}],"wp:featuredmedia":[{"embeddable":true,"href":"https:\/\/serbiantimes.info\/en\/wp-json\/wp\/v2\/media\/175029"}],"wp:attachment":[{"href":"https:\/\/serbiantimes.info\/en\/wp-json\/wp\/v2\/media?parent=175028"}],"wp:term":[{"taxonomy":"category","embeddable":true,"href":"https:\/\/serbiantimes.info\/en\/wp-json\/wp\/v2\/categories?post=175028"},{"taxonomy":"post_tag","embeddable":true,"href":"https:\/\/serbiantimes.info\/en\/wp-json\/wp\/v2\/tags?post=175028"}],"curies":[{"name":"wp","href":"https:\/\/api.w.org\/{rel}","templated":true}]}}