{"id":174864,"date":"2025-04-07T16:00:00","date_gmt":"2025-04-07T14:00:00","guid":{"rendered":"https:\/\/serbiantimes.info\/en\/?p=174864"},"modified":"2025-04-07T16:11:56","modified_gmt":"2025-04-07T14:11:56","slug":"students-arrived-in-bratislava-a-spectacular-welcome-organized-with-a-red-carpet-medals-also-awarded-video","status":"publish","type":"post","link":"https:\/\/serbiantimes.info\/en\/students-arrived-in-bratislava-a-spectacular-welcome-organized-with-a-red-carpet-medals-also-awarded-video\/","title":{"rendered":"STUDENTS ARRIVED IN BRATISLAVA: A spectacular welcome organized with a red carpet, medals also awarded! (VIDEO)"},"content":{"rendered":"\n<p><strong><em>Student cyclists who are on their way to Strasbourg have arrived in Bratislava, where, according to announcements, they will take a slightly longer break.<\/em><\/strong><\/p>\n\n\n\n<blockquote class=\"twitter-tweet\"><p lang=\"und\" dir=\"ltr\">Bratislava, brajko moj \ud83e\udd70 <a href=\"https:\/\/t.co\/EeBrguKtZz\">https:\/\/t.co\/EeBrguKtZz<\/a><\/p>&mdash; Brajko moj (@Sugar_bunny69) <a href=\"https:\/\/twitter.com\/Sugar_bunny69\/status\/1909228459764695148?ref_src=twsrc%5Etfw\">April 7, 2025<\/a><\/blockquote> <script async src=\"https:\/\/platform.twitter.com\/widgets.js\" charset=\"utf-8\"><\/script>\n\n\n\n<p>In the capital of Slovakia, they were welcomed with a red carpet and medals.<\/p>\n\n\n\n<blockquote class=\"twitter-tweet\"><p lang=\"und\" dir=\"ltr\">Bratislava \u010deka&#8230;.\ud83d\udcaa <a href=\"https:\/\/t.co\/npIrBzYKGm\">pic.twitter.com\/npIrBzYKGm<\/a><\/p>&mdash; dr Iggy Penow \ud83c\uddf8\ud83c\uddf0\ud83c\uddf7\ud83c\uddf8 (@colonelsantiago) <a href=\"https:\/\/twitter.com\/colonelsantiago\/status\/1909191762838532246?ref_src=twsrc%5Etfw\">April 7, 2025<\/a><\/blockquote> <script async src=\"https:\/\/platform.twitter.com\/widgets.js\" charset=\"utf-8\"><\/script>\n\n\n\n<p>After resting, they will continue their journey to Vienna, where numerous Serbs living in Austria are expected to greet them.<\/p>\n\n\n\n<blockquote class=\"twitter-tweet\"><p lang=\"und\" dir=\"ltr\">Bratislava sve bli\u017ee a vetar sve ja\u010di\u2026idrzite!! \ud83d\udcaa\ud83d\udc4f\ud83d\udc4f\ud83d\udeb4\u200d\u2642\ufe0f\ud83d\udeb4\u200d\u2642\ufe0f\ud83d\udeb4\u200d\u2642\ufe0f <a href=\"https:\/\/t.co\/KhHERNvh4B\">pic.twitter.com\/KhHERNvh4B<\/a><\/p>&mdash; Dobar Lo\u0161 Vu\u010di\u0107 (@asomakumbrother) <a href=\"https:\/\/twitter.com\/asomakumbrother\/status\/1909221750518280396?ref_src=twsrc%5Etfw\">April 7, 2025<\/a><\/blockquote> <script async src=\"https:\/\/platform.twitter.com\/widgets.js\" charset=\"utf-8\"><\/script>\n\n\n\n<p>Student cyclists and gathered citizens in Bratislava are chanting &#8220;Fulfill the demands.&#8221;<\/p>\n\n\n\n<blockquote class=\"twitter-tweet\"><p lang=\"und\" dir=\"ltr\">Bratislava spremna za do\u010dek studenata na putu za Strazbur uz povike: &quot;Ko ne ska\u010de, taj je \u0107aci&quot; i &quot;Pumpaj&quot; \ud83d\udeb2\ud83c\udf89\ud83d\udca5<br><br>\ud83c\udfa5Marko Risovi\u0107 \/ @kamerades<a href=\"https:\/\/twitter.com\/hashtag\/studentiublokadi?src=hash&amp;ref_src=twsrc%5Etfw\">#studentiublokadi<\/a> <a href=\"https:\/\/twitter.com\/hashtag\/kamerades?src=hash&amp;ref_src=twsrc%5Etfw\">#kamerades<\/a> <a href=\"https:\/\/twitter.com\/hashtag\/bratislava?src=hash&amp;ref_src=twsrc%5Etfw\">#bratislava<\/a> <a href=\"https:\/\/t.co\/z1MfgfbiBu\">pic.twitter.com\/z1MfgfbiBu<\/a><\/p>&mdash; Radars_rs (@RadarsRs) <a href=\"https:\/\/twitter.com\/RadarsRs\/status\/1909222624003059815?ref_src=twsrc%5Etfw\">April 7, 2025<\/a><\/blockquote> <script async src=\"https:\/\/platform.twitter.com\/widgets.js\" charset=\"utf-8\"><\/script>\n\n\n\n<p>&#8220;A phenomenal welcome, I really didn&#8217;t expect such a welcome. The wind was terrible, just like yesterday, but we were able to endure it,&#8221; said Aleksa, a high school student from Vrbas.<\/p>\n\n\n\n<blockquote class=\"twitter-tweet\"><p lang=\"und\" dir=\"ltr\">\ud83c\uddf8\ud83c\uddf0\ud83c\uddf7\ud83c\uddf8Studenti biciklisti stigli u Bratislavu<br>\ud83d\udeb4Do\u010dekani uz crveni tepih i medalje <br>\ud83c\udde6\ud83c\uddf9 Pauza, pa nastavljaju ka Be\u010du <br>\ud83d\udc49<a href=\"https:\/\/t.co\/EeUoxWLgjk\">https:\/\/t.co\/EeUoxWLgjk<\/a> <a href=\"https:\/\/t.co\/K2WIwC0CXZ\">pic.twitter.com\/K2WIwC0CXZ<\/a><\/p>&mdash; BBC NEWS na srpskom (@bbcnasrpskom) <a href=\"https:\/\/twitter.com\/bbcnasrpskom\/status\/1909229057922978049?ref_src=twsrc%5Etfw\">April 7, 2025<\/a><\/blockquote> <script async src=\"https:\/\/platform.twitter.com\/widgets.js\" charset=\"utf-8\"><\/script>\n\n\n\n<p>They also received medals that read &#8220;Bratislava with the students.&#8221;<\/p>\n\n\n\n<blockquote class=\"twitter-tweet\"><p lang=\"und\" dir=\"ltr\">Studenti stigli u Bratislavu\u2665\ufe0f <a href=\"https:\/\/t.co\/7XpiuyIzLC\">pic.twitter.com\/7XpiuyIzLC<\/a><\/p>&mdash; Snezana \u0110eki\u0107 Spaji\u0107 (@snezana_05) <a href=\"https:\/\/twitter.com\/snezana_05\/status\/1909229068001607876?ref_src=twsrc%5Etfw\">April 7, 2025<\/a><\/blockquote> <script async src=\"https:\/\/platform.twitter.com\/widgets.js\" charset=\"utf-8\"><\/script>\n\n\n\n<h3 class=\"wp-block-heading\"><mark style=\"background-color:#FFFFFF;color:#d21414\" class=\"has-inline-color\">MORE TOPICS:<\/mark><\/h3>\n\n\n\n<p><strong><a href=\"https:\/\/serbiantimes.info\/en\/his-native-village-does-not-forget-a-mural-with-the-image-of-the-killed-policeman-nikola-krsmanovic-appeared-in-draginac-video\/\" target=\"_blank\" rel=\"noopener\" title=\"\">HIS NATIVE VILLAGE DOES NOT FORGET: A mural with the image of the killed policeman Nikola Krsmanovi\u0107 appeared in Draginac! (VIDEO) &nbsp;<\/a><\/strong><\/p>\n\n\n\n<p><strong><a href=\"https:\/\/serbiantimes.info\/en\/vucic-chose-the-candidate-for-the-composition-of-the-new-government-is-duro-macut-video\/\" target=\"_blank\" rel=\"noopener\" title=\"\">VU\u010cI\u0106 CHOSE: The candidate for the composition of the new Government is \u0110uro Macut (VIDEO)<\/a><\/strong><\/p>\n\n\n\n<p><strong><a href=\"https:\/\/serbiantimes.info\/en\/italian-pianist-expelled-from-serbia-david-played-at-protests-in-nis-police-gave-him-three-days-to-leave-the-country\/\" target=\"_blank\" rel=\"noopener\" title=\"\">ITALIAN PIANIST EXPELLED FROM SERBIA: David played at protests in Ni\u0161, police gave him three days to leave the country!<\/a><\/strong><\/p>\n\n\n\n<p><strong><a href=\"https:\/\/serbiantimes.info\/en\/sound-cannon-thundered-to-scare-them-ceda-jovanovic-didnt-know-he-was-live-on-tv-for-8-minutes-revealed-everything\/\" target=\"_blank\" rel=\"noopener\" title=\"\">\u201cSOUND CANNON THUNDERED TO SCARE THEM\u201d: \u010ceda Jovanovi\u0107 didn\u2019t know he was live on TV for 8 minutes, revealed everything!<\/a><\/strong><\/p>\n\n\n\n<p><strong><a href=\"https:\/\/serbiantimes.info\/en\/drugged-attack-on-police-officers-lawyer-defending-vesic-in-the-canopy-case-tests-positive-for-amphetamines\/\" target=\"_blank\" rel=\"noopener\" title=\"\">DRUGGED ATTACK ON POLICE OFFICERS: Lawyer defending Vesi\u0107 in the \u201ccanopy case\u201d tests positive for amphetamines!<\/a><\/strong><\/p>\n\n\n\n<p><strong>Source<\/strong>: Serbian Times, <strong>Photo<\/strong>: Printscreen N1<\/p>\n","protected":false},"excerpt":{"rendered":"<p>Student cyclists who are on their way to Strasbourg have arrived in Bratislava, where, according to announcements, they will take a slightly longer break. Bratislava, brajko moj \ud83e\udd70 https:\/\/t.co\/EeBrguKtZz &mdash; Brajko moj (@Sugar_bunny69) April 7, 2025 In the capital of Slovakia, they were welcomed with a red carpet and medals. Bratislava \u010deka&#8230;.\ud83d\udcaa pic.twitter.com\/npIrBzYKGm &mdash; dr [&hellip;]<\/p>\n","protected":false},"author":2169,"featured_media":174865,"comment_status":"open","ping_status":"open","sticky":false,"template":"","format":"standard","meta":{"newspack_featured_image_position":"","newspack_post_subtitle":"","newspack_article_summary_title":"Overview:","newspack_article_summary":"","newspack_hide_updated_date":false,"newspack_show_updated_date":false,"footnotes":""},"categories":[4],"tags":[73,5536,3426,113,5860,2490,5882,4837,3791,5626],"class_list":["post-174864","post","type-post","status-publish","format-standard","has-post-thumbnail","hentry","category-breaking","tag-evropska-unija","tag-protesti-u-srbiji","tag-slovacka","tag-srbija","tag-strazbur","tag-studenti","tag-studenti-biciklisti","tag-studenti-u-blokadi","tag-studentski-protesti","tag-zvucni-top","entry"],"aioseo_notices":[],"distributor_meta":false,"distributor_terms":false,"distributor_media":false,"distributor_original_site_name":"Serbiantimes.info EN","distributor_original_site_url":"https:\/\/serbiantimes.info\/en","push-errors":false,"_links":{"self":[{"href":"https:\/\/serbiantimes.info\/en\/wp-json\/wp\/v2\/posts\/174864","targetHints":{"allow":["GET"]}}],"collection":[{"href":"https:\/\/serbiantimes.info\/en\/wp-json\/wp\/v2\/posts"}],"about":[{"href":"https:\/\/serbiantimes.info\/en\/wp-json\/wp\/v2\/types\/post"}],"author":[{"embeddable":true,"href":"https:\/\/serbiantimes.info\/en\/wp-json\/wp\/v2\/users\/2169"}],"replies":[{"embeddable":true,"href":"https:\/\/serbiantimes.info\/en\/wp-json\/wp\/v2\/comments?post=174864"}],"version-history":[{"count":1,"href":"https:\/\/serbiantimes.info\/en\/wp-json\/wp\/v2\/posts\/174864\/revisions"}],"predecessor-version":[{"id":174888,"href":"https:\/\/serbiantimes.info\/en\/wp-json\/wp\/v2\/posts\/174864\/revisions\/174888"}],"wp:featuredmedia":[{"embeddable":true,"href":"https:\/\/serbiantimes.info\/en\/wp-json\/wp\/v2\/media\/174865"}],"wp:attachment":[{"href":"https:\/\/serbiantimes.info\/en\/wp-json\/wp\/v2\/media?parent=174864"}],"wp:term":[{"taxonomy":"category","embeddable":true,"href":"https:\/\/serbiantimes.info\/en\/wp-json\/wp\/v2\/categories?post=174864"},{"taxonomy":"post_tag","embeddable":true,"href":"https:\/\/serbiantimes.info\/en\/wp-json\/wp\/v2\/tags?post=174864"}],"curies":[{"name":"wp","href":"https:\/\/api.w.org\/{rel}","templated":true}]}}