{"id":173229,"date":"2025-03-27T14:19:37","date_gmt":"2025-03-27T12:19:37","guid":{"rendered":"https:\/\/serbiantimes.info\/en\/?p=173229"},"modified":"2025-03-27T14:19:38","modified_gmt":"2025-03-27T12:19:38","slug":"controversy-of-march-27-anniversary-of-the-uprising-against-the-tripartite-pact-in-the-shadow-of-divided-opinions","status":"publish","type":"post","link":"https:\/\/serbiantimes.info\/en\/controversy-of-march-27-anniversary-of-the-uprising-against-the-tripartite-pact-in-the-shadow-of-divided-opinions\/","title":{"rendered":"CONTROVERSY OF MARCH 27: Anniversary of the uprising against the tripartite pact in the shadow of divided opinions!"},"content":{"rendered":"\n<p class=\"wp-block-paragraph\">By <strong>Slav Dedovi\u0107<\/strong> for Deutsche Welle.<\/p>\n\n\n\n<p class=\"wp-block-paragraph\">In Belgrade, you sometimes drive down a street that changes its name without changing direction. <strong>Du\u0161anova. George Washington Street. March 27 Street.<\/strong><\/p>\n\n\n\n<p class=\"wp-block-paragraph\">And yes, <strong>Queen Maria Street<\/strong>, where in the 1980s I used to go to <strong>Ma\u0161inac<\/strong> for concerts.<\/p>\n\n\n\n<p class=\"wp-block-paragraph\">On the corner of <strong>Dobra\u010dina and Du\u0161anova<\/strong>, I worked for years in the first decade of this millennium, so I know that area well. <strong>Dor\u0107ol<\/strong> (or more precisely, <strong>Dor\u010dol<\/strong>) is divided into two parts\u2014the <strong>bourgeois<\/strong> area above Du\u0161anova and the <strong>hardcore<\/strong> Dor\u0107ol below it, which some claim, perhaps exaggeratedly, is the <strong>only true Dor\u0107ol<\/strong>.<\/p>\n\n\n\n<p class=\"wp-block-paragraph\">When you cross from <strong>14th-century Du\u0161anova<\/strong> into <strong>18th-century Washington Street<\/strong> near <strong>Skadarlija<\/strong>, nothing much changes\u2014until <strong>Takovska<\/strong> marks the transition into <strong>March 27 Street<\/strong>, a <strong>sudden leap into the 20th century<\/strong>.<\/p>\n\n\n\n<figure class=\"wp-block-image size-large\"><img decoding=\"async\" src=\"http:\/\/serbiantimes.info\/wp-content\/uploads\/2021\/03\/Demonstracije-27.-marta-1941.-godine-1024x621.jpg\" alt=\"\" class=\"wp-image-31528\"\/><figcaption class=\"wp-element-caption\">Demonstracije 27. marta 1941. godine \/ Wikimedia Creative Commons<\/figcaption><\/figure>\n\n\n\n<h3 class=\"wp-block-heading\"><strong>Our Coup, Your Coup, Their Coup?<\/strong><\/h3>\n\n\n\n<p class=\"wp-block-paragraph\">March 27, 1941: A group of <strong>pro-Western officers<\/strong> staged a coup, <strong>overthrew the Regency<\/strong> led by Prince <strong>Pavle Kara\u0111or\u0111evi\u0107<\/strong>, declared <strong>Crown Prince Peter Kara\u0111or\u0111evi\u0107 of age<\/strong>, and rendered the recently signed <strong>Tripartite Pact meaningless<\/strong>.<\/p>\n\n\n\n<p class=\"wp-block-paragraph\">Anniversaries force people to ask difficult questions in line with their <strong>historical memory<\/strong>: <strong>What does March 27, 1941, mean to us today?<\/strong><\/p>\n\n\n\n<p class=\"wp-block-paragraph\">During <strong>socialist Yugoslavia<\/strong>, the <strong>communist<\/strong> and <strong>patriotic<\/strong> resistance against the <strong>Tripartite Pact<\/strong> were equated. The truth is, those <strong>pro-Western officers<\/strong> were supported by both <strong>Stalinists<\/strong> and those loyal to <strong>Patriarch Gavrilo Do\u017ei\u0107<\/strong>. After the war, a <strong>myth<\/strong> was added: that Yugoslavia\u2019s coup <strong>delayed Hitler\u2019s attack on the Soviet Union<\/strong>, pushing the <strong>Wehrmacht into the Russian winter<\/strong>, where its <strong>blitzkrieg stalled<\/strong>.<\/p>\n\n\n\n<p class=\"wp-block-paragraph\">Later, the officers behind the coup were both <strong>celebrated and criticized<\/strong>. The <strong>British intelligence influence<\/strong> became more apparent. And then came the <strong>pragmatists<\/strong>, asking: <strong>Wouldn&#8217;t it have been smarter for the fragile Kingdom of Yugoslavia not to provoke Hitler?<\/strong><\/p>\n\n\n\n<p class=\"wp-block-paragraph\">These narratives <strong>stand side by side<\/strong> in Serbia\u2019s <strong>historical collage<\/strong>. Some call this <strong>pluralism<\/strong>, others <strong>chaos<\/strong>. But <strong>what can you do?<\/strong> We prefer <strong>grand myths<\/strong> over <strong>sober historical analysis<\/strong>.<\/p>\n\n\n\n<figure class=\"wp-block-image size-large\"><img decoding=\"async\" src=\"http:\/\/serbiantimes.info\/wp-content\/uploads\/2021\/03\/DusanSImovicPedroIIDeYugoslaviaYKnezevicEnLondres21061941-1024x672.jpg\" alt=\"\" class=\"wp-image-31530\"\/><figcaption class=\"wp-element-caption\">Kralj Petar II Kara\u0111or\u0111evi\u0107 \/ Wikimedia Creative Commons<\/figcaption><\/figure>\n\n\n\n<h3 class=\"wp-block-heading\"><strong>When London Finds You a Soul<\/strong><\/h3>\n\n\n\n<p class=\"wp-block-paragraph\">For the <strong>rest of the world<\/strong>, what did March 27, 1941, mean? The <strong>British popped champagne<\/strong> after the coup. <strong>Winston Churchill famously declared that Yugoslavia had &#8220;found its soul&#8221; again<\/strong>.<\/p>\n\n\n\n<p class=\"wp-block-paragraph\">But I think of <strong>British cynicism<\/strong>\u2014<strong>no military aid<\/strong> to Belgrade, <strong>no diplomatic solutions<\/strong> either. Yugoslavia was allowed to &#8220;find its soul&#8221; <strong>just days before being crushed under Nazi boots<\/strong>\u2014all to <strong>buy time for London and Moscow<\/strong> against Hitler.<\/p>\n\n\n\n<p class=\"wp-block-paragraph\">The <strong>British knew<\/strong> Hitler wanted to <strong>invade Greece<\/strong>, after <strong>Mussolini\u2019s humiliating failure<\/strong>. And Britain couldn&#8217;t let the <strong>Third Reich<\/strong> dominate the <strong>Mediterranean<\/strong>\u2014that would <strong>cut off oil and colonies<\/strong>. So, <strong>58,000 British troops<\/strong> were sent to Greece.<\/p>\n\n\n\n<p class=\"wp-block-paragraph\">A <strong>neutral Yugoslavia<\/strong> was <strong>unacceptable<\/strong> to London. But the <strong>Tripartite Pact signing on March 25 in Vienna<\/strong> was seen as a <strong>direct threat to British interests<\/strong> in the Balkans and Greece. So, British intelligence <strong>activated all its contacts in Belgrade<\/strong>\u2014agents of the <strong>Special Operations Executive (SOE)<\/strong>, who had studied <strong>Harold Temperley\u2019s 1917 &#8220;History of Serbia.&#8221;<\/strong><\/p>\n\n\n\n<p class=\"wp-block-paragraph\">The <strong>British playbook?<\/strong> <strong>&#8220;Just anger the Serbs and push them toward patriotism.&#8221;<\/strong><\/p>\n\n\n\n<figure class=\"wp-block-image size-large\"><img decoding=\"async\" src=\"http:\/\/serbiantimes.info\/wp-content\/uploads\/2021\/03\/\u0420\u0435\u043d\u043e_\u0420-35_\u0443_\u0411\u0435\u043e\u0433\u0440\u0430\u0434\u0443_27._\u043c\u0430\u0440\u0442\u0430_1941-1024x715.jpg\" alt=\"\" class=\"wp-image-31532\"\/><\/figure>\n\n\n\n<h3 class=\"wp-block-heading\"><strong>&#8220;Serbian Conspiratorial Mob&#8221;<\/strong><\/h3>\n\n\n\n<p class=\"wp-block-paragraph\">While the <strong>British toasted with champagne<\/strong>, <strong>Hitler fumed<\/strong>. He hadn&#8217;t anticipated the coup. Already frustrated with <strong>Mussolini\u2019s failures in Greece<\/strong>, the <strong>Belgrade coup was the last straw<\/strong>.<\/p>\n\n\n\n<p class=\"wp-block-paragraph\">Germany couldn&#8217;t invade the <strong>Soviet Union<\/strong> with an <strong>unstable southern front<\/strong>. And with British forces in Greece, the <strong>Romanian oil fields<\/strong>\u2014vital to <strong>Hitler\u2019s war machine<\/strong>\u2014would be within <strong>enemy bombing range<\/strong>.<\/p>\n\n\n\n<p class=\"wp-block-paragraph\">Contrary to the <strong>stereotype of Hitler as an irrational Yugoslav-hater<\/strong>, historical records show he <strong>wanted to win over Yugoslavia without war<\/strong>. He even said that <strong>no price was too high<\/strong> for &#8220;friendly relations&#8221; with Yugoslavia.<\/p>\n\n\n\n<p class=\"wp-block-paragraph\">But the coup <strong>revived his Austro-Hungarian trauma<\/strong>. He called the plotters <strong>&#8220;a Serbian conspiratorial mob&#8221;<\/strong> and vowed to <strong>&#8220;burn that Balkan ulcer to the ground.&#8221;<\/strong><\/p>\n\n\n\n<p class=\"wp-block-paragraph\">That led to <strong>Directive No. 25<\/strong>:<\/p>\n\n\n\n<blockquote class=\"wp-block-quote is-layout-flow wp-block-quote-is-layout-flow\">\n<p class=\"wp-block-paragraph\">&#8220;The coup in Yugoslavia has changed the political situation in the Balkans. Even if Yugoslavia guarantees loyalty, it must be considered an <strong>enemy<\/strong> and <strong>destroyed as quickly as possible.<\/strong>&#8220;<\/p>\n<\/blockquote>\n\n\n\n<p class=\"wp-block-paragraph\">After <strong>March 27<\/strong>, events <strong>spiraled into war.<\/strong><\/p>\n\n\n\n<figure class=\"wp-block-image size-large\"><img decoding=\"async\" src=\"http:\/\/serbiantimes.info\/wp-content\/uploads\/2021\/03\/Macek-polaze-zakletvu-1024x637.jpg\" alt=\"\" class=\"wp-image-31531\"\/><figcaption class=\"wp-element-caption\">Ma\u010dek pola\u017ee zakletvu \/ Wikimedia Creative Commons<\/figcaption><\/figure>\n\n\n\n<h3 class=\"wp-block-heading\"><strong>One Man Tried to Stop It<\/strong><\/h3>\n\n\n\n<p class=\"wp-block-paragraph\">On <strong>March 27<\/strong>, demonstrators <strong>burned German flags<\/strong> in Belgrade, <strong>smashed German offices<\/strong>, and the next day, in <strong>the Orthodox Cathedral, German envoy Viktor von Heeren<\/strong> was <strong>insulted and spat on<\/strong>.<\/p>\n\n\n\n<p class=\"wp-block-paragraph\">Ironically, <strong>von Heeren was the one German official trying to prevent war<\/strong>.<\/p>\n\n\n\n<p class=\"wp-block-paragraph\">Despite <strong>Ribbentrop\u2019s orders<\/strong>, von Heeren maintained <strong>intense contact with the new Yugoslav government<\/strong>. He even <strong>warned them of the upcoming bombing<\/strong> <strong>six days before the April 6 attack<\/strong>. He protested the invasion in Berlin\u2014and for that, he was <strong>removed from duty<\/strong>. His career was <strong>over<\/strong>, and he died in <strong>Bavaria in 1949<\/strong>.<\/p>\n\n\n\n<p class=\"wp-block-paragraph\">He couldn&#8217;t stop <strong>Directive No. 25<\/strong>, nor the <strong>April 6 air raid on Belgrade<\/strong>. But <strong>he tried<\/strong>, sacrificing his <strong>career<\/strong> in the process.<\/p>\n\n\n\n<h4 class=\"wp-block-heading\"><mark style=\"background-color:#FFFFFF;color:#d21414\" class=\"has-inline-color\">FIND OUT MORE IN ENGLISH:<\/mark><\/h4>\n\n\n\n<iframe loading=\"lazy\" src=\"https:\/\/www.facebook.com\/plugins\/post.php?href=https%3A%2F%2Fwww.facebook.com%2Fserbiantimes%2Fposts%2Fpfbid032Bu51LySFSTQm9geVL61d4sx4Co19EqEnT97Ec6Tu9YZB6aobHSTeTZVDiYDij8Ll&#038;show_text=true&#038;width=500\" width=\"500\" height=\"250\" style=\"border:none;overflow:hidden\" scrolling=\"no\" frameborder=\"0\" allowfullscreen=\"true\" allow=\"autoplay; clipboard-write; encrypted-media; picture-in-picture; web-share\"><\/iframe>\n\n\n\n<h3 class=\"wp-block-heading\"><strong>Forgotten in the Shadows<\/strong><\/h3>\n\n\n\n<p class=\"wp-block-paragraph\">The <strong>Air Force General Borivoje Mirkovi\u0107<\/strong> led the coup. Today, he has a <strong>street in Paracani<\/strong>, a town of <strong>600 people<\/strong>, <strong>30 km south of Belgrade<\/strong>.<\/p>\n\n\n\n<p class=\"wp-block-paragraph\">After Yugoslavia\u2019s defeat in April 1941, he <strong>evacuated the royal entourage<\/strong> from <strong>Nik\u0161i\u0107 airfield<\/strong>\u2014with <strong>eight crates of gold<\/strong> in his plane. Shot down by <strong>Greek anti-aircraft fire<\/strong>, he broke <strong>both legs<\/strong>. After the war, he served in the <strong>British Air Force<\/strong> and died in <strong>London in 1969<\/strong>.<\/p>\n\n\n\n<p class=\"wp-block-paragraph\"><strong>General Du\u0161an Simovi\u0107<\/strong> fared slightly better\u2014his name appears on <strong>dead-end streets in Ugrinovci and Bor\u010da<\/strong>. He testified at <strong>Dra\u017ea Mihailovi\u0107\u2019s trial<\/strong> and supported <strong>the Partisan resistance<\/strong>. He died in <strong>Belgrade in 1962<\/strong>. His friend, <strong>Charles de Gaulle<\/strong>, occasionally sent <strong>French diplomats<\/strong> to check on him.<\/p>\n\n\n\n<p class=\"wp-block-paragraph\">The <strong>coup plotters<\/strong> believed they were <strong>saving national honor<\/strong>, correcting <strong>Prince Pavle\u2019s doomed attempts<\/strong> to pick the <strong>&#8220;lesser evil.&#8221;<\/strong> But as soon as they seized power, they <strong>tried to reassure Berlin<\/strong>\u2014too late.<\/p>\n\n\n\n<p class=\"wp-block-paragraph\">Soon, <strong>monarchists, communists, and civilians alike<\/strong> realized that the <strong>British intelligence slogan &#8220;Better grave than slave&#8221;<\/strong> wasn\u2019t a <strong>metaphor<\/strong>\u2014it was a <strong>one-way ticket<\/strong> to a <strong>mass grave.<\/strong><\/p>\n\n\n\n<h4 class=\"wp-block-heading\"><mark style=\"background-color:#FFFFFF;color:#d21414\" class=\"has-inline-color\">MORE TOPICS:<\/mark><\/h4>\n\n\n\n<p class=\"wp-block-paragraph\"><strong><a href=\"https:\/\/serbiantimes.info\/en\/serbian-expert-team-data-indicates-that-nato-deliberately-committed-genocide-in-yugoslavia-in-1999\/\" target=\"_blank\" rel=\"noopener\" title=\"\">SERBIAN EXPERT TEAM: Data indicates that NATO deliberately committed genocide in Yugoslavia in 1999!<\/a><\/strong><\/p>\n\n\n\n<p class=\"wp-block-paragraph\"><strong><a href=\"https:\/\/serbiantimes.info\/en\/beauty-queen-mother-of-six-and-a-heroine-ljiljana-volunteered-in-99-put-on-the-uniform-and-died-defending-kosovo-and-metohija-photo\/\" target=\"_blank\" rel=\"noopener\" title=\"\">BEAUTY QUEEN, MOTHER OF SIX, AND A HEROINE: Ljiljana volunteered in \u201999, put on the uniform, and died defending Kosovo and Metohija! (PHOTO)<\/a><\/strong><\/p>\n\n\n\n<p class=\"wp-block-paragraph\"><strong><a href=\"https:\/\/serbiantimes.info\/en\/you-young-men-wont-die-i-will-milenko-pavlovic-the-pilot-who-flew-to-his-death-and-into-eternity\/\" target=\"_blank\" rel=\"noopener\" title=\"\">\u201cYOU YOUNG MEN WON\u2019T DIE, I WILL!\u201d: Milenko Pavlovi\u0107, the pilot who flew to his death and into eternity!<\/a><\/strong><\/p>\n\n\n\n<p class=\"wp-block-paragraph\"><strong>Source<\/strong><strong>: <\/strong><a href=\"https:\/\/www.dw.com\/sr\/ulicom-27-marta\/a-57015653\" target=\"_blank\" rel=\"noreferrer noopener\">Deutsche Welle<\/a>, <strong>Foto: <\/strong>Wikimedia Creative Commons<\/p>\n","protected":false},"excerpt":{"rendered":"<p>By Slav Dedovi\u0107 for Deutsche Welle. In Belgrade, you sometimes drive down a street that changes its name without changing direction. Du\u0161anova. George Washington Street. March 27 Street. And yes, Queen Maria Street, where in the 1980s I used to go to Ma\u0161inac for concerts. On the corner of Dobra\u010dina and Du\u0161anova, I worked for [&hellip;]<\/p>\n","protected":false},"author":2169,"featured_media":173236,"comment_status":"open","ping_status":"open","sticky":false,"template":"","format":"standard","meta":{"newspack_featured_image_position":"","newspack_post_subtitle":"","newspack_article_summary_title":"Overview:","newspack_article_summary":"","newspack_hide_updated_date":false,"newspack_show_updated_date":false,"footnotes":""},"categories":[11],"tags":[5812,1437,554,317,5813,5814,5815,5816],"class_list":["post-173229","post","type-post","status-publish","format-standard","has-post-thumbnail","hentry","category-history","tag-27-mart","tag-drugi-svetski-rat","tag-istorija-srbije","tag-jugoslavija","tag-martovske-demonstracije","tag-puc-2","tag-srbija-u-drugo","tag-svetskom-ratu","entry"],"aioseo_notices":[],"aioseo_head":"\n\t\t<!-- All in One SEO 5.0.1.1 - aioseo.com -->\n\t<meta name=\"description\" content=\"By Slav Dedovi\u0107 for Deutsche Welle. In Belgrade, you sometimes drive down a street that changes its name without changing direction. Du\u0161anova. George Washington Street. March 27 Street. And yes, Queen Maria Street, where in the 1980s I used to go to Ma\u0161inac for concerts. On the corner of Dobra\u010dina and Du\u0161anova, I worked for\" \/>\n\t<meta name=\"robots\" content=\"max-image-preview:large\" \/>\n\t<meta name=\"author\" content=\"Serbian Times\"\/>\n\t<link rel=\"canonical\" href=\"https:\/\/serbiantimes.info\/en\/controversy-of-march-27-anniversary-of-the-uprising-against-the-tripartite-pact-in-the-shadow-of-divided-opinions\/\" \/>\n\t<meta name=\"generator\" content=\"All in One SEO (AIOSEO) 5.0.1.1\" \/>\n\t\t<meta property=\"og:locale\" content=\"en_US\" \/>\n\t\t<meta property=\"og:site_name\" content=\"Serbiantimes.info EN |\" \/>\n\t\t<meta property=\"og:type\" content=\"article\" \/>\n\t\t<meta property=\"og:title\" content=\"CONTROVERSY OF MARCH 27: Anniversary of the uprising against the tripartite pact in the shadow of divided opinions! | Serbiantimes.info EN\" \/>\n\t\t<meta property=\"og:description\" content=\"By Slav Dedovi\u0107 for Deutsche Welle. In Belgrade, you sometimes drive down a street that changes its name without changing direction. Du\u0161anova. George Washington Street. March 27 Street. And yes, Queen Maria Street, where in the 1980s I used to go to Ma\u0161inac for concerts. On the corner of Dobra\u010dina and Du\u0161anova, I worked for\" \/>\n\t\t<meta property=\"og:url\" content=\"https:\/\/serbiantimes.info\/en\/controversy-of-march-27-anniversary-of-the-uprising-against-the-tripartite-pact-in-the-shadow-of-divided-opinions\/\" \/>\n\t\t<meta property=\"og:image\" content=\"https:\/\/serbiantimes.info\/en\/wp-content\/uploads\/sites\/2\/2025\/03\/Demonstracije_u_Beogradu_st.jpg\" \/>\n\t\t<meta property=\"og:image:secure_url\" content=\"https:\/\/serbiantimes.info\/en\/wp-content\/uploads\/sites\/2\/2025\/03\/Demonstracije_u_Beogradu_st.jpg\" \/>\n\t\t<meta property=\"og:image:width\" content=\"1200\" \/>\n\t\t<meta property=\"og:image:height\" content=\"750\" \/>\n\t\t<meta property=\"article:published_time\" content=\"2025-03-27T12:19:37+00:00\" \/>\n\t\t<meta property=\"article:modified_time\" content=\"2025-03-27T12:19:38+00:00\" \/>\n\t\t<meta name=\"twitter:card\" content=\"summary_large_image\" \/>\n\t\t<meta name=\"twitter:title\" content=\"CONTROVERSY OF MARCH 27: Anniversary of the uprising against the tripartite pact in the shadow of divided opinions! | Serbiantimes.info EN\" \/>\n\t\t<meta name=\"twitter:description\" content=\"By Slav Dedovi\u0107 for Deutsche Welle. In Belgrade, you sometimes drive down a street that changes its name without changing direction. Du\u0161anova. George Washington Street. March 27 Street. And yes, Queen Maria Street, where in the 1980s I used to go to Ma\u0161inac for concerts. On the corner of Dobra\u010dina and Du\u0161anova, I worked for\" \/>\n\t\t<meta name=\"twitter:image\" content=\"https:\/\/serbiantimes.info\/en\/wp-content\/uploads\/sites\/2\/2025\/03\/Demonstracije_u_Beogradu_st.jpg\" \/>\n\t\t<script type=\"application\/ld+json\" class=\"aioseo-schema\">\n\t\t\t{\"@context\":\"https:\\\/\\\/schema.org\",\"@graph\":[{\"@type\":\"BlogPosting\",\"@id\":\"https:\\\/\\\/serbiantimes.info\\\/en\\\/controversy-of-march-27-anniversary-of-the-uprising-against-the-tripartite-pact-in-the-shadow-of-divided-opinions\\\/#blogposting\",\"name\":\"CONTROVERSY OF MARCH 27: Anniversary of the uprising against the tripartite pact in the shadow of divided opinions! | Serbiantimes.info EN\",\"headline\":\"CONTROVERSY OF MARCH 27: Anniversary of the uprising against the tripartite pact in the shadow of divided opinions!\",\"author\":{\"@id\":\"https:\\\/\\\/serbiantimes.info\\\/en\\\/author\\\/serbiantimes-portal\\\/#author\"},\"publisher\":{\"@id\":\"https:\\\/\\\/serbiantimes.info\\\/en\\\/#organization\"},\"image\":{\"@type\":\"ImageObject\",\"url\":\"https:\\\/\\\/serbiantimes.info\\\/en\\\/wp-content\\\/uploads\\\/sites\\\/2\\\/2025\\\/03\\\/Demonstracije_u_Beogradu_st.jpg\",\"width\":1200,\"height\":750,\"caption\":\"Demonstracije 27. marta 1941. godine \\\/ Wikimedia Creative Commons\"},\"datePublished\":\"2025-03-27T14:19:37+02:00\",\"dateModified\":\"2025-03-27T14:19:38+02:00\",\"inLanguage\":\"en-US\",\"mainEntityOfPage\":{\"@id\":\"https:\\\/\\\/serbiantimes.info\\\/en\\\/controversy-of-march-27-anniversary-of-the-uprising-against-the-tripartite-pact-in-the-shadow-of-divided-opinions\\\/#webpage\"},\"isPartOf\":{\"@id\":\"https:\\\/\\\/serbiantimes.info\\\/en\\\/controversy-of-march-27-anniversary-of-the-uprising-against-the-tripartite-pact-in-the-shadow-of-divided-opinions\\\/#webpage\"},\"articleSection\":\"HISTORY, 27. mart, Drugi svetski rat, istorija srbije, Jugoslavija, martovske demonstracije, Pu\\u010d, srbija u drugo, svetskom ratu\"},{\"@type\":\"BreadcrumbList\",\"@id\":\"https:\\\/\\\/serbiantimes.info\\\/en\\\/controversy-of-march-27-anniversary-of-the-uprising-against-the-tripartite-pact-in-the-shadow-of-divided-opinions\\\/#breadcrumblist\",\"itemListElement\":[{\"@type\":\"ListItem\",\"@id\":\"https:\\\/\\\/serbiantimes.info\\\/en#listItem\",\"position\":1,\"name\":\"Home\",\"item\":\"https:\\\/\\\/serbiantimes.info\\\/en\",\"nextItem\":{\"@type\":\"ListItem\",\"@id\":\"https:\\\/\\\/serbiantimes.info\\\/en\\\/category\\\/history\\\/#listItem\",\"name\":\"HISTORY\"}},{\"@type\":\"ListItem\",\"@id\":\"https:\\\/\\\/serbiantimes.info\\\/en\\\/category\\\/history\\\/#listItem\",\"position\":2,\"name\":\"HISTORY\",\"item\":\"https:\\\/\\\/serbiantimes.info\\\/en\\\/category\\\/history\\\/\",\"nextItem\":{\"@type\":\"ListItem\",\"@id\":\"https:\\\/\\\/serbiantimes.info\\\/en\\\/controversy-of-march-27-anniversary-of-the-uprising-against-the-tripartite-pact-in-the-shadow-of-divided-opinions\\\/#listItem\",\"name\":\"CONTROVERSY OF MARCH 27: Anniversary of the uprising against the tripartite pact in the shadow of divided opinions!\"},\"previousItem\":{\"@type\":\"ListItem\",\"@id\":\"https:\\\/\\\/serbiantimes.info\\\/en#listItem\",\"name\":\"Home\"}},{\"@type\":\"ListItem\",\"@id\":\"https:\\\/\\\/serbiantimes.info\\\/en\\\/controversy-of-march-27-anniversary-of-the-uprising-against-the-tripartite-pact-in-the-shadow-of-divided-opinions\\\/#listItem\",\"position\":3,\"name\":\"CONTROVERSY OF MARCH 27: Anniversary of the uprising against the tripartite pact in the shadow of divided opinions!\",\"previousItem\":{\"@type\":\"ListItem\",\"@id\":\"https:\\\/\\\/serbiantimes.info\\\/en\\\/category\\\/history\\\/#listItem\",\"name\":\"HISTORY\"}}]},{\"@type\":\"Organization\",\"@id\":\"https:\\\/\\\/serbiantimes.info\\\/en\\\/#organization\",\"name\":\"Serbiantimes.info EN\",\"url\":\"https:\\\/\\\/serbiantimes.info\\\/en\\\/\",\"logo\":{\"@type\":\"ImageObject\",\"url\":\"https:\\\/\\\/serbiantimes.info\\\/en\\\/wp-content\\\/uploads\\\/sites\\\/2\\\/2024\\\/10\\\/cropped-cropped-Serbian-Times-Header-Logo-1.png\",\"@id\":\"https:\\\/\\\/serbiantimes.info\\\/en\\\/controversy-of-march-27-anniversary-of-the-uprising-against-the-tripartite-pact-in-the-shadow-of-divided-opinions\\\/#organizationLogo\",\"width\":480,\"height\":100},\"image\":{\"@id\":\"https:\\\/\\\/serbiantimes.info\\\/en\\\/controversy-of-march-27-anniversary-of-the-uprising-against-the-tripartite-pact-in-the-shadow-of-divided-opinions\\\/#organizationLogo\"}},{\"@type\":\"Person\",\"@id\":\"https:\\\/\\\/serbiantimes.info\\\/en\\\/author\\\/serbiantimes-portal\\\/#author\",\"url\":\"https:\\\/\\\/serbiantimes.info\\\/en\\\/author\\\/serbiantimes-portal\\\/\",\"name\":\"Serbian Times\",\"image\":{\"@type\":\"ImageObject\",\"@id\":\"https:\\\/\\\/serbiantimes.info\\\/en\\\/controversy-of-march-27-anniversary-of-the-uprising-against-the-tripartite-pact-in-the-shadow-of-divided-opinions\\\/#authorImage\",\"url\":\"https:\\\/\\\/secure.gravatar.com\\\/avatar\\\/ea76e009769270b4193e2bc7e032c096b4ae135483ec03b396fd0f520bc3dcfd?s=96&d=mm&r=g\",\"width\":96,\"height\":96,\"caption\":\"Serbian Times\"}},{\"@type\":\"WebPage\",\"@id\":\"https:\\\/\\\/serbiantimes.info\\\/en\\\/controversy-of-march-27-anniversary-of-the-uprising-against-the-tripartite-pact-in-the-shadow-of-divided-opinions\\\/#webpage\",\"url\":\"https:\\\/\\\/serbiantimes.info\\\/en\\\/controversy-of-march-27-anniversary-of-the-uprising-against-the-tripartite-pact-in-the-shadow-of-divided-opinions\\\/\",\"name\":\"CONTROVERSY OF MARCH 27: Anniversary of the uprising against the tripartite pact in the shadow of divided opinions! | Serbiantimes.info EN\",\"description\":\"By Slav Dedovi\\u0107 for Deutsche Welle. In Belgrade, you sometimes drive down a street that changes its name without changing direction. Du\\u0161anova. George Washington Street. March 27 Street. And yes, Queen Maria Street, where in the 1980s I used to go to Ma\\u0161inac for concerts. On the corner of Dobra\\u010dina and Du\\u0161anova, I worked for\",\"inLanguage\":\"en-US\",\"isPartOf\":{\"@id\":\"https:\\\/\\\/serbiantimes.info\\\/en\\\/#website\"},\"breadcrumb\":{\"@id\":\"https:\\\/\\\/serbiantimes.info\\\/en\\\/controversy-of-march-27-anniversary-of-the-uprising-against-the-tripartite-pact-in-the-shadow-of-divided-opinions\\\/#breadcrumblist\"},\"author\":{\"@id\":\"https:\\\/\\\/serbiantimes.info\\\/en\\\/author\\\/serbiantimes-portal\\\/#author\"},\"creator\":{\"@id\":\"https:\\\/\\\/serbiantimes.info\\\/en\\\/author\\\/serbiantimes-portal\\\/#author\"},\"image\":{\"@type\":\"ImageObject\",\"url\":\"https:\\\/\\\/serbiantimes.info\\\/en\\\/wp-content\\\/uploads\\\/sites\\\/2\\\/2025\\\/03\\\/Demonstracije_u_Beogradu_st.jpg\",\"@id\":\"https:\\\/\\\/serbiantimes.info\\\/en\\\/controversy-of-march-27-anniversary-of-the-uprising-against-the-tripartite-pact-in-the-shadow-of-divided-opinions\\\/#mainImage\",\"width\":1200,\"height\":750,\"caption\":\"Demonstracije 27. marta 1941. godine \\\/ Wikimedia Creative Commons\"},\"primaryImageOfPage\":{\"@id\":\"https:\\\/\\\/serbiantimes.info\\\/en\\\/controversy-of-march-27-anniversary-of-the-uprising-against-the-tripartite-pact-in-the-shadow-of-divided-opinions\\\/#mainImage\"},\"datePublished\":\"2025-03-27T14:19:37+02:00\",\"dateModified\":\"2025-03-27T14:19:38+02:00\"},{\"@type\":\"WebSite\",\"@id\":\"https:\\\/\\\/serbiantimes.info\\\/en\\\/#website\",\"url\":\"https:\\\/\\\/serbiantimes.info\\\/en\\\/\",\"name\":\"Serbiantimes.info EN\",\"inLanguage\":\"en-US\",\"publisher\":{\"@id\":\"https:\\\/\\\/serbiantimes.info\\\/en\\\/#organization\"}}]}\n\t\t<\/script>\n\t\t<!-- All in One SEO -->\n\n","aioseo_head_json":{"title":"CONTROVERSY OF MARCH 27: Anniversary of the uprising against the tripartite pact in the shadow of divided opinions! | Serbiantimes.info EN","description":"By Slav Dedovi\u0107 for Deutsche Welle. In Belgrade, you sometimes drive down a street that changes its name without changing direction. Du\u0161anova. George Washington Street. March 27 Street. And yes, Queen Maria Street, where in the 1980s I used to go to Ma\u0161inac for concerts. On the corner of Dobra\u010dina and Du\u0161anova, I worked for","canonical_url":"https:\/\/serbiantimes.info\/en\/controversy-of-march-27-anniversary-of-the-uprising-against-the-tripartite-pact-in-the-shadow-of-divided-opinions\/","robots":"max-image-preview:large","keywords":"","webmasterTools":{"miscellaneous":""},"schema":{"@context":"https:\/\/schema.org","@graph":[{"@type":"BlogPosting","@id":"https:\/\/serbiantimes.info\/en\/controversy-of-march-27-anniversary-of-the-uprising-against-the-tripartite-pact-in-the-shadow-of-divided-opinions\/#blogposting","name":"CONTROVERSY OF MARCH 27: Anniversary of the uprising against the tripartite pact in the shadow of divided opinions! | Serbiantimes.info EN","headline":"CONTROVERSY OF MARCH 27: Anniversary of the uprising against the tripartite pact in the shadow of divided opinions!","author":{"@id":"https:\/\/serbiantimes.info\/en\/author\/serbiantimes-portal\/#author"},"publisher":{"@id":"https:\/\/serbiantimes.info\/en\/#organization"},"image":{"@type":"ImageObject","url":"https:\/\/serbiantimes.info\/en\/wp-content\/uploads\/sites\/2\/2025\/03\/Demonstracije_u_Beogradu_st.jpg","width":1200,"height":750,"caption":"Demonstracije 27. marta 1941. godine \/ Wikimedia Creative Commons"},"datePublished":"2025-03-27T14:19:37+02:00","dateModified":"2025-03-27T14:19:38+02:00","inLanguage":"en-US","mainEntityOfPage":{"@id":"https:\/\/serbiantimes.info\/en\/controversy-of-march-27-anniversary-of-the-uprising-against-the-tripartite-pact-in-the-shadow-of-divided-opinions\/#webpage"},"isPartOf":{"@id":"https:\/\/serbiantimes.info\/en\/controversy-of-march-27-anniversary-of-the-uprising-against-the-tripartite-pact-in-the-shadow-of-divided-opinions\/#webpage"},"articleSection":"HISTORY, 27. mart, Drugi svetski rat, istorija srbije, Jugoslavija, martovske demonstracije, Pu\u010d, srbija u drugo, svetskom ratu"},{"@type":"BreadcrumbList","@id":"https:\/\/serbiantimes.info\/en\/controversy-of-march-27-anniversary-of-the-uprising-against-the-tripartite-pact-in-the-shadow-of-divided-opinions\/#breadcrumblist","itemListElement":[{"@type":"ListItem","@id":"https:\/\/serbiantimes.info\/en#listItem","position":1,"name":"Home","item":"https:\/\/serbiantimes.info\/en","nextItem":{"@type":"ListItem","@id":"https:\/\/serbiantimes.info\/en\/category\/history\/#listItem","name":"HISTORY"}},{"@type":"ListItem","@id":"https:\/\/serbiantimes.info\/en\/category\/history\/#listItem","position":2,"name":"HISTORY","item":"https:\/\/serbiantimes.info\/en\/category\/history\/","nextItem":{"@type":"ListItem","@id":"https:\/\/serbiantimes.info\/en\/controversy-of-march-27-anniversary-of-the-uprising-against-the-tripartite-pact-in-the-shadow-of-divided-opinions\/#listItem","name":"CONTROVERSY OF MARCH 27: Anniversary of the uprising against the tripartite pact in the shadow of divided opinions!"},"previousItem":{"@type":"ListItem","@id":"https:\/\/serbiantimes.info\/en#listItem","name":"Home"}},{"@type":"ListItem","@id":"https:\/\/serbiantimes.info\/en\/controversy-of-march-27-anniversary-of-the-uprising-against-the-tripartite-pact-in-the-shadow-of-divided-opinions\/#listItem","position":3,"name":"CONTROVERSY OF MARCH 27: Anniversary of the uprising against the tripartite pact in the shadow of divided opinions!","previousItem":{"@type":"ListItem","@id":"https:\/\/serbiantimes.info\/en\/category\/history\/#listItem","name":"HISTORY"}}]},{"@type":"Organization","@id":"https:\/\/serbiantimes.info\/en\/#organization","name":"Serbiantimes.info EN","url":"https:\/\/serbiantimes.info\/en\/","logo":{"@type":"ImageObject","url":"https:\/\/serbiantimes.info\/en\/wp-content\/uploads\/sites\/2\/2024\/10\/cropped-cropped-Serbian-Times-Header-Logo-1.png","@id":"https:\/\/serbiantimes.info\/en\/controversy-of-march-27-anniversary-of-the-uprising-against-the-tripartite-pact-in-the-shadow-of-divided-opinions\/#organizationLogo","width":480,"height":100},"image":{"@id":"https:\/\/serbiantimes.info\/en\/controversy-of-march-27-anniversary-of-the-uprising-against-the-tripartite-pact-in-the-shadow-of-divided-opinions\/#organizationLogo"}},{"@type":"Person","@id":"https:\/\/serbiantimes.info\/en\/author\/serbiantimes-portal\/#author","url":"https:\/\/serbiantimes.info\/en\/author\/serbiantimes-portal\/","name":"Serbian Times","image":{"@type":"ImageObject","@id":"https:\/\/serbiantimes.info\/en\/controversy-of-march-27-anniversary-of-the-uprising-against-the-tripartite-pact-in-the-shadow-of-divided-opinions\/#authorImage","url":"https:\/\/secure.gravatar.com\/avatar\/ea76e009769270b4193e2bc7e032c096b4ae135483ec03b396fd0f520bc3dcfd?s=96&d=mm&r=g","width":96,"height":96,"caption":"Serbian Times"}},{"@type":"WebPage","@id":"https:\/\/serbiantimes.info\/en\/controversy-of-march-27-anniversary-of-the-uprising-against-the-tripartite-pact-in-the-shadow-of-divided-opinions\/#webpage","url":"https:\/\/serbiantimes.info\/en\/controversy-of-march-27-anniversary-of-the-uprising-against-the-tripartite-pact-in-the-shadow-of-divided-opinions\/","name":"CONTROVERSY OF MARCH 27: Anniversary of the uprising against the tripartite pact in the shadow of divided opinions! | Serbiantimes.info EN","description":"By Slav Dedovi\u0107 for Deutsche Welle. In Belgrade, you sometimes drive down a street that changes its name without changing direction. Du\u0161anova. George Washington Street. March 27 Street. And yes, Queen Maria Street, where in the 1980s I used to go to Ma\u0161inac for concerts. On the corner of Dobra\u010dina and Du\u0161anova, I worked for","inLanguage":"en-US","isPartOf":{"@id":"https:\/\/serbiantimes.info\/en\/#website"},"breadcrumb":{"@id":"https:\/\/serbiantimes.info\/en\/controversy-of-march-27-anniversary-of-the-uprising-against-the-tripartite-pact-in-the-shadow-of-divided-opinions\/#breadcrumblist"},"author":{"@id":"https:\/\/serbiantimes.info\/en\/author\/serbiantimes-portal\/#author"},"creator":{"@id":"https:\/\/serbiantimes.info\/en\/author\/serbiantimes-portal\/#author"},"image":{"@type":"ImageObject","url":"https:\/\/serbiantimes.info\/en\/wp-content\/uploads\/sites\/2\/2025\/03\/Demonstracije_u_Beogradu_st.jpg","@id":"https:\/\/serbiantimes.info\/en\/controversy-of-march-27-anniversary-of-the-uprising-against-the-tripartite-pact-in-the-shadow-of-divided-opinions\/#mainImage","width":1200,"height":750,"caption":"Demonstracije 27. marta 1941. godine \/ Wikimedia Creative Commons"},"primaryImageOfPage":{"@id":"https:\/\/serbiantimes.info\/en\/controversy-of-march-27-anniversary-of-the-uprising-against-the-tripartite-pact-in-the-shadow-of-divided-opinions\/#mainImage"},"datePublished":"2025-03-27T14:19:37+02:00","dateModified":"2025-03-27T14:19:38+02:00"},{"@type":"WebSite","@id":"https:\/\/serbiantimes.info\/en\/#website","url":"https:\/\/serbiantimes.info\/en\/","name":"Serbiantimes.info EN","inLanguage":"en-US","publisher":{"@id":"https:\/\/serbiantimes.info\/en\/#organization"}}]},"og:locale":"en_US","og:site_name":"Serbiantimes.info EN |","og:type":"article","og:title":"CONTROVERSY OF MARCH 27: Anniversary of the uprising against the tripartite pact in the shadow of divided opinions! | Serbiantimes.info EN","og:description":"By Slav Dedovi\u0107 for Deutsche Welle. In Belgrade, you sometimes drive down a street that changes its name without changing direction. Du\u0161anova. George Washington Street. March 27 Street. And yes, Queen Maria Street, where in the 1980s I used to go to Ma\u0161inac for concerts. On the corner of Dobra\u010dina and Du\u0161anova, I worked for","og:url":"https:\/\/serbiantimes.info\/en\/controversy-of-march-27-anniversary-of-the-uprising-against-the-tripartite-pact-in-the-shadow-of-divided-opinions\/","og:image":"https:\/\/serbiantimes.info\/en\/wp-content\/uploads\/sites\/2\/2025\/03\/Demonstracije_u_Beogradu_st.jpg","og:image:secure_url":"https:\/\/serbiantimes.info\/en\/wp-content\/uploads\/sites\/2\/2025\/03\/Demonstracije_u_Beogradu_st.jpg","og:image:width":1200,"og:image:height":750,"article:published_time":"2025-03-27T12:19:37+00:00","article:modified_time":"2025-03-27T12:19:38+00:00","twitter:card":"summary_large_image","twitter:title":"CONTROVERSY OF MARCH 27: Anniversary of the uprising against the tripartite pact in the shadow of divided opinions! | Serbiantimes.info EN","twitter:description":"By Slav Dedovi\u0107 for Deutsche Welle. In Belgrade, you sometimes drive down a street that changes its name without changing direction. Du\u0161anova. George Washington Street. March 27 Street. And yes, Queen Maria Street, where in the 1980s I used to go to Ma\u0161inac for concerts. On the corner of Dobra\u010dina and Du\u0161anova, I worked for","twitter:image":"https:\/\/serbiantimes.info\/en\/wp-content\/uploads\/sites\/2\/2025\/03\/Demonstracije_u_Beogradu_st.jpg"},"aioseo_meta_data":{"post_id":"173229","title":null,"description":null,"keywords":null,"keyphrases":{"focus":{"keyphrase":"","score":0,"analysis":{"keyphraseInTitle":{"score":0,"maxScore":9,"error":1}}},"additional":[]},"primary_term":null,"canonical_url":null,"og_title":null,"og_description":null,"og_object_type":"default","og_image_type":"default","og_image_url":null,"og_image_width":null,"og_image_height":null,"og_image_custom_url":null,"og_image_custom_fields":null,"og_video":"","og_custom_url":null,"og_article_section":null,"og_article_tags":null,"twitter_use_og":false,"twitter_card":"default","twitter_image_type":"default","twitter_image_url":null,"twitter_image_custom_url":null,"twitter_image_custom_fields":null,"twitter_title":null,"twitter_description":null,"schema":{"blockGraphs":[],"customGraphs":[],"default":{"data":{"Article":[],"Course":[],"Dataset":[],"FAQPage":[],"Movie":[],"Person":[],"Product":[],"ProductReview":[],"Car":[],"Recipe":[],"Service":[],"SoftwareApplication":[],"WebPage":[]},"graphName":"BlogPosting","isEnabled":true},"graphs":[]},"schema_type":"default","schema_type_options":null,"pillar_content":false,"robots_default":true,"robots_noindex":false,"robots_noarchive":false,"robots_nosnippet":false,"robots_nofollow":false,"robots_noimageindex":false,"robots_noodp":false,"robots_notranslate":false,"robots_max_snippet":"-1","robots_max_videopreview":"-1","robots_max_imagepreview":"large","priority":null,"frequency":"default","local_seo":null,"breadcrumb_settings":null,"limit_modified_date":false,"ai":null,"created":"2025-03-27 12:07:42","updated":"2025-06-26 18:01:05","focus_keyword":null,"additional_keywords":null,"truseo_locale":null,"seo_analyzer_scan_date":null},"aioseo_breadcrumb":"<div class=\"aioseo-breadcrumbs\"><span class=\"aioseo-breadcrumb\">\n\t\t\t<a href=\"https:\/\/serbiantimes.info\/en\" title=\"Home\">Home<\/a>\n\t\t<\/span><span class=\"aioseo-breadcrumb-separator\">&raquo;<\/span><span class=\"aioseo-breadcrumb\">\n\t\t\t<a href=\"https:\/\/serbiantimes.info\/en\/category\/history\/\" title=\"HISTORY\">HISTORY<\/a>\n\t\t<\/span><span class=\"aioseo-breadcrumb-separator\">&raquo;<\/span><span class=\"aioseo-breadcrumb\">\n\t\t\tCONTROVERSY OF MARCH 27: Anniversary of the uprising against the tripartite pact in the shadow of divided opinions!\n\t\t<\/span><\/div>","aioseo_breadcrumb_json":[{"label":"Home","link":"https:\/\/serbiantimes.info\/en"},{"label":"HISTORY","link":"https:\/\/serbiantimes.info\/en\/category\/history\/"},{"label":"CONTROVERSY OF MARCH 27: Anniversary of the uprising against the tripartite pact in the shadow of divided opinions!","link":"https:\/\/serbiantimes.info\/en\/controversy-of-march-27-anniversary-of-the-uprising-against-the-tripartite-pact-in-the-shadow-of-divided-opinions\/"}],"distributor_meta":false,"distributor_terms":false,"distributor_media":false,"distributor_original_site_name":"Serbiantimes.info EN","distributor_original_site_url":"https:\/\/serbiantimes.info\/en","push-errors":false,"_links":{"self":[{"href":"https:\/\/serbiantimes.info\/en\/wp-json\/wp\/v2\/posts\/173229","targetHints":{"allow":["GET"]}}],"collection":[{"href":"https:\/\/serbiantimes.info\/en\/wp-json\/wp\/v2\/posts"}],"about":[{"href":"https:\/\/serbiantimes.info\/en\/wp-json\/wp\/v2\/types\/post"}],"author":[{"embeddable":true,"href":"https:\/\/serbiantimes.info\/en\/wp-json\/wp\/v2\/users\/2169"}],"replies":[{"embeddable":true,"href":"https:\/\/serbiantimes.info\/en\/wp-json\/wp\/v2\/comments?post=173229"}],"version-history":[{"count":2,"href":"https:\/\/serbiantimes.info\/en\/wp-json\/wp\/v2\/posts\/173229\/revisions"}],"predecessor-version":[{"id":173292,"href":"https:\/\/serbiantimes.info\/en\/wp-json\/wp\/v2\/posts\/173229\/revisions\/173292"}],"wp:featuredmedia":[{"embeddable":true,"href":"https:\/\/serbiantimes.info\/en\/wp-json\/wp\/v2\/media\/173236"}],"wp:attachment":[{"href":"https:\/\/serbiantimes.info\/en\/wp-json\/wp\/v2\/media?parent=173229"}],"wp:term":[{"taxonomy":"category","embeddable":true,"href":"https:\/\/serbiantimes.info\/en\/wp-json\/wp\/v2\/categories?post=173229"},{"taxonomy":"post_tag","embeddable":true,"href":"https:\/\/serbiantimes.info\/en\/wp-json\/wp\/v2\/tags?post=173229"}],"curies":[{"name":"wp","href":"https:\/\/api.w.org\/{rel}","templated":true}]}}