{"id":171996,"date":"2025-03-20T14:45:03","date_gmt":"2025-03-20T12:45:03","guid":{"rendered":"https:\/\/serbiantimes.info\/en\/?p=171996"},"modified":"2025-03-20T14:45:04","modified_gmt":"2025-03-20T12:45:04","slug":"big-names-on-the-list-world-academics-and-nobel-laureates-demand-investigation-into-the-use-of-sound-cannon-at-the-protest-in-belgrade","status":"publish","type":"post","link":"https:\/\/serbiantimes.info\/en\/big-names-on-the-list-world-academics-and-nobel-laureates-demand-investigation-into-the-use-of-sound-cannon-at-the-protest-in-belgrade\/","title":{"rendered":"BIG NAMES ON THE LIST: World academics and Nobel laureates demand investigation into the use of sound cannon at the protest in Belgrade!"},"content":{"rendered":"\n<p>More than 1,000 professors from around the world, including some of the most famous names in the global academic community, have supported their colleagues and students in Serbia, expressing deep concern about violent incidents during the March 15 protest in Belgrade, including &#8220;exposure to non-lethal weapons that resulted in injuries and pain&#8221;.<\/p>\n\n\n\n<p>See ON THIS LINK who has signed the appeal for aid to Serbian students and professors.<\/p>\n\n\n\n<p>We are transmitting their appeal in its entirety:<\/p>\n\n\n\n<p>&#8220;We express our deepest concern about the violent incidents during student protests in Belgrade, where peaceful demonstrators, including students and professors, were exposed to non-lethal means, resulting in injuries and severe distress.<\/p>\n\n\n\n<p>Reports of an unexplained, powerful sound disturbance that caused mass panic and stampede among those gathered raise alarming questions about the tactics used against peaceful citizens exercising their basic rights. This unlawful and intentional use of means designed to cause fear, confusion, and chaos at a public gathering constitutes a serious violation of human rights, including the right to peaceful assembly, the right to physical integrity, and, ultimately, the right to life.<\/p>\n\n\n\n<p>Student protests erupted in response to the tragic collapse of a canopy, which claimed 15 lives \u2013 a disaster that illustrates the consequences of systemic corruption, institutional breakdown, and lack of accountability. Their demand for the rule of law and functional institutions is not only justified but also crucial for preventing future tragedies and ensuring a just and responsible system of governance.<\/p>\n\n\n\n<h4 class=\"wp-block-heading\"><mark style=\"background-color:#FFFFFF;color:#d21414\" class=\"has-inline-color\">FIND OUT MORE IN ENGLISH:<\/mark><\/h4>\n\n\n\n<iframe loading=\"lazy\" src=\"https:\/\/www.facebook.com\/plugins\/post.php?href=https%3A%2F%2Fwww.facebook.com%2Fserbiantimes%2Fposts%2Fpfbid02UU99N5xANtiQciJzita8KjqFfR1vMF28fNvck5f1vqgQVJZMpKeRacN52R1A1xC5l&#038;show_text=true&#038;width=500\" width=\"500\" height=\"250\" style=\"border:none;overflow:hidden\" scrolling=\"no\" frameborder=\"0\" allowfullscreen=\"true\" allow=\"autoplay; clipboard-write; encrypted-media; picture-in-picture; web-share\"><\/iframe>\n\n\n\n<p>In addition to these disturbing events, we strongly condemn the intimidation and smear campaign directed against the rector of the University of Belgrade. The targeted attacks on the rector, who stood up for academic integrity and student rights, have escalated into an open campaign led by pro-regime public figures, calling for his arrest. This blatant attempt at intimidation is part of a broader effort to silence critical voices in higher education and undermine the autonomy of academic institutions.<\/p>\n\n\n\n<p>We call on the Serbian authorities to conduct an immediate and transparent investigation into the events during the protest, to bring to justice those responsible for the unlawful use of means against demonstrators, and to ensure the safety of students, academic staff, and all citizens who express themselves peacefully.<\/p>\n\n\n\n<p>We stand in solidarity with our colleagues and students in Serbia and call on universities, research institutions, and academic networks around the world to join us in condemning these actions and reaffirming our shared commitment to fundamental human rights.&#8221;<\/p>\n\n\n\n<p>The list currently includes more than 1,130 names from around the world, including Nobel laureates, from the USA to European Union countries and Great Britain, to Brazil and South Africa.<\/p>\n\n\n\n<p>Among them are Nancy Fraser, \u00c9tienne Balibar, Judith Butler, as well as Thomas Piketty, one of the greatest economists of today and a professor at the \u00c9cole des hautes \u00e9tudes en sciences sociales (EHESS) and at the \u00c9cole d&#8217;\u00e9conomie de Paris (Paris School of Economics).<\/p>\n\n\n\n<p>The appeal was also supported by philosophers Slavoj \u017di\u017eek and Jacques Ranci\u00e8re.<\/p>\n\n\n\n<p>The list includes the winner of the 2022 Nobel Prize in Literature, Annie Ernaux.<\/p>\n\n\n\n<h4 class=\"wp-block-heading\"><mark style=\"background-color:#FFFFFF;color:#d21414\" class=\"has-inline-color\">MORE TOPICS:<\/mark><\/h4>\n\n\n\n<p><strong><a href=\"https:\/\/serbiantimes.info\/en\/brutal-and-illegal-use-of-force-students-demand-responsibility-for-the-use-of-a-sound-cannon-at-the-protest\/\" target=\"_blank\" rel=\"noopener\" title=\"\">\u201cBRUTAL AND ILLEGAL USE OF FORCE\u201d: Students demand responsibility for the use of a sound cannon at the protest!<\/a><\/strong><\/p>\n\n\n\n<p><strong><a href=\"https:\/\/serbiantimes.info\/en\/transferred-by-the-serbian-army-twelve-injured-in-the-kocani-fire-arrive-in-belgrade-for-treatment\/\" target=\"_blank\" rel=\"noopener\" title=\"\">TRANSFERRED BY THE SERBIAN ARMY: Twelve injured in the Ko\u010dani fire arrive in Belgrade for treatment!<\/a><\/strong><\/p>\n\n\n\n<p><strong><a href=\"https:\/\/serbiantimes.info\/en\/lest-we-forget-the-march-pogrom-in-kosovo-was-deadly-for-many-serbs-while-thousands-got-expelled\/\" target=\"_blank\" rel=\"noopener\" title=\"\">LEST WE FORGET: The March pogrom in Kosovo was deadly for many Serbs, while thousands got expelled!<\/a><\/strong><\/p>\n\n\n\n<p><strong><a href=\"https:\/\/serbiantimes.info\/en\/german-journalist-on-the-sound-cannon-at-the-protest-for-about-half-an-hour-i-felt-dizzy-and-inner-unrest\/\" target=\"_blank\" rel=\"noopener\" title=\"\">GERMAN JOURNALIST ON THE SOUND CANNON AT THE PROTEST: For about half an hour I felt dizzy and inner unrest!<\/a><\/strong><\/p>\n\n\n\n<p><strong><a href=\"https:\/\/serbiantimes.info\/en\/due-to-the-unprecedented-tragedy-in-kocani-north-macedonia-declares-seven-days-of-mourning\/\" target=\"_blank\" rel=\"noopener\" title=\"\">DUE TO THE UNPRECEDENTED TRAGEDY IN KO\u010cANI: North Macedonia declares seven days of mourning!<\/a><\/strong><\/p>\n\n\n\n<p><strong>Source<\/strong>: N1, <strong>Foto<\/strong>: Nobel Prize (Cl\u00e9ment Morin); New Statesman (Sebastian Nevols); Alamy<\/p>\n\n\n\n<p><\/p>\n","protected":false},"excerpt":{"rendered":"<p>More than 1,000 professors from around the world, including some of the most famous names in the global academic community, have supported their colleagues and students in Serbia, expressing deep concern about violent incidents during the March 15 protest in Belgrade, including &#8220;exposure to non-lethal weapons that resulted in injuries and pain&#8221;. See ON THIS [&hellip;]<\/p>\n","protected":false},"author":2169,"featured_media":171997,"comment_status":"open","ping_status":"open","sticky":false,"template":"","format":"standard","meta":{"newspack_featured_image_position":"","newspack_post_subtitle":"","newspack_article_summary_title":"Overview:","newspack_article_summary":"","newspack_hide_updated_date":false,"newspack_show_updated_date":false,"footnotes":""},"categories":[7],"tags":[5572,5573,5680,5681,253,5553,5410,1519,760,2661,762,5536,5682,113,4837,5683,5626],"class_list":["post-171996","post","type-post","status-publish","format-standard","has-post-thumbnail","hentry","category-serbia","tag-15-mart-2","tag-15-za-15","tag-akademici","tag-ani-erno","tag-beograd","tag-drustvo","tag-filozofija","tag-istraga","tag-knjizevnost","tag-kultura","tag-nobelova-nagrada","tag-protesti-u-srbiji","tag-slavoj-zizek-2","tag-srbija","tag-studenti-u-blokadi","tag-tomas-piketi","tag-zvucni-top","entry"],"aioseo_notices":[],"distributor_meta":false,"distributor_terms":false,"distributor_media":false,"distributor_original_site_name":"Serbiantimes.info EN","distributor_original_site_url":"https:\/\/serbiantimes.info\/en","push-errors":false,"_links":{"self":[{"href":"https:\/\/serbiantimes.info\/en\/wp-json\/wp\/v2\/posts\/171996","targetHints":{"allow":["GET"]}}],"collection":[{"href":"https:\/\/serbiantimes.info\/en\/wp-json\/wp\/v2\/posts"}],"about":[{"href":"https:\/\/serbiantimes.info\/en\/wp-json\/wp\/v2\/types\/post"}],"author":[{"embeddable":true,"href":"https:\/\/serbiantimes.info\/en\/wp-json\/wp\/v2\/users\/2169"}],"replies":[{"embeddable":true,"href":"https:\/\/serbiantimes.info\/en\/wp-json\/wp\/v2\/comments?post=171996"}],"version-history":[{"count":1,"href":"https:\/\/serbiantimes.info\/en\/wp-json\/wp\/v2\/posts\/171996\/revisions"}],"predecessor-version":[{"id":172021,"href":"https:\/\/serbiantimes.info\/en\/wp-json\/wp\/v2\/posts\/171996\/revisions\/172021"}],"wp:featuredmedia":[{"embeddable":true,"href":"https:\/\/serbiantimes.info\/en\/wp-json\/wp\/v2\/media\/171997"}],"wp:attachment":[{"href":"https:\/\/serbiantimes.info\/en\/wp-json\/wp\/v2\/media?parent=171996"}],"wp:term":[{"taxonomy":"category","embeddable":true,"href":"https:\/\/serbiantimes.info\/en\/wp-json\/wp\/v2\/categories?post=171996"},{"taxonomy":"post_tag","embeddable":true,"href":"https:\/\/serbiantimes.info\/en\/wp-json\/wp\/v2\/tags?post=171996"}],"curies":[{"name":"wp","href":"https:\/\/api.w.org\/{rel}","templated":true}]}}