{"id":171821,"date":"2025-03-19T18:13:07","date_gmt":"2025-03-19T16:13:07","guid":{"rendered":"https:\/\/serbiantimes.info\/en\/?p=171821"},"modified":"2025-03-19T18:13:08","modified_gmt":"2025-03-19T16:13:08","slug":"cyrillic-was-once-defended-with-life-these-teachers-said-no-to-the-latin-alphabet-and-thus-saved-serbian-heroic-songs","status":"publish","type":"post","link":"https:\/\/serbiantimes.info\/en\/cyrillic-was-once-defended-with-life-these-teachers-said-no-to-the-latin-alphabet-and-thus-saved-serbian-heroic-songs\/","title":{"rendered":"CYRILLIC WAS ONCE DEFENDED WITH LIFE: These teachers said &#8220;no&#8221; to the Latin alphabet and thus saved Serbian heroic songs!"},"content":{"rendered":"\n<p>Who knows if anyone would have mentioned, let alone dedicated any of their work to the memory of the sacrifice of 14 distinguished teachers from Bjelopavli\u0107i, who 97 years ago paid with their lives for the defense of the Serbian language and Cyrillic script, if it weren&#8217;t for Nik\u0161i\u0107 professor of Serbian language Veselin Matovi\u0107. Matovi\u0107&#8217;s book &#8220;Cyrillic and Latinogorica&#8221; has just been published, between whose covers this event was found, as well as others from recent times that speak of the &#8220;chasing&#8221; of the Serbian language and script in Montenegro.<\/p>\n\n\n\n<p>And there is no one more qualified to write about this, because in 2004 the professor and his wife Radmila and 24 other colleagues from Nik\u0161i\u0107 and one from Herceg Novi, lost their jobs when they stood up for the defense of the Serbian language and Cyrillic script.<\/p>\n\n\n\n<p>&#8220;After the introduction of military administration, the occupier, at the beginning of 1916, introduced special measures in Montenegro in education. It was ordered that the Latin alphabet be introduced into Montenegrin schools instead of the Cyrillic alphabet, and that heroic and patriotic songs and Serbian history be removed from the curricula. A group of teachers from Bjelopavli\u0107i, fourteen of them, resolutely opposed this by resigning from service, for which they were soon arrested and placed under military court,&#8221; says Professor Matovi\u0107.<\/p>\n\n\n\n<p>The resignations they signed at the military command in Podgorica, on October 19, 1916, explained it this way:<\/p>\n\n\n\n<p>&#8220;Cyrillic is the Serbian history-artery, the aorta of Serbian nationalism, and we are ready to be Serbian teachers and we will not be anational. To remain consistent with the call of a Serbian teacher in Montenegro, we are honored to inform the command that with this we are resigning from our current duty.&#8221;<\/p>\n\n\n\n<h4 class=\"wp-block-heading\"><mark style=\"background-color:#FFFFFF;color:#d21414\" class=\"has-inline-color\">FIND OUT MORE IN ENGLISH:<\/mark><\/h4>\n\n\n\n<iframe loading=\"lazy\" src=\"https:\/\/www.facebook.com\/plugins\/post.php?href=https%3A%2F%2Fwww.facebook.com%2Fserbiantimes%2Fposts%2Fpfbid02Dz6ZPvtdX9yRPYCuRwLNVbRKiveMcTGRCxjynL4dtJfAMS4Pwa1zWbPXRWsGDdpvl&#038;show_text=true&#038;width=500\" width=\"500\" height=\"558\" style=\"border:none;overflow:hidden\" scrolling=\"no\" frameborder=\"0\" allowfullscreen=\"true\" allow=\"autoplay; clipboard-write; encrypted-media; picture-in-picture; web-share\"><\/iframe>\n\n\n\n<p>After a two-and-a-half-month investigation, sentences were handed down to them, as well as to three of their alleged instigators, lawyers: Nikola Dragovi\u0107, Marko Jovi\u0107evi\u0107 and Radovan Bo\u0161kovi\u0107. The participants in the rebellion were: Vuksan Radovi\u0107, Savo \u0110urovi\u0107 and Velizar \u0110uranovi\u0107, who were released after serving a three-month sentence, while eleven of them (sentenced to four or five months in prison): Ilija Miju\u0161kovi\u0107, Tripko Brajovi\u0107, Andrija Dragovi\u0107, Savo Jovovi\u0107, Tomo Dragovi\u0107, Radovan Popovi\u0107, Miladin Vujadinovi\u0107, Novo Vu\u010dini\u0107, Bla\u017eo Radonji\u0107, Cvetko Stani\u0161i\u0107 and Jak\u0161a Brajovi\u0107, were interned in the Hungarian camp &#8220;Boldogason&#8221;, and later in &#8220;Ne\u017eider&#8221;, where they remained until the end of the First World War.<\/p>\n\n\n\n<p>Unfortunately, not many archival documents have been preserved about this event, although worthy of being included in the most beautiful examples of &#8220;manliness and heroism&#8221;, and everything that is known about it comes mainly from the diaries of two of its participants: Jak\u0161a Brajovi\u0107 and Toma Dragovi\u0107, which are owned by their descendants. The rebellion was preceded by two gatherings of Bjelopavli\u0107i teachers in Danilovgrad, at which there was disagreement about the method of resistance (by resigning from service).<\/p>\n\n\n\n<p>Older teachers, except for Ilija Miju\u0161kovi\u0107, did not agree with any resistance, and loyally accepted the obligations required by the new program rules, motivating this by the basic obligation of teachers to educate young generations. In contrast to them, fourteen young and newly graduated teachers, not wanting to serve the enemy, although lonely, firmly decide to resign. &nbsp;<\/p>\n\n\n\n<figure class=\"wp-block-image size-large is-resized\"><img decoding=\"async\" src=\"http:\/\/serbiantimes.info\/wp-content\/uploads\/2020\/09\/IMG_9341-e1545349080164.jpeg\" alt=\"\" class=\"wp-image-20076\" style=\"width:639px;height:358px\"\/><figcaption class=\"wp-element-caption\">\u010cIRILI\u010cNO PISMO:  Matica srpske istorije, nasle\u0111a i prosvetiteljstva<\/figcaption><\/figure>\n\n\n\n<p>A clerk in the command was a Serb from Vojvodina. He tried to dissuade the young teachers from resigning:<\/p>\n\n\n\n<p>&#8220;I am a Serb. I am the son of an Orthodox priest. I wish you and your people well. You will be shot immediately,&#8221; said the clerk.<\/p>\n\n\n\n<p>However, the teachers stood their ground. Giving up the rebellion meant a secure existence and, under occupation, even a fairly comfortable life, that is, a secure civil service and &#8220;special identifications&#8221; that protected them from internment and compulsory work.<\/p>\n\n\n\n<p>&#8220;These brave people decide not to give in, believing that whoever wants to remain consistent with the call of a Serbian teacher must not, under any circumstances, call into question the vowed values of their ancestors \u2013 the Cyrillic alphabet and national history,&#8221; emphasizes our interlocutor. We see this from the testimony of Savo Jovovi\u0107:<\/p>\n\n\n\n<p>&#8220;I agreed to perform the duties of a public school teacher under the administration of the imperial and royal authorities, believing that the former elementary school program would remain in place. By order, Cyrillic, Serbian history and the singing of national songs are removed from teaching. Cyrillic script contains all the cultural traces of our people, and not teaching national history would mean renouncing the past, present and future. I am honored to inform the command that with this I am resigning from my current duty.&#8221;<\/p>\n\n\n\n<p>It is similar in Jak\u0161a Brajovi\u0107&#8217;s record:<\/p>\n\n\n\n<p>&#8220;All textbooks have been changed, except for religious education and mathematics, and they were also printed in Latin. When I received this act, I wrote my resignation and went to Danilovgrad to hand it in at the local command. I was a teacher in Gostinje.<\/p>\n\n\n\n<p>They slept on the bare floor without any bedding, constantly under surveillance and with the threat that they would be hanged. After the verdict was pronounced (done at night) they were transferred to the Cetinje prison, and from there deported to &#8220;Boldogason&#8221;. Teacher Brajovi\u0107 tried to escape three times, but was caught every time.<\/p>\n\n\n\n<h4 class=\"wp-block-heading\"><mark style=\"background-color:#FFFFFF;color:#d21414\" class=\"has-inline-color\">FIND OUT MORE: <\/mark><\/h4>\n\n\n\n<iframe loading=\"lazy\" src=\"https:\/\/www.facebook.com\/plugins\/post.php?href=https%3A%2F%2Fwww.facebook.com%2Fserbiantimes%2Fposts%2Fpfbid0zeZWzS6wt1M42GYAwH4kW9pckyLFsd4HPZYWHw2zZnTq3zfwok2C2ZSCUZfZf8B7l&#038;show_text=true&#038;width=500\" width=\"500\" height=\"250\" style=\"border:none;overflow:hidden\" scrolling=\"no\" frameborder=\"0\" allowfullscreen=\"true\" allow=\"autoplay; clipboard-write; encrypted-media; picture-in-picture; web-share\"><\/iframe>\n\n\n\n<p>During the trial (the president of the court was a Czech, his name was Slavik), the investigator, a Croat, asked Brajovi\u0107:<\/p>\n\n\n\n<p>&#8220;Why don&#8217;t you want this school program, it is also used in Croatian schools&#8221;?<\/p>\n\n\n\n<p>Brajovi\u0107 replied:<\/p>\n\n\n\n<p>&#8220;You accepted that program because you are slaves. We are not slaves, we are an occupied country. If you were free, your readers would contain songs about your greats \u2013 \u0160trosmajer, Zrinjski, Frankopan, Gubec and others, and not about Austrian archdukes and Habsburg dukes.&#8221;<\/p>\n\n\n\n<p>In June 1916, a group of teachers from Ulcinj, who opposed the request of local Muslims and Catholics to open a separate school for their children, was also interned, which was contrary to Montenegrin law.<\/p>\n\n\n\n<p>According to that law, which was passed in the National Assembly and confirmed by King Nikola in 1907, children of permanent citizens of Montenegro could not attend schools with a foreign language of instruction until they completed a Serbian public school. &nbsp;<\/p>\n\n\n\n<h4 class=\"wp-block-heading\"><mark style=\"background-color:#FFFFFF;color:#d21414\" class=\"has-inline-color\">MORE TOPICS:<\/mark><\/h4>\n\n\n\n<p><strong><a href=\"https:\/\/serbiantimes.info\/en\/brutal-and-illegal-use-of-force-students-demand-responsibility-for-the-use-of-a-sound-cannon-at-the-protest\/\" target=\"_blank\" rel=\"noopener\" title=\"\">\u201cBRUTAL AND ILLEGAL USE OF FORCE\u201d: Students demand responsibility for the use of a sound cannon at the protest!<\/a><\/strong><\/p>\n\n\n\n<p><strong><a href=\"https:\/\/serbiantimes.info\/en\/transferred-by-the-serbian-army-twelve-injured-in-the-kocani-fire-arrive-in-belgrade-for-treatment\/\" target=\"_blank\" rel=\"noopener\" title=\"\">TRANSFERRED BY THE SERBIAN ARMY: Twelve injured in the Ko\u010dani fire arrive in Belgrade for treatment!<\/a><\/strong><\/p>\n\n\n\n<p><strong><a href=\"https:\/\/serbiantimes.info\/en\/lest-we-forget-the-march-pogrom-in-kosovo-was-deadly-for-many-serbs-while-thousands-got-expelled\/\" target=\"_blank\" rel=\"noopener\" title=\"\">LEST WE FORGET: The March pogrom in Kosovo was deadly for many Serbs, while thousands got expelled!<\/a><\/strong><\/p>\n\n\n\n<p><strong><a href=\"https:\/\/serbiantimes.info\/en\/german-journalist-on-the-sound-cannon-at-the-protest-for-about-half-an-hour-i-felt-dizzy-and-inner-unrest\/\" target=\"_blank\" rel=\"noopener\" title=\"\">GERMAN JOURNALIST ON THE SOUND CANNON AT THE PROTEST: For about half an hour I felt dizzy and inner unrest!<\/a><\/strong><\/p>\n\n\n\n<p><strong><a href=\"https:\/\/serbiantimes.info\/en\/due-to-the-unprecedented-tragedy-in-kocani-north-macedonia-declares-seven-days-of-mourning\/\" target=\"_blank\" rel=\"noopener\" title=\"\">DUE TO THE UNPRECEDENTED TRAGEDY IN KO\u010cANI: North Macedonia declares seven days of mourning!<\/a><\/strong><\/p>\n\n\n\n<p><strong>Source<\/strong>: Milorad \u0110o\u0161i\u0107, Koreni, <strong>Foto<\/strong>: Wikipedia<\/p>\n","protected":false},"excerpt":{"rendered":"<p>Who knows if anyone would have mentioned, let alone dedicated any of their work to the memory of the sacrifice of 14 distinguished teachers from Bjelopavli\u0107i, who 97 years ago paid with their lives for the defense of the Serbian language and Cyrillic script, if it weren&#8217;t for Nik\u0161i\u0107 professor of Serbian language Veselin Matovi\u0107. [&hellip;]<\/p>\n","protected":false},"author":2169,"featured_media":171824,"comment_status":"open","ping_status":"open","sticky":false,"template":"","format":"standard","meta":{"newspack_featured_image_position":"","newspack_post_subtitle":"","newspack_article_summary_title":"Overview:","newspack_article_summary":"","newspack_hide_updated_date":false,"newspack_show_updated_date":false,"footnotes":""},"categories":[11],"tags":[5673,158,159,554,1153,5674,5675],"class_list":["post-171821","post","type-post","status-publish","format-standard","has-post-thumbnail","hentry","category-history","tag-bjelopavlici","tag-cirilica","tag-crna-gora","tag-istorija-srbije","tag-srpsko-kulturno-naslede","tag-srpsko-pismo","tag-veselin-matovic","entry"],"aioseo_notices":[],"distributor_meta":false,"distributor_terms":false,"distributor_media":false,"distributor_original_site_name":"Serbiantimes.info EN","distributor_original_site_url":"https:\/\/serbiantimes.info\/en","push-errors":false,"_links":{"self":[{"href":"https:\/\/serbiantimes.info\/en\/wp-json\/wp\/v2\/posts\/171821","targetHints":{"allow":["GET"]}}],"collection":[{"href":"https:\/\/serbiantimes.info\/en\/wp-json\/wp\/v2\/posts"}],"about":[{"href":"https:\/\/serbiantimes.info\/en\/wp-json\/wp\/v2\/types\/post"}],"author":[{"embeddable":true,"href":"https:\/\/serbiantimes.info\/en\/wp-json\/wp\/v2\/users\/2169"}],"replies":[{"embeddable":true,"href":"https:\/\/serbiantimes.info\/en\/wp-json\/wp\/v2\/comments?post=171821"}],"version-history":[{"count":2,"href":"https:\/\/serbiantimes.info\/en\/wp-json\/wp\/v2\/posts\/171821\/revisions"}],"predecessor-version":[{"id":171850,"href":"https:\/\/serbiantimes.info\/en\/wp-json\/wp\/v2\/posts\/171821\/revisions\/171850"}],"wp:featuredmedia":[{"embeddable":true,"href":"https:\/\/serbiantimes.info\/en\/wp-json\/wp\/v2\/media\/171824"}],"wp:attachment":[{"href":"https:\/\/serbiantimes.info\/en\/wp-json\/wp\/v2\/media?parent=171821"}],"wp:term":[{"taxonomy":"category","embeddable":true,"href":"https:\/\/serbiantimes.info\/en\/wp-json\/wp\/v2\/categories?post=171821"},{"taxonomy":"post_tag","embeddable":true,"href":"https:\/\/serbiantimes.info\/en\/wp-json\/wp\/v2\/tags?post=171821"}],"curies":[{"name":"wp","href":"https:\/\/api.w.org\/{rel}","templated":true}]}}